{"id":181456,"date":"2025-06-16T18:25:29","date_gmt":"2025-06-16T18:25:29","guid":{"rendered":"https:\/\/www.europesays.com\/fr\/181456\/"},"modified":"2025-06-16T18:25:29","modified_gmt":"2025-06-16T18:25:29","slug":"grenoble-les-policiers-font-une-decouverte-inquietante-dans-une-classe-de-cette-ecole","status":"publish","type":"post","link":"https:\/\/www.europesays.com\/fr\/181456\/","title":{"rendered":"Grenoble. Les policiers font une d\u00e9couverte inqui\u00e9tante dans une classe de cette \u00e9cole"},"content":{"rendered":"<p>            Par<br \/>\n        <strong><br \/>\n            <a href=\"https:\/\/actu.fr\/auteur\/lisa-rodrigues\" title=\"Consulter tous les articles de Lisa Rodrigues\" target=\"_blank\" rel=\"noopener\">Lisa Rodrigues<\/a><br \/>\n        <\/strong><\/p>\n<p>        Publi\u00e9 le<\/p>\n<p>            16 juin 2025 \u00e0 18h17        <\/p>\n<p>Dr\u00f4le de d\u00e9couverte, lundi 16 juin au matin, dans cet \u00e9tablissement scolaire d\u2019<a href=\"https:\/\/actu.fr\/auvergne-rhone-alpes\/echirolles_38151\" target=\"_blank\" rel=\"noopener\">\u00c9chirolles<\/a>, pr\u00e8s de Grenoble.<\/p>\n<p class=\" wall-content\">\u00c0 7 heures, avant le d\u00e9but des cours, <strong>un impact de balle<\/strong> est rep\u00e9r\u00e9 par les forces de l\u2019ordre dans une vitre de l\u2019\u00e9cole primaire Auguste-Delaune.<\/p>\n<p>    <a href=\"https:\/\/www.google.com\/maps\/embed?pb=!1m18!1m12!1m3!1d1407.169253409301!2d5.714180460833574!3d45.13973882646768!2m3!1f0!2f0!3f0!3m2!1i1024!2i768!4f13.1!3m3!1m2!1s0x478a8b4250a6e801%3A0x50c39b60b00a5bd!2sEcole%20Primaire%20Auguste%20Delaune!5e0!3m2!1sfr!2sfr!4v1750089719535!5m2!1sfr!2sfr\" title=\"Ouvrie le lien\" target=\"_blank\" rel=\"noopener\">Cliquez ici pour visualiser le contenu<\/a><\/p>\n<p class=\" wall-content\">Une ogive (la partie mobile de la balle), <strong>de calibre 9 mm<\/strong>, est \u00e9galement r\u00e9cup\u00e9r\u00e9e dans l\u2019une des classes de l\u2019\u00e9cole.<\/p>\n<p>La cr\u00e8che voisine \u00e9galement touch\u00e9e<\/p>\n<p class=\" wall-content\">Lors de l\u2019inspection des lieux, les policiers vont \u00e9galement rep\u00e9rer <strong>deux autres impacts<\/strong> de balle dans le b\u00e2timent de la cr\u00e8che voisine des Lucioles. Cette fois-ci, ni douille, ni ogive ne sont retrouv\u00e9es.<\/p>\n<p>Vid\u00e9os : en ce moment sur Actu<\/p>\n<p class=\" wall-content\"><strong>Aucun coup de feu<\/strong> n\u2019a \u00e9t\u00e9 entendu ce lundi matin dans le secteur, selon la Direction interd\u00e9partementale de la police nationale. Une enqu\u00eate a \u00e9t\u00e9 ouverte pour tenter de d\u00e9terminer l\u2019origine des impacts de balle.<\/p>\n<p class=\" wall-content\">Suivez toute l\u2019actualit\u00e9 de vos villes et m\u00e9dias favoris en vous inscrivant \u00e0 <a href=\"https:\/\/moncompte.actu.fr\" title=\"D\u00e9couvez Mon Actu\" rel=\"nofollow noopener\" data-trk=\"{&quot;cta&quot;:{&quot;action&quot;:&quot;https:\\\/\\\/moncompte.actu.fr&quot;,&quot;category&quot;:&quot;mon compte&quot;,&quot;from&quot;:&quot;article footer&quot;,&quot;name&quot;:&quot;Mon actu&quot;,&quot;type&quot;:&quot;cta&quot;}}\" target=\"_blank\">Mon Actu<\/a>.<\/p>\n","protected":false},"excerpt":{"rendered":"Par Lisa Rodrigues Publi\u00e9 le 16 juin 2025 \u00e0 18h17 Dr\u00f4le de d\u00e9couverte, lundi 16 juin au matin,&hellip;\n","protected":false},"author":2,"featured_media":181457,"comment_status":"","ping_status":"","sticky":false,"template":"","format":"standard","meta":{"footnotes":""},"categories":[9566],"tags":[1111,11,2430,4019,1777,674,118,1011,27,2731,12,1072,25],"class_list":{"0":"post-181456","1":"post","2":"type-post","3":"status-publish","4":"format-standard","5":"has-post-thumbnail","7":"category-grenoble","8":"tag-actu","9":"tag-actualites","10":"tag-auvergne-rhone-alpes","11":"tag-ecoles","12":"tag-eu","13":"tag-europe","14":"tag-faits-divers","15":"tag-fr","16":"tag-france","17":"tag-grenoble","18":"tag-news","19":"tag-police","20":"tag-republique-francaise"},"share_on_mastodon":{"url":"https:\/\/pubeurope.com\/@fr\/114694450383926003","error":""},"_links":{"self":[{"href":"https:\/\/www.europesays.com\/fr\/wp-json\/wp\/v2\/posts\/181456","targetHints":{"allow":["GET"]}}],"collection":[{"href":"https:\/\/www.europesays.com\/fr\/wp-json\/wp\/v2\/posts"}],"about":[{"href":"https:\/\/www.europesays.com\/fr\/wp-json\/wp\/v2\/types\/post"}],"author":[{"embeddable":true,"href":"https:\/\/www.europesays.com\/fr\/wp-json\/wp\/v2\/users\/2"}],"replies":[{"embeddable":true,"href":"https:\/\/www.europesays.com\/fr\/wp-json\/wp\/v2\/comments?post=181456"}],"version-history":[{"count":0,"href":"https:\/\/www.europesays.com\/fr\/wp-json\/wp\/v2\/posts\/181456\/revisions"}],"wp:featuredmedia":[{"embeddable":true,"href":"https:\/\/www.europesays.com\/fr\/wp-json\/wp\/v2\/media\/181457"}],"wp:attachment":[{"href":"https:\/\/www.europesays.com\/fr\/wp-json\/wp\/v2\/media?parent=181456"}],"wp:term":[{"taxonomy":"category","embeddable":true,"href":"https:\/\/www.europesays.com\/fr\/wp-json\/wp\/v2\/categories?post=181456"},{"taxonomy":"post_tag","embeddable":true,"href":"https:\/\/www.europesays.com\/fr\/wp-json\/wp\/v2\/tags?post=181456"}],"curies":[{"name":"wp","href":"https:\/\/api.w.org\/{rel}","templated":true}]}}