{"id":181458,"date":"2025-06-16T18:26:10","date_gmt":"2025-06-16T18:26:10","guid":{"rendered":"https:\/\/www.europesays.com\/fr\/181458\/"},"modified":"2025-06-16T18:26:10","modified_gmt":"2025-06-16T18:26:10","slug":"pour-les-municipales-a-rennes-les-insoumis-veulent-lunion-de-la-gauche-mais-surtout-avec-les-ecologistes","status":"publish","type":"post","link":"https:\/\/www.europesays.com\/fr\/181458\/","title":{"rendered":"Pour les municipales \u00e0 Rennes, les Insoumis veulent l\u2019union de la gauche&#8230; mais surtout avec les \u00c9cologistes"},"content":{"rendered":"<p>C\u2019est ce qu\u2019on appelle une premi\u00e8re approche. Ce lundi 16 juin 2025, les deux co-chefs de file de La France Insoumise aux municipales \u00e0 Rennes en 2026, Marie Mesmeur, d\u00e9put\u00e9e de la 1re circonscription d\u2019Ille-et-Vilaine et Gw\u00e9nol\u00e9 Bourr\u00e9e, ancien collaborateur parlementaire de Louis Boyard et ex-Union pirate, ont lanc\u00e9 leur campagne, et notamment de s\u00e9duction, aupr\u00e8s des mouvements de gauche rennais. \u00ab On a \u00e9crit un courrier individuel \u00e0 chaque parti du Nouveau front populaire pour leur demander de se mettre autour de la table \u00bb, affirme Marie Mesmeur.<\/p>\n<p>Chaque parti qui a form\u00e9 l\u2019accord du NFP aux derni\u00e8res l\u00e9gislatives, socialistes, \u00e9cologistes et communistes, a donc \u00e9t\u00e9 appel\u00e9 \u00e0 l\u2019union. Certains avec plus de convictions que d\u2019autres. Pour les Insoumis, qui ont fait de Rennes l\u2019une de leurs cibles au niveau national, une alliance avec Les \u00c9cologistes est l\u2019objectif num\u00e9ro un. \u00ab La porte est particuli\u00e8rement ouverte aux \u00c9cologistes, avec qui on partage cette \u00e9cologie radicale et notre volont\u00e9 de redonner un vrai r\u00f4le aux citoyens dans la vie publique \u00bb, affirme Marie Mesmeur.<\/p>\n<p>Une volont\u00e9 d\u2019alliance li\u00e9e une vision commune, donc, selon la d\u00e9put\u00e9e. Une union strat\u00e9gique, aussi, pour essayer de remporter la mairie en s\u2019imaginant un avenir avec une force politique qui a recueilli 25,37 % des voix au premier tour en 2020. Car si les bons, voire tr\u00e8s bons, r\u00e9sultats de LFI \u00e0 l\u2019\u00e9lection pr\u00e9sidentielle, puis aux europ\u00e9ennes et aux l\u00e9gislatives, donnent des motifs d\u2019espoir pour glaner quelques si\u00e8ges aux municipales en 2026, gagner la mairie seule semble plus al\u00e9atoire. \u00ab Je ne sais pas qui a besoin de qui, mais Rennes a besoin des Insoumis, argue la d\u00e9put\u00e9e LFI. L\u2019union a donn\u00e9 des r\u00e9sultats. \u00bb<\/p>\n<p>Pour les \u00c9cologistes, r\u00e9ponse cet automne<\/p>\n<p>Les \u00c9cologistes rennais y sont-ils sensibles, \u00e0 cette cour ? \u00ab Aujourd\u2019hui, nous travaillons notre projet politique dans le cadre de l\u2019association Confluences (dont les chefs de file sont Ga\u00eblle Rougier et Priscilla Zamord). Les questions strat\u00e9giques seront prises cet automne \u00bb, a temp\u00e9r\u00e9 Laurent Hamon, copr\u00e9sident du groupe \u00e9cologiste \u00e0 la Ville de Rennes, ce lundi lors de sa pr\u00e9sentation du bilan de mandat.<\/p>\n<p>Partir d\u00e8s le premier tour avec Nathalie App\u00e9r\u00e9 ? Tenter l\u2019aventure en solitaire ? Ou bien s\u2019allier avec les Insoumis pour d\u00e9loger le PS, au pouvoir depuis presque un demi-si\u00e8cle ? Les \u00c9cologistes s\u2019interrogent encore sur leur strat\u00e9gie d\u2019alliance. \u00ab Jusqu\u2019\u00e0 l\u2019automne, nous serons en dialogue avec tous les groupes de gauche, nous \u00e9changeons. On verra bien si des unions larges peuvent se faire, ou si nous partons avec des listes diff\u00e9rentes. \u00bb Tout en rappelant que s\u2019allier avec un projet bas\u00e9 sur \u00ab la rupture de tout, ce sera compliqu\u00e9 \u00bb.<\/p>\n<p>\u00ab J\u2019attends de voir si Nathalie App\u00e9r\u00e9 veut faire l\u2019union de la gauche \u00bb<\/p>\n<p>Dans ce contexte, les \u00c9cologistes rennais peuvent-ils adh\u00e9rer au \u00ab programme de rupture \u00e0 l\u2019\u00e9chelle de la ville \u00bb voulu par les Insoumis ? Un programme de 404 premi\u00e8res mesures, dont la gratuit\u00e9 des transports en commun pour les moins de 26 ans, la sanctuarisation du budget de la culture, \u00ab aller vers la gratuit\u00e9 des cantines scolaires notamment pour les familles les plus pr\u00e9caires \u00bb, mais aussi fixer l\u2019objectif de 0 sans-abri \u00e0 Rennes.<\/p>\n<p>Un programme, et les critiques formul\u00e9es par LFI \u00e0 l\u2019encontre de la majorit\u00e9 sortante, qui semblent, pour l\u2019heure, exclure un m\u00e9nage \u00e0 trois PS-LFI-Ecologistes. \u00ab J\u2019attends de savoir si Nathalie App\u00e9r\u00e9 veut faire l\u2019union de la gauche sur son territoire \u00bb, demande Gw\u00e9nol\u00e9 Bourr\u00e9e. Quant \u00e0 la maire et pr\u00e9sidente de Rennes M\u00e9tropole, elle n\u2019a jamais port\u00e9 les Insoumis dans son c\u0153ur. Lors des l\u00e9gislatives post-pr\u00e9sidentielle de 2022, elle avait d\u2019abord rejet\u00e9 l\u2019id\u00e9e d\u2019une alliance avec LFI, avant de s\u2019y r\u00e9signer.<\/p>\n<p>Un d\u00e9part \u00e0 trois ?<\/p>\n<p>Depuis, les plan\u00e8tes ne se sont pas davantage align\u00e9es. Et l\u2019hypoth\u00e8se que le m\u00e9nage \u00e0 trois se transforme en trois aventures en solo n\u2019est pas loufoque. Si rien n\u2019est officiel, la candidature de Nathalie App\u00e9r\u00e9 pour un troisi\u00e8me mandat ne fait gu\u00e8re de doute. Marie Mesmeur, elle, l\u2019affirme, \u00ab accord ou pas accord, il y aura une liste insoumise \u00bb. Quant aux \u00c9cologistes, ils en sont aussi convaincus : \u00ab Nous avons \u00e9t\u00e9 capables d\u2019assumer un certain nombre de comp\u00e9tences pendant six ans, pose Val\u00e9rie Faucheux, co-pr\u00e9sidente \u00e9cologiste \u00e0 la M\u00e9tropole. Notre projet et nos valeurs ont infus\u00e9. On est pr\u00eat \u00e0 avoir un ou une maire \u00e9cologiste \u00e0 Rennes \u00bb.<\/p>\n","protected":false},"excerpt":{"rendered":"C\u2019est ce qu\u2019on appelle une premi\u00e8re approche. Ce lundi 16 juin 2025, les deux co-chefs de file de&hellip;\n","protected":false},"author":2,"featured_media":181459,"comment_status":"","ping_status":"","sticky":false,"template":"","format":"standard","meta":{"footnotes":""},"categories":[2821],"tags":[1111,11,829,1777,674,1011,27,848,12,3364,584,25],"class_list":{"0":"post-181458","1":"post","2":"type-post","3":"status-publish","4":"format-standard","5":"has-post-thumbnail","7":"category-rennes","8":"tag-actu","9":"tag-actualites","10":"tag-bretagne","11":"tag-eu","12":"tag-europe","13":"tag-fr","14":"tag-france","15":"tag-ille-et-vilaine","16":"tag-news","17":"tag-politique-a-rennes","18":"tag-rennes","19":"tag-republique-francaise"},"share_on_mastodon":{"url":"https:\/\/pubeurope.com\/@fr\/114694454214965710","error":""},"_links":{"self":[{"href":"https:\/\/www.europesays.com\/fr\/wp-json\/wp\/v2\/posts\/181458","targetHints":{"allow":["GET"]}}],"collection":[{"href":"https:\/\/www.europesays.com\/fr\/wp-json\/wp\/v2\/posts"}],"about":[{"href":"https:\/\/www.europesays.com\/fr\/wp-json\/wp\/v2\/types\/post"}],"author":[{"embeddable":true,"href":"https:\/\/www.europesays.com\/fr\/wp-json\/wp\/v2\/users\/2"}],"replies":[{"embeddable":true,"href":"https:\/\/www.europesays.com\/fr\/wp-json\/wp\/v2\/comments?post=181458"}],"version-history":[{"count":0,"href":"https:\/\/www.europesays.com\/fr\/wp-json\/wp\/v2\/posts\/181458\/revisions"}],"wp:featuredmedia":[{"embeddable":true,"href":"https:\/\/www.europesays.com\/fr\/wp-json\/wp\/v2\/media\/181459"}],"wp:attachment":[{"href":"https:\/\/www.europesays.com\/fr\/wp-json\/wp\/v2\/media?parent=181458"}],"wp:term":[{"taxonomy":"category","embeddable":true,"href":"https:\/\/www.europesays.com\/fr\/wp-json\/wp\/v2\/categories?post=181458"},{"taxonomy":"post_tag","embeddable":true,"href":"https:\/\/www.europesays.com\/fr\/wp-json\/wp\/v2\/tags?post=181458"}],"curies":[{"name":"wp","href":"https:\/\/api.w.org\/{rel}","templated":true}]}}