{"id":181467,"date":"2025-06-16T18:31:10","date_gmt":"2025-06-16T18:31:10","guid":{"rendered":"https:\/\/www.europesays.com\/fr\/181467\/"},"modified":"2025-06-16T18:31:10","modified_gmt":"2025-06-16T18:31:10","slug":"quel-bilan-pour-la-conference-de-nice-sur-les-oceans","status":"publish","type":"post","link":"https:\/\/www.europesays.com\/fr\/181467\/","title":{"rendered":"Quel bilan pour la conf\u00e9rence de Nice sur les oc\u00e9ans ?"},"content":{"rendered":"\n<p>\u201cUne lueur d\u2019espoir pour la vie marine\u201d. C\u2019est ainsi que <a class=\"ithalc\" data-ithal=\"lien_externe\" data-ithalc=\"[nav_article]\" target=\"_blank\" href=\"https:\/\/www.bbc.com\/news\/articles\/cq69e4j6jz8o\" rel=\"noopener\">le site de la cha\u00eene d\u2019information britannique <strong>BBC<\/strong> r\u00e9sume<\/a> la troisi\u00e8me conf\u00e9rence des Nations unies sur l\u2019oc\u00e9an (Unoc3), qui s\u2019est termin\u00e9e vendredi 13\u00a0juin. Pendant une semaine, 64 chefs d\u2019\u00c9tat \u2013 une participation record \u2013 et des d\u00e9l\u00e9gations de nombreux pays se sont r\u00e9unis \u00e0 Nice pour faire valoir leur attachement \u00e0 une collaboration internationale afin de pr\u00e9server les oc\u00e9ans.<\/p>\n<p>Pollution, hausse des temp\u00e9ratures, surp\u00eache, mais aussi volont\u00e9 d\u2019exploiter les ressources mini\u00e8res des abysses sont les principales menaces qui p\u00e8sent sur ces \u00e9tendues d\u2019eau sal\u00e9e qui couvrent 70\u00a0% de la surface de notre plan\u00e8te. \u201cL\u2019objectif de cette rencontre n\u2019\u00e9tait pas d\u2019aboutir \u00e0 un nouvel accord contraignant, mais plut\u00f4t de faire avancer les trait\u00e9s qui existent d\u00e9j\u00e0\u201d,<strong> <\/strong>pr\u00e9cise la BBC.<\/p>\n<p><a class=\"ithalc\" data-ithal=\"lien_externe\" data-ithalc=\"[nav_article]\" target=\"_blank\" href=\"https:\/\/www.theguardian.com\/environment\/2025\/jun\/14\/is-the-ocean-having-a-moment-this-was-the-un-summit-where-the-world-woke-up-to-the-decline-of-the-seas\" rel=\"noopener\">Pour le quotidien <strong>The Guardian<\/strong><\/a><strong>,<\/strong> \u201cla plus grande avanc\u00e9e, c\u2019est qu\u2019un nombre suffisant de pays ont soit ratifi\u00e9 le trait\u00e9 sur la haute mer, soit se sont formellement engag\u00e9s \u00e0 le faire prochainement\u201d. Adopt\u00e9 \u00e0 l\u2019unanimit\u00e9 en juin 2023, ce trait\u00e9 international pour la protection de la haute mer et de la biodiversit\u00e9 marine, <a class=\"ithalc\" data-ithal=\"lien_externe\" data-ithalc=\"[nav_article]\" target=\"_blank\" href=\"https:\/\/www.un.org\/bbnjagreement\/fr\" rel=\"noopener\">connu sous l\u2019acronyme anglais BBNJ<\/a>, fournira, une fois ratifi\u00e9, le premier m\u00e9canisme juridique susceptible de permettre d\u2019atteindre l\u2019objectif mondial de prot\u00e9ger 30\u00a0% des mers du monde d\u2019ici \u00e0 2030.<\/p>\n<p>Mais <a class=\"ithalc\" data-ithal=\"lien_externe\" data-ithalc=\"[nav_article]\" target=\"_blank\" href=\"https:\/\/mediterranews.org\/2025\/06\/14\/nizza-il-trattato-per-salvare-gli-oceani-non-viene-ratificato-da-tutti-gli-stati\/\" rel=\"noopener\">ce que retient le site italien <strong>Mediterranews,<\/strong><\/a> c\u2019est que le seuil des 60 ratifications n\u00e9cessaires \u00e0 l\u2019entr\u00e9e en vigueur du BBNJ n\u2019a pas \u00e9t\u00e9 atteint. <a class=\"ithalc\" data-ithal=\"lien_externe\" data-ithalc=\"[nav_article]\" target=\"_blank\" href=\"https:\/\/highseasalliance.org\/treaty-ratification\/table-of-countries\/\" rel=\"noopener\">L\u2019Italie, d\u2019ailleurs, ne fait pas partie des pays \u00e0 l\u2019avoir ratifi\u00e9.<\/a> En revanche, 19\u00a0nations ont profit\u00e9 <\/p>\n","protected":false},"excerpt":{"rendered":"\u201cUne lueur d\u2019espoir pour la vie marine\u201d. C\u2019est ainsi que le site de la cha\u00eene d\u2019information britannique BBC&hellip;\n","protected":false},"author":2,"featured_media":181468,"comment_status":"","ping_status":"","sticky":false,"template":"","format":"standard","meta":{"footnotes":""},"categories":[2819],"tags":[1111,11,4734,31901,1777,674,1011,27,17662,12469,12,2401,31900,3521,882,25,17345],"class_list":{"0":"post-181467","1":"post","2":"type-post","3":"status-publish","4":"format-standard","5":"has-post-thumbnail","7":"category-nice","8":"tag-actu","9":"tag-actualites","10":"tag-changement-climatique","11":"tag-du00e9chets-plastiques","12":"tag-eu","13":"tag-europe","14":"tag-fr","15":"tag-france","16":"tag-mers-et-ocu00e9ans","17":"tag-minerais","18":"tag-news","19":"tag-nice","20":"tag-ocu00e9an-pacifique","21":"tag-onu","22":"tag-provence-alpes-cote-dazur","23":"tag-republique-francaise","24":"tag-sciences-et-environnement"},"share_on_mastodon":{"url":"https:\/\/pubeurope.com\/@fr\/114694473867656368","error":""},"_links":{"self":[{"href":"https:\/\/www.europesays.com\/fr\/wp-json\/wp\/v2\/posts\/181467","targetHints":{"allow":["GET"]}}],"collection":[{"href":"https:\/\/www.europesays.com\/fr\/wp-json\/wp\/v2\/posts"}],"about":[{"href":"https:\/\/www.europesays.com\/fr\/wp-json\/wp\/v2\/types\/post"}],"author":[{"embeddable":true,"href":"https:\/\/www.europesays.com\/fr\/wp-json\/wp\/v2\/users\/2"}],"replies":[{"embeddable":true,"href":"https:\/\/www.europesays.com\/fr\/wp-json\/wp\/v2\/comments?post=181467"}],"version-history":[{"count":0,"href":"https:\/\/www.europesays.com\/fr\/wp-json\/wp\/v2\/posts\/181467\/revisions"}],"wp:featuredmedia":[{"embeddable":true,"href":"https:\/\/www.europesays.com\/fr\/wp-json\/wp\/v2\/media\/181468"}],"wp:attachment":[{"href":"https:\/\/www.europesays.com\/fr\/wp-json\/wp\/v2\/media?parent=181467"}],"wp:term":[{"taxonomy":"category","embeddable":true,"href":"https:\/\/www.europesays.com\/fr\/wp-json\/wp\/v2\/categories?post=181467"},{"taxonomy":"post_tag","embeddable":true,"href":"https:\/\/www.europesays.com\/fr\/wp-json\/wp\/v2\/tags?post=181467"}],"curies":[{"name":"wp","href":"https:\/\/api.w.org\/{rel}","templated":true}]}}