{"id":181469,"date":"2025-06-16T18:32:09","date_gmt":"2025-06-16T18:32:09","guid":{"rendered":"https:\/\/www.europesays.com\/fr\/181469\/"},"modified":"2025-06-16T18:32:09","modified_gmt":"2025-06-16T18:32:09","slug":"cest-quoi-cette-installation-flottante-et-lumineuse-visible-tout-lete-pres-de-nantes","status":"publish","type":"post","link":"https:\/\/www.europesays.com\/fr\/181469\/","title":{"rendered":"C\u2019est quoi cette installation flottante et lumineuse, visible tout l\u2019\u00e9t\u00e9, pr\u00e8s de Nantes\u00a0?"},"content":{"rendered":"<p><strong>\u00ab\u00a0Tr\u00e8s po\u00e9tique et tr\u00e8s beau\u00a0!\u00a0\u00bb <\/strong>souffle d\u2019embl\u00e9e une internaute.\u00a0Depuis vendredi 13\u00a0juin, les promeneurs ont pu d\u00e9couvrir <a href=\"https:\/\/nantes.maville.com\/actu\/actudet_-c-est-quoi-ce-gros-poisson-volant-dans-les-airs-pres-de-nantes-_52716-6391885_actu.Htm?utm_source=troove&amp;utm_medium=site\" target=\"_self\" rel=\"noopener\">la cr\u00e9ation artistique de l\u2019\u00e9t\u00e9<\/a>\u00a0\u00a0: trois grandes fleurs aquatiques qui d\u00e9rivent doucement au gr\u00e9 des courants et\u00a0s\u2019illuminent\u00a0\u00e0 la tomb\u00e9e de la nuit.<\/p>\n<p>Structure 100\u00a0% locale<\/p>\n<p>Cette installation flottante estivale, baptis\u00e9e \u00a0Les Nymph\u00e9as, s\u2019inspire des n\u00e9nuphars qui bordent discr\u00e8tement les rives. Cette structure, sign\u00e9e par l\u2019entreprise NRgie Services implant\u00e9e dans la commune, est 100\u00a0% locale et responsable\u00a0: les feuilles des n\u00e9nuphars sont d\u00e9coup\u00e9es au laser dans de l\u2019acier recycl\u00e9 issu de chantiers puis reli\u00e9es par un simple cordon de ma\u00e7onnerie. Le tout repose sur un touret de c\u00e2ble \u00e9lectrique, lest\u00e9 et ancr\u00e9 \u00e0 une vingtaine de m\u00e8tres des quais.<\/p>\n<p>\u00a0<\/p>\n","protected":false},"excerpt":{"rendered":"\u00ab\u00a0Tr\u00e8s po\u00e9tique et tr\u00e8s beau\u00a0!\u00a0\u00bb souffle d\u2019embl\u00e9e une internaute.\u00a0Depuis vendredi 13\u00a0juin, les promeneurs ont pu d\u00e9couvrir la cr\u00e9ation&hellip;\n","protected":false},"author":2,"featured_media":181470,"comment_status":"","ping_status":"","sticky":false,"template":"","format":"standard","meta":{"footnotes":""},"categories":[2818],"tags":[1111,11,2883,1777,674,30764,1011,27,8093,22502,766,12,2636,3762,25,31902],"class_list":{"0":"post-181469","1":"post","2":"type-post","3":"status-publish","4":"format-standard","5":"has-post-thumbnail","7":"category-nantes","8":"tag-actu","9":"tag-actualites","10":"tag-ete","11":"tag-eu","12":"tag-europe","13":"tag-flottante","14":"tag-fr","15":"tag-france","16":"tag-installation","17":"tag-lumineuse","18":"tag-nantes","19":"tag-news","20":"tag-pays-de-la-loire","21":"tag-pres","22":"tag-republique-francaise","23":"tag-visible"},"share_on_mastodon":{"url":"https:\/\/pubeurope.com\/@fr\/114694477809760129","error":""},"_links":{"self":[{"href":"https:\/\/www.europesays.com\/fr\/wp-json\/wp\/v2\/posts\/181469","targetHints":{"allow":["GET"]}}],"collection":[{"href":"https:\/\/www.europesays.com\/fr\/wp-json\/wp\/v2\/posts"}],"about":[{"href":"https:\/\/www.europesays.com\/fr\/wp-json\/wp\/v2\/types\/post"}],"author":[{"embeddable":true,"href":"https:\/\/www.europesays.com\/fr\/wp-json\/wp\/v2\/users\/2"}],"replies":[{"embeddable":true,"href":"https:\/\/www.europesays.com\/fr\/wp-json\/wp\/v2\/comments?post=181469"}],"version-history":[{"count":0,"href":"https:\/\/www.europesays.com\/fr\/wp-json\/wp\/v2\/posts\/181469\/revisions"}],"wp:featuredmedia":[{"embeddable":true,"href":"https:\/\/www.europesays.com\/fr\/wp-json\/wp\/v2\/media\/181470"}],"wp:attachment":[{"href":"https:\/\/www.europesays.com\/fr\/wp-json\/wp\/v2\/media?parent=181469"}],"wp:term":[{"taxonomy":"category","embeddable":true,"href":"https:\/\/www.europesays.com\/fr\/wp-json\/wp\/v2\/categories?post=181469"},{"taxonomy":"post_tag","embeddable":true,"href":"https:\/\/www.europesays.com\/fr\/wp-json\/wp\/v2\/tags?post=181469"}],"curies":[{"name":"wp","href":"https:\/\/api.w.org\/{rel}","templated":true}]}}