{"id":181477,"date":"2025-06-16T18:36:15","date_gmt":"2025-06-16T18:36:15","guid":{"rendered":"https:\/\/www.europesays.com\/fr\/181477\/"},"modified":"2025-06-16T18:36:15","modified_gmt":"2025-06-16T18:36:15","slug":"plus-de-30-vehicules-concernes","status":"publish","type":"post","link":"https:\/\/www.europesays.com\/fr\/181477\/","title":{"rendered":"plus de 30 v\u00e9hicules concern\u00e9s"},"content":{"rendered":"<p>            Par<br \/>\n        <strong><br \/>\n            <a href=\"https:\/\/actu.fr\/auteur\/lea-afonso\" title=\"Consulter tous les articles de L\u00e9a Afonso\" rel=\"nofollow noopener\" target=\"_blank\">L\u00e9a Afonso<\/a><br \/>\n        <\/strong><\/p>\n<p>        Publi\u00e9 le<\/p>\n<p>            16 juin 2025 \u00e0 20h16        <\/p>\n<p>C\u2019est un ph\u00e9nom\u00e8ne de <strong>vol en s\u00e9rie<\/strong>. Le week-end des 14 et 15\u00a0juin, ue vague de vols ciblant des <strong>filtres \u00e0 particules<\/strong> a frapp\u00e9 plusieurs entreprises de transports dans <strong>trois communes<\/strong> de la <a href=\"https:\/\/actu.fr\/occitanie\/haute-garonne_31\" rel=\"nofollow noopener\" target=\"_blank\">Haute-Garonne<\/a>, pr\u00e8s de <a href=\"https:\/\/actu.fr\/toulouse\/\" rel=\"nofollow noopener\" target=\"_blank\">Toulouse<\/a>. Une enqu\u00eate est en cours.<\/p>\n<p>Trois communes concern\u00e9es par les vols<\/p>\n<p class=\" wall-content\">C\u2019est une affaire qui prend de l\u2019ampleur. Le week-end dernier, des entreprises de transport situ\u00e9es dans les communes de<strong> Saint-Sauveur, Villeneuve-l\u00e8s-Bouloc et Castelnau-d\u2019Estr\u00e9tefonds<\/strong> en Haute-Garonne ont \u00e9t\u00e9 la cible de vols similaires. Les malfaiteurs se sont introduits dans les enceintes de plusieurs soci\u00e9t\u00e9s, arrachant les <strong>filtres \u00e0 particules<\/strong> de v\u00e9hicules en stationnement.<\/p>\n<p>Des vols pour les m\u00e9taux rares<\/p>\n<p class=\" wall-content\">Au total, \u00ab\u2009une<strong> trentaine de v\u00e9hicules<\/strong>, des utilitaires tout comme des poids lourds, ont \u00e9t\u00e9 touch\u00e9s\u2009\u00bb, confirme une source proche du dossier. Ces pi\u00e8ces, contenant des <strong>m\u00e9taux rares<\/strong> comme le platine ou le palladium, sont particuli\u00e8rement recherch\u00e9es sur le march\u00e9 parall\u00e8le.<\/p>\n<p class=\" wall-content\">\u00ab\u2009La valeur d\u2019un filtre \u00e0 particules peut atteindre<strong> jusqu\u2019\u00e0 3\u2009000\u00a0euros<\/strong> pour un v\u00e9hicule classique, et davantage encore pour les v\u00e9hicules de transport lourd\u2009\u00bb, soul\u00e8ve une source de la gendarmerie.<\/p>\n<p class=\" wall-content\">Ces actes ont entra\u00een\u00e9<strong> l\u2019immobilisation des v\u00e9hicules<\/strong> concern\u00e9s, provoquant des perturbations majeures dans l\u2019activit\u00e9 des entreprises.<\/p>\n<p>Vid\u00e9os : en ce moment sur ActuUne enqu\u00eate est ouverte<\/p>\n<p class=\" wall-content\">La gendarmerie, rapidement mobilis\u00e9e, \u00ab\u2009a men\u00e9 des op\u00e9rations de police technique et scientifique sur les lieux afin de collecter des indices. Une enqu\u00eate a \u00e9t\u00e9 ouverte et confi\u00e9e au parquet de Toulouse\u2009\u00bb.<\/p>\n<p class=\" wall-content\">Suivez toute l\u2019actualit\u00e9 de vos villes et m\u00e9dias favoris en vous inscrivant \u00e0 <a href=\"https:\/\/moncompte.actu.fr\" title=\"D\u00e9couvez Mon Actu\" rel=\"nofollow noopener\" data-trk=\"{&quot;cta&quot;:{&quot;action&quot;:&quot;https:\\\/\\\/moncompte.actu.fr&quot;,&quot;category&quot;:&quot;mon compte&quot;,&quot;from&quot;:&quot;article footer&quot;,&quot;name&quot;:&quot;Mon actu&quot;,&quot;type&quot;:&quot;cta&quot;}}\" target=\"_blank\">Mon Actu<\/a>.<\/p>\n","protected":false},"excerpt":{"rendered":"Par L\u00e9a Afonso Publi\u00e9 le 16 juin 2025 \u00e0 20h16 C\u2019est un ph\u00e9nom\u00e8ne de vol en s\u00e9rie. Le&hellip;\n","protected":false},"author":2,"featured_media":181478,"comment_status":"","ping_status":"","sticky":false,"template":"","format":"standard","meta":{"footnotes":""},"categories":[2816],"tags":[1111,11,1777,674,118,1011,27,3381,12,2680,25,2312],"class_list":{"0":"post-181477","1":"post","2":"type-post","3":"status-publish","4":"format-standard","5":"has-post-thumbnail","7":"category-toulouse","8":"tag-actu","9":"tag-actualites","10":"tag-eu","11":"tag-europe","12":"tag-faits-divers","13":"tag-fr","14":"tag-france","15":"tag-gendarmerie","16":"tag-news","17":"tag-occitanie","18":"tag-republique-francaise","19":"tag-toulouse"},"share_on_mastodon":{"url":"https:\/\/pubeurope.com\/@fr\/114694493519047677","error":""},"_links":{"self":[{"href":"https:\/\/www.europesays.com\/fr\/wp-json\/wp\/v2\/posts\/181477","targetHints":{"allow":["GET"]}}],"collection":[{"href":"https:\/\/www.europesays.com\/fr\/wp-json\/wp\/v2\/posts"}],"about":[{"href":"https:\/\/www.europesays.com\/fr\/wp-json\/wp\/v2\/types\/post"}],"author":[{"embeddable":true,"href":"https:\/\/www.europesays.com\/fr\/wp-json\/wp\/v2\/users\/2"}],"replies":[{"embeddable":true,"href":"https:\/\/www.europesays.com\/fr\/wp-json\/wp\/v2\/comments?post=181477"}],"version-history":[{"count":0,"href":"https:\/\/www.europesays.com\/fr\/wp-json\/wp\/v2\/posts\/181477\/revisions"}],"wp:featuredmedia":[{"embeddable":true,"href":"https:\/\/www.europesays.com\/fr\/wp-json\/wp\/v2\/media\/181478"}],"wp:attachment":[{"href":"https:\/\/www.europesays.com\/fr\/wp-json\/wp\/v2\/media?parent=181477"}],"wp:term":[{"taxonomy":"category","embeddable":true,"href":"https:\/\/www.europesays.com\/fr\/wp-json\/wp\/v2\/categories?post=181477"},{"taxonomy":"post_tag","embeddable":true,"href":"https:\/\/www.europesays.com\/fr\/wp-json\/wp\/v2\/tags?post=181477"}],"curies":[{"name":"wp","href":"https:\/\/api.w.org\/{rel}","templated":true}]}}