{"id":181491,"date":"2025-06-16T18:43:10","date_gmt":"2025-06-16T18:43:10","guid":{"rendered":"https:\/\/www.europesays.com\/fr\/181491\/"},"modified":"2025-06-16T18:43:10","modified_gmt":"2025-06-16T18:43:10","slug":"brezins-la-commission-culturelle-a-propose-une-sortie-instructive-a-lyon","status":"publish","type":"post","link":"https:\/\/www.europesays.com\/fr\/181491\/","title":{"rendered":"Br\u00e9zins. La commission culturelle a propos\u00e9 une sortie instructive \u00e0 Lyon"},"content":{"rendered":"<p>Samedi 14\u00a0juin, une vingtaine de personnes se sont rendues \u00e0 Lyon avec la commission culturelle. Ils ont profit\u00e9 d\u2019une visite guid\u00e9e\/th\u00e9\u00e2tralis\u00e9e dans le 6e arrondissement\u00a0sur les traces des \u201cFemmes dans l\u2019histoire\u201d. D\u2019univers diff\u00e9rents, elles ont contribu\u00e9 par leur engagement au rayonnement de leur activit\u00e9, de leur art et de leur ville. Apr\u00e8s le repas, ils ont ensuite visit\u00e9 l\u2019exposition \u201cPomp\u00e9i, cit\u00e9 immortelle\u201d \u00e0 la Sucri\u00e8re, s\u2019immergeant dans la ville du point de vue de certains de ses habitants. <\/p>\n","protected":false},"excerpt":{"rendered":"Samedi 14\u00a0juin, une vingtaine de personnes se sont rendues \u00e0 Lyon avec la commission culturelle. Ils ont profit\u00e9&hellip;\n","protected":false},"author":2,"featured_media":181492,"comment_status":"","ping_status":"","sticky":false,"template":"","format":"standard","meta":{"footnotes":""},"categories":[1889],"tags":[1111,11,2430,27907,1687,114,1777,674,1011,27,2428,12,25,27908],"class_list":{"0":"post-181491","1":"post","2":"type-post","3":"status-publish","4":"format-standard","5":"has-post-thumbnail","7":"category-lyon","8":"tag-actu","9":"tag-actualites","10":"tag-auvergne-rhone-alpes","11":"tag-brezins","12":"tag-culture-loisirs","13":"tag-edition-voiron-saint-marcellin","14":"tag-eu","15":"tag-europe","16":"tag-fr","17":"tag-france","18":"tag-lyon","19":"tag-news","20":"tag-republique-francaise","21":"tag-saint-geoirs-et-autour"},"share_on_mastodon":{"url":"https:\/\/pubeurope.com\/@fr\/114694521061150850","error":""},"_links":{"self":[{"href":"https:\/\/www.europesays.com\/fr\/wp-json\/wp\/v2\/posts\/181491","targetHints":{"allow":["GET"]}}],"collection":[{"href":"https:\/\/www.europesays.com\/fr\/wp-json\/wp\/v2\/posts"}],"about":[{"href":"https:\/\/www.europesays.com\/fr\/wp-json\/wp\/v2\/types\/post"}],"author":[{"embeddable":true,"href":"https:\/\/www.europesays.com\/fr\/wp-json\/wp\/v2\/users\/2"}],"replies":[{"embeddable":true,"href":"https:\/\/www.europesays.com\/fr\/wp-json\/wp\/v2\/comments?post=181491"}],"version-history":[{"count":0,"href":"https:\/\/www.europesays.com\/fr\/wp-json\/wp\/v2\/posts\/181491\/revisions"}],"wp:featuredmedia":[{"embeddable":true,"href":"https:\/\/www.europesays.com\/fr\/wp-json\/wp\/v2\/media\/181492"}],"wp:attachment":[{"href":"https:\/\/www.europesays.com\/fr\/wp-json\/wp\/v2\/media?parent=181491"}],"wp:term":[{"taxonomy":"category","embeddable":true,"href":"https:\/\/www.europesays.com\/fr\/wp-json\/wp\/v2\/categories?post=181491"},{"taxonomy":"post_tag","embeddable":true,"href":"https:\/\/www.europesays.com\/fr\/wp-json\/wp\/v2\/tags?post=181491"}],"curies":[{"name":"wp","href":"https:\/\/api.w.org\/{rel}","templated":true}]}}