{"id":181505,"date":"2025-06-16T18:50:13","date_gmt":"2025-06-16T18:50:13","guid":{"rendered":"https:\/\/www.europesays.com\/fr\/181505\/"},"modified":"2025-06-16T18:50:13","modified_gmt":"2025-06-16T18:50:13","slug":"la-lettonie-engage-des-poursuites-contre-le-depute-aleksejs-roslikovs-pour-avoir-parle-russe","status":"publish","type":"post","link":"https:\/\/www.europesays.com\/fr\/181505\/","title":{"rendered":"La Lettonie engage des poursuites contre le d\u00e9put\u00e9 Aleksejs Roslikovs pour avoir parl\u00e9 russe"},"content":{"rendered":"<p>Le chef d\u2019un parti politique letton a \u00e9t\u00e9 arr\u00eat\u00e9 et interrog\u00e9 par la police aujourd\u2019hui \u00e0 Riga. <br \/>Aleksejs Roslikovs, repr\u00e9sentant la minorit\u00e9 russophone du pays, est sous le coup d\u2019une proc\u00e9dure p\u00e9nale pour incitation \u00e0 la haine au sein du Parlement qui pourrait lui valoir plusieurs ann\u00e9es de prison. \u00c0 l\u2019origine de l\u2019affaire, quelques mots en russe prononc\u00e9s \u00e0 la tribune du Parlement letton.<\/p>\n<p>\u00ab Nous sommes la majorit\u00e9 ! \u00bb et \u00ab le russe est notre langue ! \u00bb, crie Aleksejs Roslikovs en russe, accompagnant ces mots d\u2019un bras d\u2019honneur dans l\u2019h\u00e9micycle, o\u00f9 l\u2019usage public du russe est proscrit.<\/p>\n<p>Le chef du parti \u00ab Pour la stabilit\u00e9 ! \u00bb, exprimait sa col\u00e8re lors d\u2019un d\u00e9bat sur la restriction de l&rsquo;usage public de la langue russe. Quatre jours plus tard, l&rsquo;agence de renseignement du service de s\u00e9curit\u00e9 de l&rsquo;\u00c9tat engageait une proc\u00e9dure p\u00e9nale contre l\u2019\u00e9lu, pour d\u00e9terminer si ses d\u00e9clarations et activit\u00e9s enfreignaient une loi interdisant de provoquer des troubles au profit de la Russie, et incitaient \u00e0 la haine et \u00e0 la discorde nationales.<\/p>\n<p>Ce lundi 16 juin, la police a effectu\u00e9 des perquisitions et a interrog\u00e9 Aleksejs Roslikovs, avant de le laisser rentrer chez lui. Il a d\u00e9clar\u00e9 \u00e0 la cha\u00eene LTV qu\u2019il avait pour interdiction de quitter le pays, d\u00e9non\u00e7ant une proc\u00e9dure purement politique, qualifiant de \u00ab cauchemar \u00bb les soup\u00e7ons d\u2019aide \u00e0 la Russie.<\/p>\n<p>\u00c0 lire aussi<a href=\"https:\/\/www.rfi.fr\/fr\/europe\/20220803-guerre-en-ukraine-la-lettonie-d\u00e9clare-la-russie-comme-\u00e9tat-terroriste\" class=\"link \" rel=\"nofollow noopener\" target=\"_blank\" data-ylk=\"slk:Guerre en Ukraine: la Lettonie d\u00e9clare la Russie comme \u00ab\u00c9tat terroriste\u00bb;elm:context_link;itc:0;sec:content-canvas\">Guerre en Ukraine: la Lettonie d\u00e9clare la Russie comme \u00ab\u00c9tat terroriste\u00bb<\/a><\/p>\n<p><a href=\"https:\/\/www.rfi.fr\/fr\/europe\/20250616-la-lettonie-engage-des-poursuites-contre-le-d%C3%A9put%C3%A9-aleksejs-roslikovs-pour-avoir-parl%C3%A9-russe\" rel=\"nofollow noopener\" target=\"_blank\" data-ylk=\"slk:Lire la suite sur RFI;elm:context_link;itc:0;sec:content-canvas\" class=\"link \">Lire la suite sur RFI<\/a><\/p>\n","protected":false},"excerpt":{"rendered":"Le chef d\u2019un parti politique letton a \u00e9t\u00e9 arr\u00eat\u00e9 et interrog\u00e9 par la police aujourd\u2019hui \u00e0 Riga. Aleksejs&hellip;\n","protected":false},"author":2,"featured_media":181506,"comment_status":"","ping_status":"","sticky":false,"template":"","format":"standard","meta":{"footnotes":""},"categories":[1591],"tags":[11,1887,30511,2489,2493,12,31904,31903,8013,1885,1886,132],"class_list":{"0":"post-181505","1":"post","2":"type-post","3":"status-publish","4":"format-standard","5":"has-post-thumbnail","7":"category-russie","8":"tag-actualites","9":"tag-federation-de-russie","10":"tag-la-haine","11":"tag-la-russie","12":"tag-le-chef","13":"tag-news","14":"tag-parlement-letton","15":"tag-procedure-penale","16":"tag-russe","17":"tag-russia","18":"tag-russian-federation","19":"tag-russie"},"share_on_mastodon":{"url":"https:\/\/pubeurope.com\/@fr\/114694548726486264","error":""},"_links":{"self":[{"href":"https:\/\/www.europesays.com\/fr\/wp-json\/wp\/v2\/posts\/181505","targetHints":{"allow":["GET"]}}],"collection":[{"href":"https:\/\/www.europesays.com\/fr\/wp-json\/wp\/v2\/posts"}],"about":[{"href":"https:\/\/www.europesays.com\/fr\/wp-json\/wp\/v2\/types\/post"}],"author":[{"embeddable":true,"href":"https:\/\/www.europesays.com\/fr\/wp-json\/wp\/v2\/users\/2"}],"replies":[{"embeddable":true,"href":"https:\/\/www.europesays.com\/fr\/wp-json\/wp\/v2\/comments?post=181505"}],"version-history":[{"count":0,"href":"https:\/\/www.europesays.com\/fr\/wp-json\/wp\/v2\/posts\/181505\/revisions"}],"wp:featuredmedia":[{"embeddable":true,"href":"https:\/\/www.europesays.com\/fr\/wp-json\/wp\/v2\/media\/181506"}],"wp:attachment":[{"href":"https:\/\/www.europesays.com\/fr\/wp-json\/wp\/v2\/media?parent=181505"}],"wp:term":[{"taxonomy":"category","embeddable":true,"href":"https:\/\/www.europesays.com\/fr\/wp-json\/wp\/v2\/categories?post=181505"},{"taxonomy":"post_tag","embeddable":true,"href":"https:\/\/www.europesays.com\/fr\/wp-json\/wp\/v2\/tags?post=181505"}],"curies":[{"name":"wp","href":"https:\/\/api.w.org\/{rel}","templated":true}]}}