{"id":181507,"date":"2025-06-16T18:51:09","date_gmt":"2025-06-16T18:51:09","guid":{"rendered":"https:\/\/www.europesays.com\/fr\/181507\/"},"modified":"2025-06-16T18:51:09","modified_gmt":"2025-06-16T18:51:09","slug":"la-russie-restitue-des-milliers-de-corps-de-soldats-et-leurope-a-sorti-le-chequier","status":"publish","type":"post","link":"https:\/\/www.europesays.com\/fr\/181507\/","title":{"rendered":"La Russie restitue des milliers de corps de soldats et l\u2019Europe a sorti le ch\u00e9quier"},"content":{"rendered":"<p><strong>R\u00e9cap &#8211; \u00ab 20 Minutes \u00bb fait le point pour vous tous les soirs sur le conflit en Ukraine. Ce lundi, l\u2019Ukraine a re\u00e7u 1.245 corps suppl\u00e9mentaires de personnes tu\u00e9es par la Russie<\/strong><\/p>\n<p>Vous avez rat\u00e9 les derniers \u00e9v\u00e9nements sur la <a href=\"https:\/\/www.20minutes.fr\/monde\/ukraine\/?at_medium=RSS%20feed&amp;at_campaign=ynews&amp;utm_source=yahoo&amp;utm_medium=rss&amp;utm_campaign=news_feed&amp;utm_content=in_article_link\" rel=\"nofollow noopener\" target=\"_blank\" data-ylk=\"slk:guerre en Ukraine;elm:context_link;itc:0;sec:content-canvas\" class=\"link \">guerre en Ukraine<\/a> ? 20 Minutes fait le point pour vous tous les soirs. Voici l\u2019essentiel de ce lundi 16 juin 2025, 1.209e jour du conflit.<\/p>\n<p>Le fait du jour<\/p>\n<p>L\u2019Ukraine a annonc\u00e9 lundi avoir re\u00e7u de la <a href=\"https:\/\/www.20minutes.fr\/monde\/russie\/?at_medium=RSS%20feed&amp;at_campaign=ynews&amp;utm_source=yahoo&amp;utm_medium=rss&amp;utm_campaign=news_feed&amp;utm_content=in_article_link\" rel=\"nofollow noopener\" target=\"_blank\" data-ylk=\"slk:Russie;elm:context_link;itc:0;sec:content-canvas\" class=\"link \">Russie<\/a> 1.245 corps de personnes tu\u00e9es lors de la guerre entre les deux pays, ce qui porte \u00e0 plus de 6.000 le nombre de d\u00e9pouilles d\u2019Ukrainiens pr\u00e9sum\u00e9s remises depuis une semaine. Il s\u2019agit de la derni\u00e8re \u00e9tape d\u2019un accord conclu entre les bellig\u00e9rants \u00e0 Istanbul au d\u00e9but du mois.<\/p>\n<p>Le ministre de l\u2019Int\u00e9rieur, Igor Klymenko, a affirm\u00e9 que les corps rendus \u00e0 Kiev se trouvaient dans \u00ab un \u00e9tat extr\u00eamement mutil\u00e9 \u00bb. L\u2019Ukraine a \u00e9galement re\u00e7u, lors de r\u00e9cents \u00e9changes, des \u00ab corps de soldats russes m\u00eal\u00e9s \u00e0 ceux d\u2019Ukrainiens \u00bb, a assur\u00e9 Igor Klymenko.<\/p>\n<p>La Russie, pour sa part, dit avoir re\u00e7u en \u00e9change de l\u2019Ukraine 78 d\u00e9pouilles, a indiqu\u00e9 le n\u00e9gociateur en chef russe, affirmant par ailleurs que les \u00e9changes de prisonniers \u00ab se poursuivent \u00bb. Le ministre russe de la D\u00e9fense a d\u00e9clar\u00e9 \u00eatre pr\u00eat \u00ab \u00e0 remettre 2.239 corps suppl\u00e9mentaires de militaires tomb\u00e9s au combat \u00bb.<\/p>\n<p>Le pr\u00e9sident ukrainien <a href=\"https:\/\/www.20minutes.fr\/monde\/volodymyr-zelensky\/?at_medium=RSS%20feed&amp;at_campaign=ynews&amp;utm_source=yahoo&amp;utm_medium=rss&amp;utm_campaign=news_feed&amp;utm_content=in_article_link\" rel=\"nofollow noopener\" target=\"_blank\" data-ylk=\"slk:Volodymyr Zelensky;elm:context_link;itc:0;sec:content-canvas\" class=\"link \">Volodymyr Zelensky<\/a> a accus\u00e9 ce lundi la Russie d\u2019avoir propos\u00e9 \u00e0 Kiev d\u2019\u00e9changer des prisonniers de guerre russes contre des enfants ukrainiens.<\/p>\n<p>La d\u00e9claration du jour<\/p>\n<blockquote class=\"caas-blockquote\">\n<p>L\u2019Europe comble largement le retrait de l\u2019aide am\u00e9ricaine<\/p>\n<\/blockquote>\n<p>Les propos sont sign\u00e9s de l\u2019institut de recherche allemand Kiel Institute, qui recense l\u2019aide militaire, financi\u00e8re et humanitaire prom(&#8230;)<\/p>\n<p><a href=\"https:\/\/www.20minutes.fr\/monde\/ukraine\/4158839-20250616-guerre-ukraine-russie-restitue-milliers-corps-soldats-europe-sorti-chequier?at_medium=RSS%20feed&amp;at_campaign=ynews&amp;utm_source=yahoo&amp;utm_medium=rss&amp;utm_campaign=news_feed&amp;utm_content=read_more_link\" rel=\"nofollow noopener\" target=\"_blank\" data-ylk=\"slk:Lire la suite sur 20minutes;elm:context_link;itc:0;sec:content-canvas\" class=\"link \">Lire la suite sur 20minutes<\/a><\/p>\n<p>\u00c0 lire aussi :<br \/><a href=\"https:\/\/www.20minutes.fr\/monde\/ukraine\/4158604-20250615-guerre-ukraine-zelensky-participe-g7-canada-poutine-souhaite-joyeux-anniversaire-trump?at_medium=RSS%20feed&amp;at_campaign=ynews&amp;utm_source=yahoo&amp;utm_medium=rss&amp;utm_campaign=news_feed&amp;utm_content=related_content_link\" rel=\"nofollow noopener\" target=\"_blank\" data-ylk=\"slk:Guerre en Ukraine : Zelensky participe au G7 au Canada, Poutine souhaite un joyeux anniversaire \u00e0 Trump;elm:context_link;itc:0;sec:content-canvas\" class=\"link \">Guerre en Ukraine : Zelensky participe au G7 au Canada, Poutine souhaite un joyeux anniversaire \u00e0 Trump<\/a><br \/><a href=\"https:\/\/www.20minutes.fr\/monde\/ukraine\/4158239-20250615-video-guerre-ukraine-fausses-proprietes-volodymyr-zelensky-service-discours-pro-russe?at_medium=RSS%20feed&amp;at_campaign=ynews&amp;utm_source=yahoo&amp;utm_medium=rss&amp;utm_campaign=news_feed&amp;utm_content=related_content_link\" rel=\"nofollow noopener\" target=\"_blank\" data-ylk=\"slk:VIDEO. Guerre en Ukraine : Les fausses propri\u00e9t\u00e9s de Volodymyr Zelensky au service du discours pro-russe;elm:context_link;itc:0;sec:content-canvas\" class=\"link \">VIDEO. Guerre en Ukraine : Les fausses propri\u00e9t\u00e9s de Volodymyr Zelensky au service du discours pro-russe<\/a><\/p>\n","protected":false},"excerpt":{"rendered":"R\u00e9cap &#8211; \u00ab 20 Minutes \u00bb fait le point pour vous tous les soirs sur le conflit en&hellip;\n","protected":false},"author":2,"featured_media":181508,"comment_status":"","ping_status":"","sticky":false,"template":"","format":"standard","meta":{"footnotes":""},"categories":[1590],"tags":[642,11,31906,1777,674,31905,5493,12,220],"class_list":{"0":"post-181507","1":"post","2":"type-post","3":"status-publish","4":"format-standard","5":"has-post-thumbnail","7":"category-ukraine","8":"tag-20-minutes","9":"tag-actualites","10":"tag-echanges-de-prisonniers","11":"tag-eu","12":"tag-europe","13":"tag-igor-klymenko","14":"tag-lukraine","15":"tag-news","16":"tag-ukraine"},"share_on_mastodon":{"url":"https:\/\/pubeurope.com\/@fr\/114694552509185608","error":""},"_links":{"self":[{"href":"https:\/\/www.europesays.com\/fr\/wp-json\/wp\/v2\/posts\/181507","targetHints":{"allow":["GET"]}}],"collection":[{"href":"https:\/\/www.europesays.com\/fr\/wp-json\/wp\/v2\/posts"}],"about":[{"href":"https:\/\/www.europesays.com\/fr\/wp-json\/wp\/v2\/types\/post"}],"author":[{"embeddable":true,"href":"https:\/\/www.europesays.com\/fr\/wp-json\/wp\/v2\/users\/2"}],"replies":[{"embeddable":true,"href":"https:\/\/www.europesays.com\/fr\/wp-json\/wp\/v2\/comments?post=181507"}],"version-history":[{"count":0,"href":"https:\/\/www.europesays.com\/fr\/wp-json\/wp\/v2\/posts\/181507\/revisions"}],"wp:featuredmedia":[{"embeddable":true,"href":"https:\/\/www.europesays.com\/fr\/wp-json\/wp\/v2\/media\/181508"}],"wp:attachment":[{"href":"https:\/\/www.europesays.com\/fr\/wp-json\/wp\/v2\/media?parent=181507"}],"wp:term":[{"taxonomy":"category","embeddable":true,"href":"https:\/\/www.europesays.com\/fr\/wp-json\/wp\/v2\/categories?post=181507"},{"taxonomy":"post_tag","embeddable":true,"href":"https:\/\/www.europesays.com\/fr\/wp-json\/wp\/v2\/tags?post=181507"}],"curies":[{"name":"wp","href":"https:\/\/api.w.org\/{rel}","templated":true}]}}