{"id":181517,"date":"2025-06-16T18:56:13","date_gmt":"2025-06-16T18:56:13","guid":{"rendered":"https:\/\/www.europesays.com\/fr\/181517\/"},"modified":"2025-06-16T18:56:13","modified_gmt":"2025-06-16T18:56:13","slug":"enrico-letta-une-opportunite-historique-a-saisir-pour-leurope","status":"publish","type":"post","link":"https:\/\/www.europesays.com\/fr\/181517\/","title":{"rendered":"Enrico Letta : \u00ab\u00a0Une opportunit\u00e9 historique \u00e0 saisir pour l\u2019Europe\u00a0\u00bb"},"content":{"rendered":"<p>\tEnrico Letta : \u00ab\u00a0Une opportunit\u00e9 historique \u00e0 saisir pour l\u2019Europe\u00a0\u00bb &#8211; Touteleurope.eu<\/p>\n<p>\t\t<img decoding=\"async\" alt=\"fermer\" class=\"close-info\" src=\"https:\/\/www.touteleurope.eu\/wp-content\/themes\/toute_leurope\/assets\/images\/close-picto-blue.svg\"\/><\/p>\n<p>Touteleurope.eu est le site p\u00e9dagogique de r\u00e9f\u00e9rence sur les questions europ\u00e9ennes : <a href=\"https:\/\/www.touteleurope.eu\/qui-sommes-nous\/\" target=\"_blank\" rel=\"noopener\">Qui sommes-nous ?<\/a><\/p>\n<p><img decoding=\"async\" class=\"logo-pdf\" alt=\"Toute L'Europe \u2013 Comprendre l'Europe\" src=\"https:\/\/www.touteleurope.eu\/wp-content\/themes\/toute_leurope\/assets\/images\/logo-ttl.svg\"\/><\/p>\n","protected":false},"excerpt":{"rendered":"Enrico Letta : \u00ab\u00a0Une opportunit\u00e9 historique \u00e0 saisir pour l\u2019Europe\u00a0\u00bb &#8211; Touteleurope.eu Touteleurope.eu est le site p\u00e9dagogique de&hellip;\n","protected":false},"author":2,"featured_media":181518,"comment_status":"","ping_status":"","sticky":false,"template":"","format":"standard","meta":{"footnotes":""},"categories":[1586],"tags":[11,31907,554,75,33,17911,1777,674,1779,1011,27,12,2543,25,1778,364],"class_list":{"0":"post-181517","1":"post","2":"type-post","3":"status-publish","4":"format-standard","5":"has-post-thumbnail","7":"category-europe","8":"tag-actualites","9":"tag-budget-europeen-2021-2027","10":"tag-defense","11":"tag-donald-trump","12":"tag-economie","13":"tag-enrico-letta","14":"tag-eu","15":"tag-europe","16":"tag-european-union","17":"tag-fr","18":"tag-france","19":"tag-news","20":"tag-relations-internationales","21":"tag-republique-francaise","22":"tag-ue","23":"tag-union-europeenne"},"share_on_mastodon":{"url":"https:\/\/pubeurope.com\/@fr\/114694572291221043","error":""},"_links":{"self":[{"href":"https:\/\/www.europesays.com\/fr\/wp-json\/wp\/v2\/posts\/181517","targetHints":{"allow":["GET"]}}],"collection":[{"href":"https:\/\/www.europesays.com\/fr\/wp-json\/wp\/v2\/posts"}],"about":[{"href":"https:\/\/www.europesays.com\/fr\/wp-json\/wp\/v2\/types\/post"}],"author":[{"embeddable":true,"href":"https:\/\/www.europesays.com\/fr\/wp-json\/wp\/v2\/users\/2"}],"replies":[{"embeddable":true,"href":"https:\/\/www.europesays.com\/fr\/wp-json\/wp\/v2\/comments?post=181517"}],"version-history":[{"count":0,"href":"https:\/\/www.europesays.com\/fr\/wp-json\/wp\/v2\/posts\/181517\/revisions"}],"wp:featuredmedia":[{"embeddable":true,"href":"https:\/\/www.europesays.com\/fr\/wp-json\/wp\/v2\/media\/181518"}],"wp:attachment":[{"href":"https:\/\/www.europesays.com\/fr\/wp-json\/wp\/v2\/media?parent=181517"}],"wp:term":[{"taxonomy":"category","embeddable":true,"href":"https:\/\/www.europesays.com\/fr\/wp-json\/wp\/v2\/categories?post=181517"},{"taxonomy":"post_tag","embeddable":true,"href":"https:\/\/www.europesays.com\/fr\/wp-json\/wp\/v2\/tags?post=181517"}],"curies":[{"name":"wp","href":"https:\/\/api.w.org\/{rel}","templated":true}]}}