{"id":181562,"date":"2025-06-16T19:19:09","date_gmt":"2025-06-16T19:19:09","guid":{"rendered":"https:\/\/www.europesays.com\/fr\/181562\/"},"modified":"2025-06-16T19:19:09","modified_gmt":"2025-06-16T19:19:09","slug":"une-mere-de-famille-meurt-dans-un-accident-de-la-route-apres-lexplosion-de-son-airbag-takata","status":"publish","type":"post","link":"https:\/\/www.europesays.com\/fr\/181562\/","title":{"rendered":"Une m\u00e8re de famille meurt dans un accident de la route, apr\u00e8s l\u2019explosion de son airbag Takata"},"content":{"rendered":"<p>La victime pr\u00e9sentait un trauma facial caract\u00e9ristique des accidents li\u00e9s aux airbags Takata, qui \u00e9quipent de nombreux mod\u00e8les d\u2019automobiles.<\/p>\n<p class=\"fig-paragraph\">Il s\u2019agit du deuxi\u00e8me accident mortel li\u00e9 aux\u00a0<a href=\"http:\/\/www.lefigaro.fr\/societes\/airbags-takata-une-voiture-sur-10-a-risque-en-guadeloupe-20250605\" target=\"_blank\" data-fig-type=\"NewsFlash\" rel=\"noopener\" data-gtm-custom-categorie=\"navigation\" data-gtm-custom-action=\"crossclick\" data-gtm-custom-label=\"Contextuel\" data-gtm-event=\"customEventSPE\" data-fig-domain=\"LEFIGARO\">airbags Takata<\/a>\u00a0en France m\u00e9tropolitaine. Une m\u00e8re de famille a \u00e9t\u00e9 retrouv\u00e9e d\u00e9c\u00e9d\u00e9e au volant de sa voiture \u00e0\u00a0<a href=\"http:\/\/www.lefigaro.fr\/flash-actu\/reims-un-vigneron-juge-pour-avoir-produit-et-vendu-du-faux-champagne-20250610\" target=\"_blank\" data-fig-type=\"NewsFlash\" rel=\"noopener\" data-gtm-custom-categorie=\"navigation\" data-gtm-custom-action=\"crossclick\" data-gtm-custom-label=\"Contextuel\" data-gtm-event=\"customEventSPE\" data-fig-domain=\"LEFIGARO\">Reims<\/a>, mercredi 11 juin, apr\u00e8s un accident de la circulation. Elle pr\u00e9sentait un trauma facial caract\u00e9ristique des accidents associ\u00e9s \u00e0 ces airbags,\u00a0<a href=\"http:\/\/www.lefigaro.fr\/societes\/airbags-takata-citroeen-volkswagen-bmw-nissan-votre-voiture-est-elle-concernee-par-le-rappel-20250218\" target=\"_blank\" data-fig-type=\"NewsFlash\" rel=\"noopener\" data-gtm-custom-categorie=\"navigation\" data-gtm-custom-action=\"crossclick\" data-gtm-custom-label=\"Contextuel\" data-gtm-event=\"customEventSPE\" data-fig-domain=\"LEFIGARO\">qui \u00e9quipent de tr\u00e8s nombreux mod\u00e8les d\u2019automobiles<\/a>, a appris Le Figaro aupr\u00e8s du procureur de Reims, confirmant une information de\u00a0<a href=\"https:\/\/www.franceinfo.fr\/economie\/automobile\/nouvel-accident-mortel-lie-a-un-airbag-takata-a-reims_7317681.html\" target=\"_blank\" rel=\"noopener\" data-gtm-custom-categorie=\"navigation\" data-gtm-custom-action=\"crossclick\" data-gtm-custom-label=\"Contextuel\" data-gtm-event=\"customEventSPE\">Franceinfo<\/a>.<\/p>\n<p class=\"fig-paragraph\">L\u2019accident s\u2019est produit sur une voie rapide qui traverse la ville de Champagne-Ardenne. La victime d\u2019une quarantaine d\u2019ann\u00e9es, en voulant \u00e9viter un poids lourd, a frott\u00e9 la glissi\u00e8re de s\u00e9curit\u00e9 avec sa voiture, une Citro\u00ebn C3 datant de 2014, avant de s\u2019arr\u00eater plus loin sur le bas-c\u00f4t\u00e9. Sur place, les secours d\u00e9couvrent la victime, d\u00e9c\u00e9d\u00e9e, avec une grave blessure au visage, typique de celles caus\u00e9es par l\u2019explosion des airbags Takata. Une mineure de 14 ans se trouvait \u00e9galement \u00e0 bord et a \u00e9t\u00e9 bless\u00e9e.<\/p>\n<p>Capsule de gaz<\/p>\n<p class=\"fig-paragraph\">Ces airbags Takata, qui portent le nom de la soci\u00e9t\u00e9 japonaise qui les d\u00e9veloppait jusqu\u2019\u00e0 sa faillite, contiennent une capsule de gaz servant \u00e0 les gonfler en cas de choc. Mais cette capsule est susceptible de se d\u00e9t\u00e9riorer apr\u00e8s avoir \u00e9t\u00e9 expos\u00e9e trop longtemps \u00e0 la chaleur ou \u00e0 l\u2019humidit\u00e9. En se d\u00e9clenchant, celle-ci peut ainsi exploser et projeter des bouts m\u00e9talliques dans tout l\u2019habitacle de l\u2019automobile, blessant gravement voire tuant ses passagers.<\/p>\n<p class=\"fig-paragraph\">Il s\u2019agit du 19e accident mortel en France li\u00e9 \u00e0 ces airbags: 17 d\u2019entre eux sont survenus en Outre-mer, et deux en m\u00e9tropole. Nissan, BMW, Citro\u00ebn ou Toyota, entre autres, ont rappel\u00e9 des millions de v\u00e9hicules \u00e9quip\u00e9s de ces airbags dangereux, avec des campagnes de rappels encore en cours aujourd\u2019hui. Mais selon FranceInfo, la victime n\u2019avait pas re\u00e7u de courrier de rappel pour sa Citro\u00ebn C3.<\/p>\n","protected":false},"excerpt":{"rendered":"La victime pr\u00e9sentait un trauma facial caract\u00e9ristique des accidents li\u00e9s aux airbags Takata, qui \u00e9quipent de nombreux mod\u00e8les&hellip;\n","protected":false},"author":2,"featured_media":181563,"comment_status":"","ping_status":"","sticky":false,"template":"","format":"standard","meta":{"footnotes":""},"categories":[6],"tags":[119,3694,35,7527,271,2951,33,34,3695,3696,118,1011,27,2825,1253,303,1072,2694,2949],"class_list":{"0":"post-181562","1":"post","2":"type-post","3":"status-publish","4":"format-standard","5":"has-post-thumbnail","7":"category-economie","8":"tag-accident","9":"tag-affaires","10":"tag-business","11":"tag-citroen","12":"tag-crime","13":"tag-criminalite","14":"tag-economie","15":"tag-economy","16":"tag-enquetes","17":"tag-evenements","18":"tag-faits-divers","19":"tag-fr","20":"tag-france","21":"tag-insecurite","22":"tag-islamisme","23":"tag-justice","24":"tag-police","25":"tag-proces","26":"tag-violences"},"share_on_mastodon":{"url":"https:\/\/pubeurope.com\/@fr\/114694662819785141","error":""},"_links":{"self":[{"href":"https:\/\/www.europesays.com\/fr\/wp-json\/wp\/v2\/posts\/181562","targetHints":{"allow":["GET"]}}],"collection":[{"href":"https:\/\/www.europesays.com\/fr\/wp-json\/wp\/v2\/posts"}],"about":[{"href":"https:\/\/www.europesays.com\/fr\/wp-json\/wp\/v2\/types\/post"}],"author":[{"embeddable":true,"href":"https:\/\/www.europesays.com\/fr\/wp-json\/wp\/v2\/users\/2"}],"replies":[{"embeddable":true,"href":"https:\/\/www.europesays.com\/fr\/wp-json\/wp\/v2\/comments?post=181562"}],"version-history":[{"count":0,"href":"https:\/\/www.europesays.com\/fr\/wp-json\/wp\/v2\/posts\/181562\/revisions"}],"wp:featuredmedia":[{"embeddable":true,"href":"https:\/\/www.europesays.com\/fr\/wp-json\/wp\/v2\/media\/181563"}],"wp:attachment":[{"href":"https:\/\/www.europesays.com\/fr\/wp-json\/wp\/v2\/media?parent=181562"}],"wp:term":[{"taxonomy":"category","embeddable":true,"href":"https:\/\/www.europesays.com\/fr\/wp-json\/wp\/v2\/categories?post=181562"},{"taxonomy":"post_tag","embeddable":true,"href":"https:\/\/www.europesays.com\/fr\/wp-json\/wp\/v2\/tags?post=181562"}],"curies":[{"name":"wp","href":"https:\/\/api.w.org\/{rel}","templated":true}]}}