{"id":181594,"date":"2025-06-16T19:37:20","date_gmt":"2025-06-16T19:37:20","guid":{"rendered":"https:\/\/www.europesays.com\/fr\/181594\/"},"modified":"2025-06-16T19:37:20","modified_gmt":"2025-06-16T19:37:20","slug":"strasbourg-la-conference-de-yossi-dagan-une-figure-israelienne-tres-controversee-annulee-faute-davion-2","status":"publish","type":"post","link":"https:\/\/www.europesays.com\/fr\/181594\/","title":{"rendered":"Strasbourg. La conf\u00e9rence de Yossi Dagan, une figure isra\u00e9lienne tr\u00e8s controvers\u00e9e annul\u00e9e\u2026 faute d\u2019avion"},"content":{"rendered":"<p>Pr\u00e9sident depuis 2015 du Conseil r\u00e9gional de Samarie, collectivit\u00e9 locale isra\u00e9lienne implant\u00e9e en territoire palestinien, Yossi Dagan s\u2019oppose vigoureusement (y compris en se barricadant sur place) depuis des ann\u00e9es \u00e0 tout retrait isra\u00e9lien de ces colonies.<\/p>\n<p>La colonisation est jug\u00e9e ill\u00e9gale par de multiples r\u00e9solutions de l\u2019Onu depuis plus de 40 ans, a \u00e9t\u00e9 condamn\u00e9e en 2024 par la Cour internationale de justice, et fait l\u2019objet de sanctions internationales. Mais Yossi Dagan fait partie des promoteurs de longue date d\u2019une politique d\u2019occupation, et organise le retour de colons sur les territoires \u00ab\u00a0d\u00e9sengag\u00e9s\u00a0\u00bb. \u00c0 ce titre, et pour ses fortes connexions avec la droite \u00e9vang\u00e9lique am\u00e9ricaine, il est choy\u00e9 par l\u2019administration Trump qui le consulte r\u00e9guli\u00e8rement et l\u2019a invit\u00e9 aux deux investitures du pr\u00e9sident.<\/p>\n<p>  D\u00e9j\u00e0 re\u00e7u au Parlement il y a 2 ans par des \u00e9lus d\u2019extr\u00eame droite<\/p>\n<p>Pour toutes ces raisons, des collectifs alsaciens de d\u00e9fense des droits des palestiniens, mais aussi des d\u00e9put\u00e9s europ\u00e9ens, se sont \u00e9mus ces derniers jours de la tenue de cet \u00e9v\u00e9nement \u00e0 Strasbourg, auquel \u00e9taient convi\u00e9s des membres du <a href=\"https:\/\/www.lalsace.fr\/p\/parlement-europeen\" target=\"_blank\" rel=\"nofollow noopener\">Parlement europ\u00e9en<\/a>. Car Yossi Dagan a aussi des contacts avec des \u00e9lus de l\u2019UE\u00a0: en 2023, notamment, il avait \u00e9t\u00e9 re\u00e7u au Parlement \u00e0 Strasbourg par des \u00e9lus d\u2019extr\u00eame droite, parmi lesquels le Lega italien Marco Zanni.<\/p>\n<p>La semaine derni\u00e8re, un groupe d\u2019eurod\u00e9put\u00e9s de gauche, parmi lesquels le pr\u00e9sident de la commission parlementaire des Droits de l\u2019homme, l\u2019\u00e9cologiste fran\u00e7ais Mounir Satouri, ont dit par courrier leur inqui\u00e9tude \u00e0 l\u2019h\u00f4tel qui devait accueillir la conf\u00e9rence. \u00ab\u00a0M.\u00a0Dagan est publiquement connu pour son soutien \u00e0 la colonisation ill\u00e9gale des territoires palestiniens, ainsi que pour ses d\u00e9clarations en faveur du transfert forc\u00e9 de la population palestinienne hors de Gaza. Le 28\u00a0janvier 2024, il a coorganis\u00e9 une conf\u00e9rence o\u00f9 de nombreux appels au nettoyage ethnique et \u00e0 la recolonisation de Gaza ont \u00e9t\u00e9 prononc\u00e9s\u00a0\u00bb, s\u2019inqui\u00e8tent-ils notamment, expliquant \u00e0 l\u2019h\u00f4tel concern\u00e9 qu\u2019en accueillant Yossi Dagan l\u2019\u00e9tablissement \u00ab\u00a0risquerait non seulement de cautionner une administration ill\u00e9gale, mais aussi de se rendre complice de violations du droit international\u00a0\u00bb.<\/p>\n<p>C\u2019est finalement la cl\u00f4ture de l\u2019espace a\u00e9rien isra\u00e9lien, en raison du d\u00e9clenchement du conflit avec l\u2019Iran vendredi, qui a eu raison de cette conf\u00e9rence. Yossi Dagan n\u2019ayant pu se rendre \u00e0 Strasbourg, la r\u00e9union devait \u00eatre organis\u00e9e par internet.<\/p>\n","protected":false},"excerpt":{"rendered":"Pr\u00e9sident depuis 2015 du Conseil r\u00e9gional de Samarie, collectivit\u00e9 locale isra\u00e9lienne implant\u00e9e en territoire palestinien, Yossi Dagan s\u2019oppose&hellip;\n","protected":false},"author":2,"featured_media":181335,"comment_status":"","ping_status":"","sticky":false,"template":"","format":"standard","meta":{"footnotes":""},"categories":[2820],"tags":[1111,11,2389,2649,3206,1777,674,107,1011,27,775,12,316,25,640],"class_list":{"0":"post-181594","1":"post","2":"type-post","3":"status-publish","4":"format-standard","5":"has-post-thumbnail","7":"category-strasbourg","8":"tag-actu","9":"tag-actualites","10":"tag-alsace","11":"tag-bas-rhin","12":"tag-defense-guerre-conflit","13":"tag-eu","14":"tag-europe","15":"tag-fil-info","16":"tag-fr","17":"tag-france","18":"tag-grand-est","19":"tag-news","20":"tag-politique","21":"tag-republique-francaise","22":"tag-strasbourg"},"share_on_mastodon":{"url":"https:\/\/pubeurope.com\/@fr\/114694733515003291","error":""},"_links":{"self":[{"href":"https:\/\/www.europesays.com\/fr\/wp-json\/wp\/v2\/posts\/181594","targetHints":{"allow":["GET"]}}],"collection":[{"href":"https:\/\/www.europesays.com\/fr\/wp-json\/wp\/v2\/posts"}],"about":[{"href":"https:\/\/www.europesays.com\/fr\/wp-json\/wp\/v2\/types\/post"}],"author":[{"embeddable":true,"href":"https:\/\/www.europesays.com\/fr\/wp-json\/wp\/v2\/users\/2"}],"replies":[{"embeddable":true,"href":"https:\/\/www.europesays.com\/fr\/wp-json\/wp\/v2\/comments?post=181594"}],"version-history":[{"count":0,"href":"https:\/\/www.europesays.com\/fr\/wp-json\/wp\/v2\/posts\/181594\/revisions"}],"wp:featuredmedia":[{"embeddable":true,"href":"https:\/\/www.europesays.com\/fr\/wp-json\/wp\/v2\/media\/181335"}],"wp:attachment":[{"href":"https:\/\/www.europesays.com\/fr\/wp-json\/wp\/v2\/media?parent=181594"}],"wp:term":[{"taxonomy":"category","embeddable":true,"href":"https:\/\/www.europesays.com\/fr\/wp-json\/wp\/v2\/categories?post=181594"},{"taxonomy":"post_tag","embeddable":true,"href":"https:\/\/www.europesays.com\/fr\/wp-json\/wp\/v2\/tags?post=181594"}],"curies":[{"name":"wp","href":"https:\/\/api.w.org\/{rel}","templated":true}]}}