{"id":181601,"date":"2025-06-16T19:41:13","date_gmt":"2025-06-16T19:41:13","guid":{"rendered":"https:\/\/www.europesays.com\/fr\/181601\/"},"modified":"2025-06-16T19:41:13","modified_gmt":"2025-06-16T19:41:13","slug":"au-theatre-de-la-gobiniere-a-orvault-lopera-sinvite-sur-grand-ecran-avec-la-flute","status":"publish","type":"post","link":"https:\/\/www.europesays.com\/fr\/181601\/","title":{"rendered":"Au th\u00e9\u00e2tre de La Gobini\u00e8re, \u00e0 Orvault, l\u2019op\u00e9ra s\u2019invite sur grand \u00e9cran avec La Fl\u00fbte"},"content":{"rendered":"<p>Apr\u00e8s l\u2019hommage \u00e0 David Lynch avec la projection de Blue Velvet, l\u2019\u00e9quipe de Cin\u00e9Cens, le cin\u00e9ma d\u2019Orvault (Loire-Atlantique), propose une soir\u00e9e op\u00e9ra au th\u00e9\u00e2tre de La Gobini\u00e8re, mercredi 18\u00a0juin.<\/p>\n<p><a href=\"https:\/\/nantes.maville.com\/actu\/actudet_-nantes-vue-par-alexandra-lacroix-d-angers-nantes-opera-l-eloge-du-pas-de-cote-_52716-6625121_actu.Htm\" rel=\"nofollow noopener\" target=\"_blank\">Angers Nantes Op\u00e9ra <\/a>et l\u2019Op\u00e9ra de Rennes s\u2019associent, une nouvelle fois, pour proposer gratuitement aux spectateurs un op\u00e9ra sur \u00e9cran g\u00e9ant. Et pas n\u2019importe quelle &#8230;<\/p>\n<p>\u00a0<\/p>\n","protected":false},"excerpt":{"rendered":"Apr\u00e8s l\u2019hommage \u00e0 David Lynch avec la projection de Blue Velvet, l\u2019\u00e9quipe de Cin\u00e9Cens, le cin\u00e9ma d\u2019Orvault (Loire-Atlantique),&hellip;\n","protected":false},"author":2,"featured_media":181602,"comment_status":"","ping_status":"","sticky":false,"template":"","format":"standard","meta":{"footnotes":""},"categories":[2818],"tags":[1111,11,15859,31912,1777,674,1011,27,6911,2515,508,766,12,7165,4151,2636,25,3272,1347],"class_list":{"0":"post-181601","1":"post","2":"type-post","3":"status-publish","4":"format-standard","5":"has-post-thumbnail","7":"category-nantes","8":"tag-actu","9":"tag-actualites","10":"tag-ecran","11":"tag-enchantee","12":"tag-eu","13":"tag-europe","14":"tag-fr","15":"tag-france","16":"tag-gobiniere","17":"tag-grand","18":"tag-invite","19":"tag-nantes","20":"tag-news","21":"tag-opera","22":"tag-orvault","23":"tag-pays-de-la-loire","24":"tag-republique-francaise","25":"tag-saint-nazaire","26":"tag-theatre"},"share_on_mastodon":{"url":"https:\/\/pubeurope.com\/@fr\/114694749123295196","error":""},"_links":{"self":[{"href":"https:\/\/www.europesays.com\/fr\/wp-json\/wp\/v2\/posts\/181601","targetHints":{"allow":["GET"]}}],"collection":[{"href":"https:\/\/www.europesays.com\/fr\/wp-json\/wp\/v2\/posts"}],"about":[{"href":"https:\/\/www.europesays.com\/fr\/wp-json\/wp\/v2\/types\/post"}],"author":[{"embeddable":true,"href":"https:\/\/www.europesays.com\/fr\/wp-json\/wp\/v2\/users\/2"}],"replies":[{"embeddable":true,"href":"https:\/\/www.europesays.com\/fr\/wp-json\/wp\/v2\/comments?post=181601"}],"version-history":[{"count":0,"href":"https:\/\/www.europesays.com\/fr\/wp-json\/wp\/v2\/posts\/181601\/revisions"}],"wp:featuredmedia":[{"embeddable":true,"href":"https:\/\/www.europesays.com\/fr\/wp-json\/wp\/v2\/media\/181602"}],"wp:attachment":[{"href":"https:\/\/www.europesays.com\/fr\/wp-json\/wp\/v2\/media?parent=181601"}],"wp:term":[{"taxonomy":"category","embeddable":true,"href":"https:\/\/www.europesays.com\/fr\/wp-json\/wp\/v2\/categories?post=181601"},{"taxonomy":"post_tag","embeddable":true,"href":"https:\/\/www.europesays.com\/fr\/wp-json\/wp\/v2\/tags?post=181601"}],"curies":[{"name":"wp","href":"https:\/\/api.w.org\/{rel}","templated":true}]}}