{"id":181609,"date":"2025-06-16T19:45:09","date_gmt":"2025-06-16T19:45:09","guid":{"rendered":"https:\/\/www.europesays.com\/fr\/181609\/"},"modified":"2025-06-16T19:45:09","modified_gmt":"2025-06-16T19:45:09","slug":"le-decollage-tonitruant-dairbus-au-salon-du-bourget","status":"publish","type":"post","link":"https:\/\/www.europesays.com\/fr\/181609\/","title":{"rendered":"le d\u00e9collage tonitruant d&rsquo;Airbus au Salon du Bourget"},"content":{"rendered":"<p>            Par<br \/>\n        <strong><br \/>\n            <a href=\"https:\/\/actu.fr\/auteur\/guillaume-laurens\" title=\"Consulter tous les articles de Guillaume Laurens\" target=\"_blank\" rel=\"noopener\">Guillaume Laurens<\/a><br \/>\n        <\/strong><\/p>\n<p>        Publi\u00e9 le<\/p>\n<p>            16 juin 2025 \u00e0 21h02        <\/p>\n<p>Un d\u00e9part en trombe. <strong><a href=\"https:\/\/actu.fr\/tag\/airbus\" target=\"_blank\" rel=\"noopener\">Airbus<\/a> <\/strong>a frapp\u00e9 fort lundi 16 juin 2025, au premier jour du <strong>Salon du Bourget<\/strong>, qui se tient jusqu\u2019\u00e0 dimanche en r\u00e9gion parisienne. Plusieurs contrats aussi strat\u00e9giques que cons\u00e9quents se sont finalis\u00e9es d\u00e8s les premi\u00e8res heures, pour un total de <strong>132 commandes fermes<\/strong>. Ce qu\u2019il faut savoir sur cette <strong>folle premi\u00e8re journ\u00e9e<\/strong> du grand rendez-vous mondial de la plan\u00e8te<a href=\"https:\/\/actu.fr\/tag\/aeronautique\" target=\"_blank\" rel=\"noopener\"><strong> a\u00e9ronautique<\/strong><\/a>.<\/p>\n<p>Au moins 40 A220 pour la compagnie nationale de Pologne<\/p>\n<p class=\" wall-content\">Parmi les autres signatures confirm\u00e9es par l\u2019avionneur vers 15 heures, ce lundi : celle de <strong>Lot Polish Airlines,<\/strong> qui a pass\u00e9 une commande ferme aupr\u00e8s d\u2019Airbus pour <strong>20 A220-100<\/strong> et <strong>20 A220-300<\/strong>. \u00ab\u00a0C\u2019est la premi\u00e8re fois que la compagnie nationale polonaise choisit des appareils Airbus dans le cadre de la modernisation de sa flotte\u00a0\u00bb, fait valoir l\u2019avionneur. La compagnie nationale de Pologne a en effet d\u00e9cid\u00e9 <strong>d\u2019abandonner Boeing<\/strong>.<\/p>\n<p class=\" wall-content\">L\u2019accord, qui pourrait faire l\u2019objet d\u2019une augmentation future \u00e0 <strong>84 avions A220<\/strong> (soit 44 appareils en option) a \u00e9t\u00e9 officialis\u00e9 lors du Salon du Bourget 2025.<\/p>\n<p>27 avions pour le groupe Ana Holdings (Japon)<\/p>\n<p class=\" wall-content\">Peu apr\u00e8s 14 heures, ce m\u00eame lundi, Airbus a annonc\u00e9 qu\u2019<strong>ANA Holdings<\/strong>, un groupe japonais, avait \u00ab\u00a0finalis\u00e9 un accord en signant une commande ferme avec Airbus pour <strong>24 A321neo<\/strong> et <strong>trois A321XLR\u00a0\u00bb.<\/strong><\/p>\n<p class=\" wall-content\">Dans le d\u00e9tail, cette commande porte sur <strong>14 A321neo<\/strong> suppl\u00e9mentaires pour <strong>All Nippon Airways<\/strong>, ainsi que sur <strong>10 A321neo<\/strong> et <strong>trois A321XLR<\/strong> pour <strong>Peach Aviation<\/strong>, la compagnie \u00e0 bas co\u00fbts du groupe, afin de moderniser sa flotte actuelle.<\/p>\n<p class=\" wall-content\">\u00ab\u00a0Peach Aviation deviendra la premi\u00e8re compagnie a\u00e9rienne japonaise \u00e0 exploiter <strong>l\u2019A321XLR<\/strong>, qui poss\u00e8de le plus long rayon d\u2019action de tous les avions monocouloirs, de 8 700 km sans escale\u00a0\u00bb, souligne l\u2019avionneur. \u00c0 ce jour, ANA exploite 33 appareils de la famille A320, et Peach Aviation 36.<\/p>\n<p>Au moins 25 A350-1000 pour Riyadh Air (Arabie Saoudite)<\/p>\n<p class=\" wall-content\">Il \u00e9tait environ 13 heures ce lundi quand Airbus a indiqu\u00e9 avoir pass\u00e9 une commande ferme de <strong>25 A350-1000<\/strong> par <strong>Riyadh Air<\/strong>, la nouvelle compagnie a\u00e9rienne internationale haut de gamme bas\u00e9e en <strong>Arabie Saoudite<\/strong>. Il s\u2019agit d\u2019un accord qui, l\u00e0 encore, \u00ab\u00a0peut \u00eatre port\u00e9 \u00e0 <strong>50 A350-1000\u2033<\/strong> (soit 25 avions suppl\u00e9mentaires en option).<\/p>\n<p class=\" wall-content\">\u00ab\u00a0Riyadh Air deviendra la premi\u00e8re compagnie a\u00e9rienne d\u2019Arabie Saoudite \u00e0 exploiter l\u2019A350-1000\u00a0\u00bb, se r\u00e9jouit Airbus, alors que le pays dit vouloir devenir \u00ab\u00a0un centre mondial de l\u2019aviation et du tourisme\u00a0\u00bb \u00e0 horizon 2030.<\/p>\n<p>40 avions (30 A320neo et 10 A350F) pour AviLease (Arabie Saoudite)<\/p>\n<p class=\" wall-content\">Une demi-heure \u00e0 peine apr\u00e8s l\u2019ouverture du Salon du Bourget, Airbus a annonc\u00e9 la commande de <strong>44 avions<\/strong> par <strong>AviLease<\/strong>, une soci\u00e9t\u00e9 de leasing d\u2019avions dont le si\u00e8ge se trouve lui-aussi\u2026 en <strong>Arabie Saoudite<\/strong>. Dans le d\u00e9tail, il s\u2019agit de <strong>30 appareils<\/strong> de la famille <strong>A320neo<\/strong>, et <strong>10<\/strong> <strong>avions<\/strong> de fret <strong>A350F<\/strong>. L\u2019accord, qui pr\u00e9voit \u00e9galement une augmentation future \u00e0 <strong>22 avions cargo A350F<\/strong> et <strong>55 appareils<\/strong> de la famille <strong>A320neo <\/strong>(soit 37 en option).\u00a0<\/p>\n<p class=\" wall-content\">Beno\u00eet de Saint-Exup\u00e9ry, vice-pr\u00e9sident d\u2019Airbus charg\u00e9 des ventes d\u2019avions commerciaux, ne s\u2019est pas priv\u00e9 de faire remarquer qu\u2019AviLease est un \u00ab\u00a0nouveau client d\u2019Airbus\u00a0\u00bb.<\/p>\n<p class=\" wall-content\">Suivez toute l\u2019actualit\u00e9 de vos villes et m\u00e9dias favoris en vous inscrivant \u00e0 <a href=\"https:\/\/moncompte.actu.fr\" title=\"D\u00e9couvez Mon Actu\" rel=\"nofollow noopener\" data-trk=\"{&quot;cta&quot;:{&quot;action&quot;:&quot;https:\\\/\\\/moncompte.actu.fr&quot;,&quot;category&quot;:&quot;mon compte&quot;,&quot;from&quot;:&quot;article footer&quot;,&quot;name&quot;:&quot;Mon actu&quot;,&quot;type&quot;:&quot;cta&quot;}}\" target=\"_blank\">Mon Actu<\/a>.<\/p>\n","protected":false},"excerpt":{"rendered":"Par Guillaume Laurens Publi\u00e9 le 16 juin 2025 \u00e0 21h02 Un d\u00e9part en trombe. Airbus a frapp\u00e9 fort&hellip;\n","protected":false},"author":2,"featured_media":181610,"comment_status":"","ping_status":"","sticky":false,"template":"","format":"standard","meta":{"footnotes":""},"categories":[2816],"tags":[1111,11,296,36,33,1777,674,1011,27,12,2680,25,2312],"class_list":{"0":"post-181609","1":"post","2":"type-post","3":"status-publish","4":"format-standard","5":"has-post-thumbnail","7":"category-toulouse","8":"tag-actu","9":"tag-actualites","10":"tag-aeronautique","11":"tag-airbus","12":"tag-economie","13":"tag-eu","14":"tag-europe","15":"tag-fr","16":"tag-france","17":"tag-news","18":"tag-occitanie","19":"tag-republique-francaise","20":"tag-toulouse"},"share_on_mastodon":{"url":"https:\/\/pubeurope.com\/@fr\/114694764870197918","error":""},"_links":{"self":[{"href":"https:\/\/www.europesays.com\/fr\/wp-json\/wp\/v2\/posts\/181609","targetHints":{"allow":["GET"]}}],"collection":[{"href":"https:\/\/www.europesays.com\/fr\/wp-json\/wp\/v2\/posts"}],"about":[{"href":"https:\/\/www.europesays.com\/fr\/wp-json\/wp\/v2\/types\/post"}],"author":[{"embeddable":true,"href":"https:\/\/www.europesays.com\/fr\/wp-json\/wp\/v2\/users\/2"}],"replies":[{"embeddable":true,"href":"https:\/\/www.europesays.com\/fr\/wp-json\/wp\/v2\/comments?post=181609"}],"version-history":[{"count":0,"href":"https:\/\/www.europesays.com\/fr\/wp-json\/wp\/v2\/posts\/181609\/revisions"}],"wp:featuredmedia":[{"embeddable":true,"href":"https:\/\/www.europesays.com\/fr\/wp-json\/wp\/v2\/media\/181610"}],"wp:attachment":[{"href":"https:\/\/www.europesays.com\/fr\/wp-json\/wp\/v2\/media?parent=181609"}],"wp:term":[{"taxonomy":"category","embeddable":true,"href":"https:\/\/www.europesays.com\/fr\/wp-json\/wp\/v2\/categories?post=181609"},{"taxonomy":"post_tag","embeddable":true,"href":"https:\/\/www.europesays.com\/fr\/wp-json\/wp\/v2\/tags?post=181609"}],"curies":[{"name":"wp","href":"https:\/\/api.w.org\/{rel}","templated":true}]}}