{"id":18161,"date":"2025-04-11T20:14:11","date_gmt":"2025-04-11T20:14:11","guid":{"rendered":"https:\/\/www.europesays.com\/fr\/18161\/"},"modified":"2025-04-11T20:14:11","modified_gmt":"2025-04-11T20:14:11","slug":"en-hongrie-viktor-orban-lance-une-consultation-contre-lentree-de-lukraine-dans-lue","status":"publish","type":"post","link":"https:\/\/www.europesays.com\/fr\/18161\/","title":{"rendered":"En Hongrie, Viktor Orban lance une consultation contre l\u2019entr\u00e9e de l\u2019Ukraine dans l\u2019UE"},"content":{"rendered":"<p><strong>D\u00c9CRYPTAGE<\/strong> <strong>&#8211;<\/strong> Le premier ministre hongrois et ses lieutenants affirment que l\u2019adh\u00e9sion de l\u2019Ukraine provoquerait la ruine de leur pays.<\/p>\n<p class=\"fig-paragraph\">Aux arr\u00eats de bus et de tram, sur les colonnes Morris, sur les fa\u00e7ades des immeubles et le long des routes\u2026 Le gouvernement a l\u00e2ch\u00e9 une nouvelle salve et ses affiches recouvrent \u00e0 nouveau tout le pays, en vue d\u2019une consultation populaire. Cette fois, il ne s\u2019agit pas de s\u2019en prendre au milliardaire\u00a0<a href=\"http:\/\/www.lefigaro.fr\/medias\/avant-la-presidentielle-le-milliardaire-george-soros-bouscule-le-paysage-radiophonique-aux-etats-unis-20240219\" target=\"_blank\" data-fig-type=\"Article\" rel=\"noopener\" data-gtm-custom-categorie=\"navigation\" data-gtm-custom-action=\"crossclick\" data-gtm-custom-label=\"Contextuel\" data-gtm-event=\"customEventSPE\" data-fig-domain=\"LEFIGARO\">George Soros<\/a>\u00a0ou encore \u00e0 Jean-Claude Juncker. Elles repr\u00e9sentent les pr\u00e9sidents de l\u2019Ukraine, de la Commission europ\u00e9enne et du Parti populaire europ\u00e9en &#8211; respectivement\u00a0<a href=\"http:\/\/www.lefigaro.fr\/international\/volodymyr-zelensky-affirme-qu-au-moins-155-chinois-combattent-contre-l-ukraine-20250409\" target=\"_blank\" data-fig-type=\"NewsFlash\" rel=\"noopener\" data-gtm-custom-categorie=\"navigation\" data-gtm-custom-action=\"crossclick\" data-gtm-custom-label=\"Contextuel\" data-gtm-event=\"customEventSPE\" data-fig-domain=\"LEFIGARO\">Volodymyr Zelensky<\/a>,\u00a0<a href=\"http:\/\/www.lefigaro.fr\/international\/union-europeenne-ursula-von-der-leyen-promet-2-5-milliards-d-euros-a-la-syrie-sur-deux-ans-20250317\" target=\"_blank\" data-fig-type=\"NewsFlash\" rel=\"noopener\" data-gtm-custom-categorie=\"navigation\" data-gtm-custom-action=\"crossclick\" data-gtm-custom-label=\"Contextuel\" data-gtm-event=\"customEventSPE\" data-fig-domain=\"LEFIGARO\">Ursula von der Leyen<\/a>\u00a0et\u00a0<a href=\"https:\/\/www.lefigaro.fr\/vox\/monde\/manfred-weber-et-francois-xavier-bellamy-il-est-temps-de-repenser-la-politique-migratoire-europeenne-20230209\" target=\"_blank\" data-fig-type=\"Article\" rel=\"noopener\" data-gtm-custom-categorie=\"navigation\" data-gtm-custom-action=\"crossclick\" data-gtm-custom-label=\"Contextuel\" data-gtm-event=\"customEventSPE\" data-fig-domain=\"LEFIGARO\">Manfred Weber<\/a>\u00a0&#8211; et proclament\u00a0: \u00ab\u00a0Nous ne les laisserons pas d\u00e9cider par-dessus nos t\u00eates.\u00a0\u00bb Ce triumvirat \u0153uvrerait, selon l\u2019ex\u00e9cutif hongrois, en coulisses, pour imposer aux peuples europ\u00e9ens une entr\u00e9e rapide de l\u2019Ukraine dans l\u2019UE.<\/p>\n<p class=\"fig-paragraph\">Ministres et secr\u00e9taires d\u2019\u00c9tat se relaient pour ass\u00e9ner que l\u2019adh\u00e9sion de l\u2019Ukraine \u00e0 l\u2019Union europ\u00e9enne ferait la ruine de la\u00a0<a href=\"https:\/\/www.lefigaro.fr\/tag\/hongrie\" target=\"_blank\" rel=\"noopener\" data-gtm-custom-categorie=\"navigation\" data-gtm-custom-action=\"crossclick\" data-gtm-custom-label=\"Contextuel\" data-gtm-event=\"customEventSPE\">Hongrie<\/a>\u00a0et de l\u2019Europe enti\u00e8re. \u00ab\u00a0Cela co\u00fbterait beaucoup d\u2019argent \u00e0 la Hongrie et aux familles\u00a0; nous perdrions des sommes\u2026<\/p>\n<p class=\"fig-premium-paywall__infos\">\n        Cet article est r\u00e9serv\u00e9 aux abonn\u00e9s.        Il vous reste 79% \u00e0 d\u00e9couvrir.\n    <\/p>\n<p>                <img  data- alt=\"Le Figaro\" class=\"fig-img--complete fig-img\"\/><\/p>\n<p class=\"fig-premium-paywall__title\">Vous avez envie de lire la suite ?<\/p>\n<p class=\"fig-premium-paywall__subtitle\">D\u00e9bloquez tous les articles imm\u00e9diatement.<\/p>\n<p class=\"fig-premium-paywall__connect\">\n                D\u00e9j\u00e0 abonn\u00e9\u00a0?                <a class=\"fig-premium-paywall__connect-link\" href=\"https:\/\/connect.lefigaro.fr\/login?client=horizon_web&amp;type=main&amp;redirect_uri=https%3A%2F%2Fwww.lefigaro.fr%2Finternational%2Fen-hongrie-viktor-orban-lance-une-consultation-contre-l-entree-de-l-ukraine-dans-l-ue-20250411\" data-js-gtm=\"{&quot;customCategorie&quot;: &quot;conversion&quot;, &quot;customAction&quot;: &quot;before_Landing_Connexion_paywall_auto&quot;, &quot;customLabel&quot;: &quot;bGVmaWdhcm8uZnJfXzFmMDE2Y2VkLTIzOTktNjk0Yy05ZjMwLTMxMGNmYjQ1OTE3MF9fQXJ0aWNsZQ==_En Hongrie, Viktor Orban lance une consultation contre l\u2019entr\u00e9e de l\u2019Ukraine dans l\u2019UE_246&quot;, &quot;customIDSPE&quot;: &quot;bGVmaWdhcm8uZnJfXzFmMDE2Y2VkLTIzOTktNjk0Yy05ZjMwLTMxMGNmYjQ1OTE3MF9fQXJ0aWNsZQ==&quot;, &quot;event&quot;: &quot;customEventSPE&quot;}\" target=\"_blank\" rel=\"noopener\"><br \/>\n                    Connectez-vous<br \/>\n                <\/a>\n            <\/p>\n","protected":false},"excerpt":{"rendered":"D\u00c9CRYPTAGE &#8211; Le premier ministre hongrois et ses lieutenants affirment que l\u2019adh\u00e9sion de l\u2019Ukraine provoquerait la ruine de&hellip;\n","protected":false},"author":2,"featured_media":18162,"comment_status":"","ping_status":"","sticky":false,"template":"","format":"standard","meta":{"footnotes":""},"categories":[1590],"tags":[259,11,260,1777,674,804,14,261,12,262,220,7247],"class_list":{"0":"post-18161","1":"post","2":"type-post","3":"status-publish","4":"format-standard","5":"has-post-thumbnail","7":"category-ukraine","8":"tag-actualite-internationale","9":"tag-actualites","10":"tag-affaires-etrangeres","11":"tag-eu","12":"tag-europe","13":"tag-hongrie","14":"tag-international","15":"tag-ministere-des-affaires-etrangeres","16":"tag-news","17":"tag-politique-etrangere","18":"tag-ukraine","19":"tag-viktor-orban"},"share_on_mastodon":{"url":"https:\/\/pubeurope.com\/@fr\/114321166454561529","error":""},"_links":{"self":[{"href":"https:\/\/www.europesays.com\/fr\/wp-json\/wp\/v2\/posts\/18161","targetHints":{"allow":["GET"]}}],"collection":[{"href":"https:\/\/www.europesays.com\/fr\/wp-json\/wp\/v2\/posts"}],"about":[{"href":"https:\/\/www.europesays.com\/fr\/wp-json\/wp\/v2\/types\/post"}],"author":[{"embeddable":true,"href":"https:\/\/www.europesays.com\/fr\/wp-json\/wp\/v2\/users\/2"}],"replies":[{"embeddable":true,"href":"https:\/\/www.europesays.com\/fr\/wp-json\/wp\/v2\/comments?post=18161"}],"version-history":[{"count":0,"href":"https:\/\/www.europesays.com\/fr\/wp-json\/wp\/v2\/posts\/18161\/revisions"}],"wp:featuredmedia":[{"embeddable":true,"href":"https:\/\/www.europesays.com\/fr\/wp-json\/wp\/v2\/media\/18162"}],"wp:attachment":[{"href":"https:\/\/www.europesays.com\/fr\/wp-json\/wp\/v2\/media?parent=18161"}],"wp:term":[{"taxonomy":"category","embeddable":true,"href":"https:\/\/www.europesays.com\/fr\/wp-json\/wp\/v2\/categories?post=18161"},{"taxonomy":"post_tag","embeddable":true,"href":"https:\/\/www.europesays.com\/fr\/wp-json\/wp\/v2\/tags?post=18161"}],"curies":[{"name":"wp","href":"https:\/\/api.w.org\/{rel}","templated":true}]}}