{"id":181618,"date":"2025-06-16T19:50:13","date_gmt":"2025-06-16T19:50:13","guid":{"rendered":"https:\/\/www.europesays.com\/fr\/181618\/"},"modified":"2025-06-16T19:50:13","modified_gmt":"2025-06-16T19:50:13","slug":"un-retraite-de-82-ans-fait-1500-km-de-velo-pour-rejoindre-sa-soeur-a-marseille","status":"publish","type":"post","link":"https:\/\/www.europesays.com\/fr\/181618\/","title":{"rendered":"Un retrait\u00e9 de 82\u00a0ans fait 1500 km de v\u00e9lo pour rejoindre sa s\u0153ur \u00e0 Marseille"},"content":{"rendered":"<p>Claude est sur un petit nuage. Faire 1\u00a0500\u00a0km de v\u00e9lo pour retrouver ses s\u0153urs, c\u2019\u00e9tait l\u2019un de ses r\u00eaves. \u00c0 bord de son <a href=\"https:\/\/www.laprovence.com\/article\/ecoplanete\/51088470851741\/goutez-aux-joies-des-mobilites-douces-avec-un-velo-electrique\" target=\"_blank\" rel=\"noopener\">v\u00e9lo \u00e9lectrique<\/a>, l\u2019octog\u00e9naire a p\u00e9dal\u00e9 d\u00e9j\u00e0 plus de 600\u00a0km pour rejoindre <a href=\"https:\/\/www.laprovence.com\/region\/Edition-marseille\" target=\"_blank\" rel=\"noopener\">Marseille<\/a>. \u00ab\u00a0Je ne suis m\u00eame pas fatigu\u00e9. Je suis tout simplement heureux de les voir\u00a0\u00bb, se r\u00e9jouit-il. Parti d\u2019Oyonnax dans l\u2019Ain, le cycliste de 82\u00a0ans a travers\u00e9 l\u2019Auvergne puis la Provence pour rejoindre des membres de sa famille, perdus de vue pour certains. \u00c0 chaque coup de p\u00e9dale, il se rapproche de ses proches.<\/p>\n<p>Apr\u00e8s Neuville-sur-Sa\u00f4ne et Morgon, le retrait\u00e9 sportif est arriv\u00e9 \u00e0 Marseille pour rendre visite \u00e0 Marie-Th\u00e9r\u00e8se, sa grande s\u0153ur et pensionnaire dans un <a href=\"https:\/\/www.laprovence.com\/article\/france-monde\/718215791331914\/controle-des-ehpad-des-sanctions-graves-contre-55-etablissements-annonce-la-ministre\" target=\"_blank\" rel=\"noopener\">Ehpad<\/a> du 8e arrondissement. \u00ab\u00a0\u00c7a faisait d\u00e9j\u00e0 un an que je ne l\u2019avais pas vu. Avec l\u2019\u00e2ge, elle perd la m\u00e9moire mais d\u00e8s mon arriv\u00e9e, elle m\u2019a tout de suite reconnu, raconte-t-il \u00e9mu. Nous sommes tous dispers\u00e9s et avec le temps, il est plus difficile de garder contact\u00a0\u00bb.<\/p>\n<p>\u00ab\u00a0On passe des moments privil\u00e9gi\u00e9s\u00a0\u00bb<\/p>\n<p>Apr\u00e8s des jours \u00e0 p\u00e9daler, Claude a atterri ce dimanche chez sa ni\u00e8ce Marie-Chantal qu\u2019il n\u2019avait pas vue depuis pr\u00e8s d\u2019un an. \u00ab\u00a0C\u2019est agr\u00e9able. On passe des moments privil\u00e9gi\u00e9s. On a plus le temps de discuter\u00a0\u00bb, t\u00e9moigne la Marseillaise de 73\u00a0ans. Mais Claude n\u2019en a pas encore fini avec son aventure.<\/p>\n<p>D\u00e8s ce mardi, il reprendra la route, direction les <a href=\"https:\/\/www.laprovence.com\/region\/Edition-alpes\" target=\"_blank\" rel=\"noopener\">Alpes-de-Haute-Provence<\/a>, pour la derni\u00e8re \u00e9tape de ce p\u00e9riple hors du commun.<\/p>\n","protected":false},"excerpt":{"rendered":"Claude est sur un petit nuage. Faire 1\u00a0500\u00a0km de v\u00e9lo pour retrouver ses s\u0153urs, c\u2019\u00e9tait l\u2019un de ses&hellip;\n","protected":false},"author":2,"featured_media":181619,"comment_status":"","ping_status":"","sticky":false,"template":"","format":"standard","meta":{"footnotes":""},"categories":[2814],"tags":[31914,17,31913,1111,11,1777,674,21,1011,27,884,12,471,882,31915,25,137,104,208],"class_list":{"0":"post-181618","1":"post","2":"type-post","3":"status-publish","4":"format-standard","5":"has-post-thumbnail","7":"category-marseille","8":"tag-31914","9":"tag-17","10":"tag-82-ans","11":"tag-actu","12":"tag-actualites","13":"tag-eu","14":"tag-europe","15":"tag-fait","16":"tag-fr","17":"tag-france","18":"tag-marseille","19":"tag-news","20":"tag-pour","21":"tag-provence-alpes-cote-dazur","22":"tag-rejoindre","23":"tag-republique-francaise","24":"tag-retraite","25":"tag-societe","26":"tag-velo"},"share_on_mastodon":{"url":"https:\/\/pubeurope.com\/@fr\/114694784476623853","error":""},"_links":{"self":[{"href":"https:\/\/www.europesays.com\/fr\/wp-json\/wp\/v2\/posts\/181618","targetHints":{"allow":["GET"]}}],"collection":[{"href":"https:\/\/www.europesays.com\/fr\/wp-json\/wp\/v2\/posts"}],"about":[{"href":"https:\/\/www.europesays.com\/fr\/wp-json\/wp\/v2\/types\/post"}],"author":[{"embeddable":true,"href":"https:\/\/www.europesays.com\/fr\/wp-json\/wp\/v2\/users\/2"}],"replies":[{"embeddable":true,"href":"https:\/\/www.europesays.com\/fr\/wp-json\/wp\/v2\/comments?post=181618"}],"version-history":[{"count":0,"href":"https:\/\/www.europesays.com\/fr\/wp-json\/wp\/v2\/posts\/181618\/revisions"}],"wp:featuredmedia":[{"embeddable":true,"href":"https:\/\/www.europesays.com\/fr\/wp-json\/wp\/v2\/media\/181619"}],"wp:attachment":[{"href":"https:\/\/www.europesays.com\/fr\/wp-json\/wp\/v2\/media?parent=181618"}],"wp:term":[{"taxonomy":"category","embeddable":true,"href":"https:\/\/www.europesays.com\/fr\/wp-json\/wp\/v2\/categories?post=181618"},{"taxonomy":"post_tag","embeddable":true,"href":"https:\/\/www.europesays.com\/fr\/wp-json\/wp\/v2\/tags?post=181618"}],"curies":[{"name":"wp","href":"https:\/\/api.w.org\/{rel}","templated":true}]}}