{"id":181622,"date":"2025-06-16T19:52:13","date_gmt":"2025-06-16T19:52:13","guid":{"rendered":"https:\/\/www.europesays.com\/fr\/181622\/"},"modified":"2025-06-16T19:52:13","modified_gmt":"2025-06-16T19:52:13","slug":"le-proces-du-piratage-massif-dadecco-sest-ouvert","status":"publish","type":"post","link":"https:\/\/www.europesays.com\/fr\/181622\/","title":{"rendered":"le proc\u00e8s du piratage massif d\u2019Adecco s&rsquo;est ouvert"},"content":{"rendered":"<p>Il y avait une petite d\u00e9ception ce lundi matin au tribunal judiciaire de Lyon o\u00f9 se tient pendant deux semaines le <a href=\"https:\/\/www.ledauphine.com\/faits-divers-justice\/2025\/06\/16\/affaire-adecco-plus-d-un-million-d-euros-de-prejudice-76-000-victimes-et-un-stagiaire-mis-en-cause\" target=\"_blank\" rel=\"nofollow noopener\">proc\u00e8s XXL du piratage des donn\u00e9es d\u2019int\u00e9rimaires d\u2019Adecco<\/a>. 76\u00a0000 victimes dans toute la France, 5\u00a0538 parties civiles (*) repr\u00e9sent\u00e9es par plus de 350 avocats, deux amphith\u00e9\u00e2tres de facult\u00e9 r\u00e9quisitionn\u00e9s\u00a0: un proc\u00e8s hors norme, annon\u00e7ait-on. Finalement, les bancs du public et de la presse \u00e9taient un peu vides pour l\u2019ouverture des d\u00e9bats.<\/p>\n<p>\u00ab\u00a0Un circuit de blanchiment parmi les plus pointus\u00a0\u00bb<\/p>\n<p>Les pr\u00e9venus aussi (14 annonc\u00e9s) n\u2019\u00e9taient pas tous au rendez-vous. Le principal mis en cause, le cerveau pr\u00e9sum\u00e9 de la gigantesque arnaque, Timoth\u00e9e L., seul d\u00e9tenu, a pris place dans le box vitr\u00e9. \u00c2g\u00e9 de 23 ans au moment des faits, polo blanc et m\u00e8che brune, ce Vichyssois est poursuivi pour une vingtaine d\u2019infractions dont faux et usage de faux, escroquerie et blanchiment en bande organis\u00e9e et participation \u00e0 une association de malfaiteurs. \u00ab\u00a0C\u2019est un faussaire et un ouvreur depuis 2020-2021. Il a commenc\u00e9 \u00e0 17 ans\u00a0\u00bb, a r\u00e9sum\u00e9 le directeur d\u2019enqu\u00eate de la PJ. \u00ab\u00a0Il cr\u00e9ait de fausses identit\u00e9s et ouvrait des comptes bancaires dans deux labos, un dans un garage, l\u2019autre dans un local professionnel.\u00a0\u00bb<\/p>\n<p>Le deuxi\u00e8me homme du proc\u00e8s, c\u2019est Th\u00e9o V., un ex-stagiaire d\u2019Adecco \u00e0 Besan\u00e7on. On lui reproche d\u2019avoir fourni pendant trois mois l\u2019acc\u00e8s \u00e0 la base de donn\u00e9es de son employeur sur un forum. \u00ab\u00a099\u00a0% des piratages, c\u2019est la faille humaine\u00a0\u00bb, poursuit l\u2019enqu\u00eateur. \u00ab\u00a0Le meilleur syst\u00e8me de s\u00e9curit\u00e9 du monde ne peut rien contre l\u2019humain.\u00a0\u00bb Le jeune homme qui avait 19 ans \u00e9tait un \u00ab\u00a0insider\u00a0\u00bb, la porte d\u2019entr\u00e9e pour tout piller.<\/p>\n<p>Car les hackeurs ne s\u2019\u00e9taient pas arr\u00eat\u00e9s aux 49,85\u00a0euros ponctionn\u00e9s aux int\u00e9rimaires. Leurs (pr\u00e9cieuses) donn\u00e9es avaient permis de cr\u00e9er de fausses cartes d\u2019identit\u00e9, de fausses cartes Vitale, d\u2019ouvrir des comptes bancaires via des \u00ab\u00a0mules\u00a0\u00bb, de frauder MaPrimeR\u00e9nov\u2019, le CPF (compte personnel de formation)\u2026 \u00ab\u00a0Un circuit de blanchiment parmi les plus pointus\u00a0\u00bb pour l\u2019accusation.<\/p>\n<p class=\"note\">(*) On en comptait 2\u00a0400 en fin d\u2019instruction.<\/p>\n","protected":false},"excerpt":{"rendered":"Il y avait une petite d\u00e9ception ce lundi matin au tribunal judiciaire de Lyon o\u00f9 se tient pendant&hellip;\n","protected":false},"author":2,"featured_media":181623,"comment_status":"","ping_status":"","sticky":false,"template":"","format":"standard","meta":{"footnotes":""},"categories":[1889],"tags":[1111,11,2430,271,272,1777,674,274,107,1011,27,329,2428,12,25],"class_list":{"0":"post-181622","1":"post","2":"type-post","3":"status-publish","4":"format-standard","5":"has-post-thumbnail","7":"category-lyon","8":"tag-actu","9":"tag-actualites","10":"tag-auvergne-rhone-alpes","11":"tag-crime","12":"tag-delit-et-contravention","13":"tag-eu","14":"tag-europe","15":"tag-faits-divers-justice","16":"tag-fil-info","17":"tag-fr","18":"tag-france","19":"tag-france-monde","20":"tag-lyon","21":"tag-news","22":"tag-republique-francaise"},"share_on_mastodon":{"url":"https:\/\/pubeurope.com\/@fr\/114694792389351355","error":""},"_links":{"self":[{"href":"https:\/\/www.europesays.com\/fr\/wp-json\/wp\/v2\/posts\/181622","targetHints":{"allow":["GET"]}}],"collection":[{"href":"https:\/\/www.europesays.com\/fr\/wp-json\/wp\/v2\/posts"}],"about":[{"href":"https:\/\/www.europesays.com\/fr\/wp-json\/wp\/v2\/types\/post"}],"author":[{"embeddable":true,"href":"https:\/\/www.europesays.com\/fr\/wp-json\/wp\/v2\/users\/2"}],"replies":[{"embeddable":true,"href":"https:\/\/www.europesays.com\/fr\/wp-json\/wp\/v2\/comments?post=181622"}],"version-history":[{"count":0,"href":"https:\/\/www.europesays.com\/fr\/wp-json\/wp\/v2\/posts\/181622\/revisions"}],"wp:featuredmedia":[{"embeddable":true,"href":"https:\/\/www.europesays.com\/fr\/wp-json\/wp\/v2\/media\/181623"}],"wp:attachment":[{"href":"https:\/\/www.europesays.com\/fr\/wp-json\/wp\/v2\/media?parent=181622"}],"wp:term":[{"taxonomy":"category","embeddable":true,"href":"https:\/\/www.europesays.com\/fr\/wp-json\/wp\/v2\/categories?post=181622"},{"taxonomy":"post_tag","embeddable":true,"href":"https:\/\/www.europesays.com\/fr\/wp-json\/wp\/v2\/tags?post=181622"}],"curies":[{"name":"wp","href":"https:\/\/api.w.org\/{rel}","templated":true}]}}