{"id":181624,"date":"2025-06-16T19:53:09","date_gmt":"2025-06-16T19:53:09","guid":{"rendered":"https:\/\/www.europesays.com\/fr\/181624\/"},"modified":"2025-06-16T19:53:09","modified_gmt":"2025-06-16T19:53:09","slug":"un-grand-pas-en-avant-pour-lenvironnement-en-ile-de-france","status":"publish","type":"post","link":"https:\/\/www.europesays.com\/fr\/181624\/","title":{"rendered":"Un grand pas en avant pour l&rsquo;environnement en \u00cele-de-France"},"content":{"rendered":"\n<p lang=\"fr-FR\" style=\"margin-bottom: 0cm;\">C&rsquo;est officiel\u00a0: le sch\u00e9ma directeur environnemental de la R\u00e9gion \u00cele-de-France (SDRIF-E), a \u00e9t\u00e9 officiellement valid\u00e9 par le Conseil d&rsquo;\u00c9tat. Selon la R\u00e9gion, c&rsquo;est le r\u00e9sultat d&rsquo;une enqu\u00eate publique \u00ab\u00a0tr\u00e8s ambitieuse\u00a0\u00bb, avec plus de 8.700 contributions. Les objectifs de ce document sont clairs\u00a0: que le territoire reste \u00e0 75% compos\u00e9e d\u2019espaces naturels, agricoles et forestiers en 2040, ou encore 15 nouveaux projets de transports ferroviaires (avec environ 800 kilom\u00e8tres de lignes suppl\u00e9mentaires). Il est aussi question de construire 70.000 logements par an \u00ab\u00a0dont deux tiers \u00e0 prix abordable\u00a0\u00bb.<\/p>\n<p lang=\"fr-FR\" style=\"margin-bottom: 0cm;\">\u00a0<\/p>\n<p lang=\"fr-FR\" style=\"margin-bottom: 0cm;\">Nicolas Chacun<\/p>\n<p>!function(f,b,e,v,n,t,s){if(f.fbq)return;n=f.fbq=function(){n.callMethod?<br \/>\nn.callMethod.apply(n,arguments):n.queue.push(arguments)};if(!f._fbq)f._fbq=n;<br \/>\nn.push=n;n.loaded=!0;n.version=&rsquo;2.0&prime;;n.queue=[];t=b.createElement(e);t.async=!0;<br \/>\nt.src=v;s=b.getElementsByTagName(e)[0];s.parentNode.insertBefore(t,s)}(window,<br \/>\ndocument,&rsquo;script&rsquo;,&rsquo;https:\/\/connect.facebook.net\/en_US\/fbevents.js&rsquo;);<br \/>\nfbq(&lsquo;init&rsquo;, &lsquo;278974969201861&rsquo;); \/\/ Insert your pixel ID here.<br \/>\nfbq(&lsquo;track&rsquo;, &lsquo;PageView&rsquo;);<\/p>\n","protected":false},"excerpt":{"rendered":"C&rsquo;est officiel\u00a0: le sch\u00e9ma directeur environnemental de la R\u00e9gion \u00cele-de-France (SDRIF-E), a \u00e9t\u00e9 officiellement valid\u00e9 par le Conseil&hellip;\n","protected":false},"author":2,"featured_media":181625,"comment_status":"","ping_status":"","sticky":false,"template":"","format":"standard","meta":{"footnotes":""},"categories":[1592],"tags":[1111,11,1933,1936,1777,1939,674,1011,27,662,1934,12,1940,626,1935,25,1937,1941,1938],"class_list":{"0":"post-181624","1":"post","2":"type-post","3":"status-publish","4":"format-standard","5":"has-post-thumbnail","7":"category-ile-de-france","8":"tag-actu","9":"tag-actualites","10":"tag-actualites-locales","11":"tag-essonne","12":"tag-eu","13":"tag-eure-et-loir","14":"tag-europe","15":"tag-fr","16":"tag-france","17":"tag-ile-de-france","18":"tag-infos-locales","19":"tag-news","20":"tag-oise","21":"tag-paris","22":"tag-pres-de-chez-vous","23":"tag-republique-francaise","24":"tag-seine-et-marne","25":"tag-somme","26":"tag-yvelines"},"share_on_mastodon":{"url":"https:\/\/pubeurope.com\/@fr\/114694796386728576","error":""},"_links":{"self":[{"href":"https:\/\/www.europesays.com\/fr\/wp-json\/wp\/v2\/posts\/181624","targetHints":{"allow":["GET"]}}],"collection":[{"href":"https:\/\/www.europesays.com\/fr\/wp-json\/wp\/v2\/posts"}],"about":[{"href":"https:\/\/www.europesays.com\/fr\/wp-json\/wp\/v2\/types\/post"}],"author":[{"embeddable":true,"href":"https:\/\/www.europesays.com\/fr\/wp-json\/wp\/v2\/users\/2"}],"replies":[{"embeddable":true,"href":"https:\/\/www.europesays.com\/fr\/wp-json\/wp\/v2\/comments?post=181624"}],"version-history":[{"count":0,"href":"https:\/\/www.europesays.com\/fr\/wp-json\/wp\/v2\/posts\/181624\/revisions"}],"wp:featuredmedia":[{"embeddable":true,"href":"https:\/\/www.europesays.com\/fr\/wp-json\/wp\/v2\/media\/181625"}],"wp:attachment":[{"href":"https:\/\/www.europesays.com\/fr\/wp-json\/wp\/v2\/media?parent=181624"}],"wp:term":[{"taxonomy":"category","embeddable":true,"href":"https:\/\/www.europesays.com\/fr\/wp-json\/wp\/v2\/categories?post=181624"},{"taxonomy":"post_tag","embeddable":true,"href":"https:\/\/www.europesays.com\/fr\/wp-json\/wp\/v2\/tags?post=181624"}],"curies":[{"name":"wp","href":"https:\/\/api.w.org\/{rel}","templated":true}]}}