{"id":181628,"date":"2025-06-16T19:55:08","date_gmt":"2025-06-16T19:55:08","guid":{"rendered":"https:\/\/www.europesays.com\/fr\/181628\/"},"modified":"2025-06-16T19:55:08","modified_gmt":"2025-06-16T19:55:08","slug":"ratp-malaise-voyageur-panne-interruption-le-trafic-sur-la-ligne-du-rer-a-fortement-perturbe","status":"publish","type":"post","link":"https:\/\/www.europesays.com\/fr\/181628\/","title":{"rendered":"RATP. Malaise voyageur, panne, interruption&#8230; Le trafic sur la ligne du RER A fortement perturb\u00e9"},"content":{"rendered":"<p>            Par<br \/>\n        <strong><br \/>\n            <a href=\"https:\/\/actu.fr\/auteur\/joel-nandjui\" title=\"Consulter tous les articles de Joel Nandjui\" rel=\"nofollow noopener\" target=\"_blank\">Joel Nandjui<\/a><br \/>\n        <\/strong><\/p>\n<p>        Publi\u00e9 le<\/p>\n<p>            16 juin 2025 \u00e0 21h11        <\/p>\n<p>Les usagers du <a href=\"https:\/\/actu.fr\/tag\/rer-a\" rel=\"nofollow noopener\" target=\"_blank\">RER A<\/a> vont une nouvelle fois devoir faire preuve de patience ce lundi 16\u00a0juin 2025. <strong>Au malaise voyageur<\/strong> survenu \u00e0 la gare de Saint-Germain-en-Laye (Yvelines), qui avait perturb\u00e9 le trafic sur le tron\u00e7on en direction de Marne-la-Vall\u00e9e \u2013 Chessy (Seine-et-Marne), s\u2019est ajout\u00e9e une<strong> panne<\/strong> \u00e0 la station Charles-de-Gaulle \u2013 \u00c9toile (Paris). Ce dernier \u00e9v\u00e9nement a entra\u00een\u00e9 une interruption du trafic, notamment <strong>entre les gares d\u2019Auber<\/strong> (Paris) et de<a href=\"https:\/\/actu.fr\/ile-de-france\/courbevoie_92026\/la-defense-cette-entreprise-quitte-le-quartier-d-affaires-apres-plus-de-30-ans-avec-ses-3200-salaries_62771593.html\" rel=\"nofollow noopener\" target=\"_blank\"> <strong>La D\u00e9fense<\/strong><\/a> (Haut-de-Seine).<\/p>\n<p>Une reprise incertaine<\/p>\n<p class=\" wall-content\">La <a href=\"https:\/\/actu.fr\/ile-de-france\/paris_75056\/ratp-cette-station-de-la-ligne-6-du-metro-a-paris-va-fermer-pendant-deux-mois-pour-travaux_62759855.html\" rel=\"nofollow noopener\" target=\"_blank\">RATP<\/a> a annonc\u00e9 que les trains circulaient sur les autres tron\u00e7ons de la ligne, mais que celle-ci demeurait tr\u00e8s perturb\u00e9e. Un temps annonc\u00e9e pour 19h30, l\u2019heure de reprise du trafic a \u00e9t\u00e9 plusieurs fois report\u00e9e et maintenant estim\u00e9e \u00e0 <strong>21\u2009h\u200945,<\/strong> selon les derni\u00e8res annonces de la r\u00e9gie parisienne.<\/p>\n<p class=\" wall-content\">\n<p class=\" wall-content\">.<\/p>\n<p class=\" wall-content\">Suivez toute l\u2019actualit\u00e9 de vos villes et m\u00e9dias favoris en vous inscrivant \u00e0 <a href=\"https:\/\/moncompte.actu.fr\" title=\"D\u00e9couvez Mon Actu\" rel=\"nofollow noopener\" data-trk=\"{&quot;cta&quot;:{&quot;action&quot;:&quot;https:\\\/\\\/moncompte.actu.fr&quot;,&quot;category&quot;:&quot;mon compte&quot;,&quot;from&quot;:&quot;article footer&quot;,&quot;name&quot;:&quot;Mon actu&quot;,&quot;type&quot;:&quot;cta&quot;}}\" target=\"_blank\">Mon Actu<\/a>.<\/p>\n","protected":false},"excerpt":{"rendered":"Par Joel Nandjui Publi\u00e9 le 16 juin 2025 \u00e0 21h11 Les usagers du RER A vont une nouvelle&hellip;\n","protected":false},"author":2,"featured_media":181629,"comment_status":"","ping_status":"","sticky":false,"template":"","format":"standard","meta":{"footnotes":""},"categories":[1888],"tags":[1111,1928,11,1927,1777,674,1011,27,12,1926,626,1925,625,25,104,2803],"class_list":{"0":"post-181628","1":"post","2":"type-post","3":"status-publish","4":"format-standard","5":"has-post-thumbnail","7":"category-paris","8":"tag-actu","9":"tag-actu-paris","10":"tag-actualites","11":"tag-actualites-paris","12":"tag-eu","13":"tag-europe","14":"tag-fr","15":"tag-france","16":"tag-news","17":"tag-news-paris","18":"tag-paris","19":"tag-paris-news","20":"tag-ratp","21":"tag-republique-francaise","22":"tag-societe","23":"tag-transport"},"share_on_mastodon":{"url":"https:\/\/pubeurope.com\/@fr\/114694804266536748","error":""},"_links":{"self":[{"href":"https:\/\/www.europesays.com\/fr\/wp-json\/wp\/v2\/posts\/181628","targetHints":{"allow":["GET"]}}],"collection":[{"href":"https:\/\/www.europesays.com\/fr\/wp-json\/wp\/v2\/posts"}],"about":[{"href":"https:\/\/www.europesays.com\/fr\/wp-json\/wp\/v2\/types\/post"}],"author":[{"embeddable":true,"href":"https:\/\/www.europesays.com\/fr\/wp-json\/wp\/v2\/users\/2"}],"replies":[{"embeddable":true,"href":"https:\/\/www.europesays.com\/fr\/wp-json\/wp\/v2\/comments?post=181628"}],"version-history":[{"count":0,"href":"https:\/\/www.europesays.com\/fr\/wp-json\/wp\/v2\/posts\/181628\/revisions"}],"wp:featuredmedia":[{"embeddable":true,"href":"https:\/\/www.europesays.com\/fr\/wp-json\/wp\/v2\/media\/181629"}],"wp:attachment":[{"href":"https:\/\/www.europesays.com\/fr\/wp-json\/wp\/v2\/media?parent=181628"}],"wp:term":[{"taxonomy":"category","embeddable":true,"href":"https:\/\/www.europesays.com\/fr\/wp-json\/wp\/v2\/categories?post=181628"},{"taxonomy":"post_tag","embeddable":true,"href":"https:\/\/www.europesays.com\/fr\/wp-json\/wp\/v2\/tags?post=181628"}],"curies":[{"name":"wp","href":"https:\/\/api.w.org\/{rel}","templated":true}]}}