{"id":181632,"date":"2025-06-16T19:57:11","date_gmt":"2025-06-16T19:57:11","guid":{"rendered":"https:\/\/www.europesays.com\/fr\/181632\/"},"modified":"2025-06-16T19:57:11","modified_gmt":"2025-06-16T19:57:11","slug":"je-serais-pret-a-mettre-le-prix-a-neuilly-lhotel-particulier-des-tapie-fait-deja-rever-avant-sa-vente","status":"publish","type":"post","link":"https:\/\/www.europesays.com\/fr\/181632\/","title":{"rendered":"\u00ab\u00a0Je serais pr\u00eat \u00e0 mettre le prix\u00a0\u00bb\u00a0: \u00e0 Neuilly, l\u2019h\u00f4tel particulier des Tapie fait d\u00e9j\u00e0 r\u00eaver avant sa vente"},"content":{"rendered":"<p class=\"paragraph text_align_left\">Une file d\u2019attente s\u2019\u00e9tend sur plusieurs m\u00e8tres, dans la rue du Bois-de-Boulogne, \u00e0 Neuilly-sur-Seine. Le quartier est plut\u00f4t calme d\u2019habitude mais ce lundi apr\u00e8s-midi, a lieu la premi\u00e8re session de visites de l\u2019<a href=\"https:\/\/www.leparisien.fr\/immobilier\/9-millions-cest-enorme-mais-la-vente-aux-encheres-de-lhotel-particulier-des-tapie-fait-jaser-a-neuilly-01-06-2025-N3X6TLR2DVG55LOXHY7BHZ3EGY.php\" target=\"_self\" rel=\"nofollow noopener\">ancien h\u00f4tel particulier de Dominique Tapie<\/a>, la veuve du c\u00e9l\u00e8bre homme d\u2019affaires d\u00e9c\u00e9d\u00e9 en 2021.<\/p>\n<p class=\"paragraph text_align_left\">\u00ab Nous travaillons \u00e0 c\u00f4t\u00e9, nous sommes venus par pure curiosit\u00e9. Nous avons envie de savoir ce qui se cache derri\u00e8re ce portail. Nous ne savions pas du tout que ce bien appartenait aux Tapie \u00bb, affirme Rose, accompagn\u00e9e de ses trois coll\u00e8gues. Ils font partie des rares curieux.<\/p>\n","protected":false},"excerpt":{"rendered":"Une file d\u2019attente s\u2019\u00e9tend sur plusieurs m\u00e8tres, dans la rue du Bois-de-Boulogne, \u00e0 Neuilly-sur-Seine. Le quartier est plut\u00f4t&hellip;\n","protected":false},"author":2,"featured_media":181633,"comment_status":"","ping_status":"","sticky":false,"template":"","format":"standard","meta":{"footnotes":""},"categories":[1888],"tags":[11,1777,674,1011,27,3314,1116,1944,12,626,25],"class_list":{"0":"post-181632","1":"post","2":"type-post","3":"status-publish","4":"format-standard","5":"has-post-thumbnail","7":"category-paris","8":"tag-actualites","9":"tag-eu","10":"tag-europe","11":"tag-fr","12":"tag-france","13":"tag-hauts-de-seine","14":"tag-immobilier","15":"tag-ma-ville","16":"tag-news","17":"tag-paris","18":"tag-republique-francaise"},"share_on_mastodon":{"url":"https:\/\/pubeurope.com\/@fr\/114694812060217446","error":""},"_links":{"self":[{"href":"https:\/\/www.europesays.com\/fr\/wp-json\/wp\/v2\/posts\/181632","targetHints":{"allow":["GET"]}}],"collection":[{"href":"https:\/\/www.europesays.com\/fr\/wp-json\/wp\/v2\/posts"}],"about":[{"href":"https:\/\/www.europesays.com\/fr\/wp-json\/wp\/v2\/types\/post"}],"author":[{"embeddable":true,"href":"https:\/\/www.europesays.com\/fr\/wp-json\/wp\/v2\/users\/2"}],"replies":[{"embeddable":true,"href":"https:\/\/www.europesays.com\/fr\/wp-json\/wp\/v2\/comments?post=181632"}],"version-history":[{"count":0,"href":"https:\/\/www.europesays.com\/fr\/wp-json\/wp\/v2\/posts\/181632\/revisions"}],"wp:featuredmedia":[{"embeddable":true,"href":"https:\/\/www.europesays.com\/fr\/wp-json\/wp\/v2\/media\/181633"}],"wp:attachment":[{"href":"https:\/\/www.europesays.com\/fr\/wp-json\/wp\/v2\/media?parent=181632"}],"wp:term":[{"taxonomy":"category","embeddable":true,"href":"https:\/\/www.europesays.com\/fr\/wp-json\/wp\/v2\/categories?post=181632"},{"taxonomy":"post_tag","embeddable":true,"href":"https:\/\/www.europesays.com\/fr\/wp-json\/wp\/v2\/tags?post=181632"}],"curies":[{"name":"wp","href":"https:\/\/api.w.org\/{rel}","templated":true}]}}