{"id":181636,"date":"2025-06-16T19:59:14","date_gmt":"2025-06-16T19:59:14","guid":{"rendered":"https:\/\/www.europesays.com\/fr\/181636\/"},"modified":"2025-06-16T19:59:14","modified_gmt":"2025-06-16T19:59:14","slug":"donald-trump-a-oublie-un-gros-detail-en-reecrivant-lhistoire-de-lexclusion-de-vladimir-poutine-du-g8","status":"publish","type":"post","link":"https:\/\/www.europesays.com\/fr\/181636\/","title":{"rendered":"Donald Trump a oubli\u00e9 un gros d\u00e9tail en r\u00e9\u00e9crivant l\u2019histoire de l\u2019exclusion de Vladimir Poutine du G8"},"content":{"rendered":"<p>        <img decoding=\"async\" loading=\"lazy\" src=\"https:\/\/www.europesays.com\/fr\/wp-content\/uploads\/2025\/06\/f6fe4ee_upload-1-oaszwtbvgsnv-capture-da-a-cran-2025-06-16-204209.png\"  width=\"728\" height=\"410\" alt=\"Au format G7\u00a0depuis 2014, apr\u00e8s le retrait de la Russie, le sommet des principales puissances mondiales a \u00e9t\u00e9 vivement critiqu\u00e9 par Donald Trump, sous les yeux du Premier ministre canadien Mark Carney.\"\/>  <\/p>\n<p>Capture d\u2019\u00e9cran X<\/p>\n<p>Au format G7\u00a0depuis 2014, apr\u00e8s le retrait de la Russie, le sommet des principales puissances mondiales a \u00e9t\u00e9 vivement critiqu\u00e9 par Donald Trump, sous les yeux du Premier ministre canadien Mark Carney.<\/p>\n<p class=\"asset asset-text\">INTERNATIONAL &#8211; Un G7\u00a0sous tr\u00e8s haute tension. Le pr\u00e9sident am\u00e9ricain Donald Trump est arriv\u00e9 ce lundi 16\u00a0juin \u00e0 Alberta, au Canada, pour prendre part \u00e0 la <a href=\"https:\/\/www.huffingtonpost.fr\/international\/article\/le-pape-francais-au-sommet-du-g7-en-italie-pour-parler-intelligence-artificielle-un-sujet-qui-lui-tient-a-c-ur_233225.html\" target=\"_blank\" rel=\"noopener\">r\u00e9union du G7<\/a>\u00a0au c\u00f4t\u00e9 de ses homologues fran\u00e7ais, canadien, italien, japonais, allemand et britannique.<\/p>\n<p class=\"asset asset-text\">\u00c0 cette occasion, le chef d\u2019\u00c9tat am\u00e9ricain a \u00e9t\u00e9 invit\u00e9 \u00e0 prendre la parole en compagnie de l\u2019h\u00f4te de cette r\u00e9union, <a href=\"https:\/\/www.huffingtonpost.fr\/international\/article\/au-canada-mark-carney-remplace-justin-trudeau-au-poste-de-premier-ministre-on-vous-le-presente_247203.html\" target=\"_blank\" rel=\"noopener\">le Premier ministre canadien Mark Carney<\/a>, au milieu d\u2019une actualit\u00e9 min\u00e9e par les conflits internationaux, que ce soit la <a href=\"https:\/\/www.huffingtonpost.fr\/international\/article\/vladimir-poutine-affirme-a-donald-trump-etre-pret-a-de-nouvelles-negociations-avec-l-ukraine_251361.html\" target=\"_blank\" rel=\"noopener\">guerre en Ukraine<\/a>, l\u2019<a href=\"https:\/\/www.huffingtonpost.fr\/international\/article\/en-plein-conflit-israel-iran-ces-prix-nobel-de-la-paix-et-palme-d-or-iraniens-demandent-la-fin-des-hostilites_251423.html\" target=\"_blank\" rel=\"noopener\">escalade militaire en cours entre Isra\u00ebl et l\u2019Iran<\/a> ou la <a href=\"https:\/\/www.huffingtonpost.fr\/france\/article\/une-enquete-pour-complicite-de-genocide-a-gaza-ouverte-par-le-parquet-antiterroriste-une-premiere_251021.html\" target=\"_blank\" rel=\"noopener\">situation \u00e0 Gaza<\/a>. S\u2019il a notamment exhort\u00e9 l\u2019Iran \u00e0 n\u00e9gocier \u00ab\u00a0avant qu\u2019il ne soit trop tard\u00a0\u00bb, dans une r\u00e9f\u00e9rence directe au quatri\u00e8me jour d\u2019un conflit qui ne cesse de s\u2019intensifier entre Tel Aviv et T\u00e9h\u00e9ran, c\u2019est avec la guerre en Ukraine que Donald Trump s\u2019est distingu\u00e9.<\/p>\n<p class=\"asset asset-text\">Dans un extrait t\u00e9l\u00e9vis\u00e9 de la cha\u00eene Fox News relay\u00e9 en ligne, le locataire de la Maison Blanche explique en effet que \u00ab\u00a0le G7\u00a0\u00e9tait autrefois le G8\u00a0\u00bb. Et c\u2019est donc sous les yeux d\u2019un Mark Carney quelque peu d\u00e9contenanc\u00e9 qu\u2019il a tacl\u00e9 avec duret\u00e9 son pr\u00e9d\u00e9cesseur \u00e0 la Maison Blanche, ainsi que l\u2019ancien Premier ministre canadien\u00a0: \u00ab\u00a0Barack Obama et un certain (Justin) Trudeau ne voulaient pas de la Russie\u00a0\u00bb.<\/p>\n<p> La lecture de ce contenu est susceptible d\u2019entra\u00eener un d\u00e9p\u00f4t de cookies de la part de l\u2019op\u00e9rateur tiers qui l\u2019h\u00e9berge. Compte-tenu des choix que vous avez exprim\u00e9s en mati\u00e8re de d\u00e9p\u00f4t de cookies, nous avons bloqu\u00e9 l\u2019affichage de ce contenu. Si vous souhaitez y acc\u00e9der, vous devez accepter la cat\u00e9gorie de cookies \u201cContenus tiers\u201d en cliquant sur le bouton ci-dessous. <\/p>\n<p> Lire la Vid\u00e9o        <\/p>\n<p class=\"asset asset-text\">\u00ab\u00a0Je dirais que c\u2019\u00e9tait une erreur, car je pense qu\u2019il n\u2019y aurait pas de guerre (en Ukraine) aujourd\u2019hui si la Russie \u00e9tait pr\u00e9sente. Et il n\u2019y aurait pas de guerre aujourd\u2019hui si Trump \u00e9tait pr\u00e9sident il y a quatre ans\u00a0\u00bb, a-t-il ajout\u00e9. \u00ab\u00a0Mais \u00e7a ne s\u2019est pas pass\u00e9 comme \u00e7a. Mais avant, c\u2019\u00e9tait le G8\u00a0\u00bb.<\/p>\n<p class=\"asset asset-text\">\u00ab\u00a0Obama n\u2019en voulait pas, et le chef de votre pays (Justin Trudeau), le fier chef de votre pays, ne le voulait pas (&#8230;) Vous savez, vous avez votre ennemi \u00e0 la table des n\u00e9gociations\u2026 Il n\u2019\u00e9tait pas vraiment un ennemi \u00e0 l\u2019\u00e9poque\u00a0\u00bb, a-t-il surench\u00e9ri en s\u2019adressant directement \u00e0 Mark Carney et sans savoir qu\u2019\u00e0 l\u2019\u00e9poque, Justin Trudeau n\u2019\u00e9tait pas encore Premier ministre puisqu\u2019il s\u2019agissait encore de Stephen Harper. Une erreur grossi\u00e8re qui en dit long sur l\u2019obsession de Donald Trump pour l\u2019action politique de Justin Trudeau. Et de son inculture concernant un pays qu\u2019il r\u00eave de voir devenir le 51e \u00c9tat des \u00c9tats-Unis.<\/p>\n<p>    Annexion ill\u00e9gale de la Crim\u00e9e    <\/p>\n<p class=\"asset asset-text\">Cette confusion \u00e9cart\u00e9e, Donald Trump a surtout fait r\u00e9f\u00e9rence avec ses d\u00e9clarations \u00e0 <a href=\"https:\/\/www.huffingtonpost.fr\/international\/article\/g7-conte-a-beaucoup-aime-l-idee-de-trump-de-reintegrer-la-russie-mais_124892.html\" target=\"_blank\" rel=\"noopener\">l\u2019expulsion de la Russie du cercle de discussion des plus grandes puissances mondiales<\/a>. Un \u00e9v\u00e9nement survenu en 2014, lorsque le sommet du G8, organis\u00e9 cette ann\u00e9e-l\u00e0 \u00e0 Sotchi, en Russie, avait \u00e9t\u00e9 annul\u00e9 puis relocalis\u00e9 \u00e0 Bruxelles en raison de l\u2019expulsion de Moscou et de son pr\u00e9sident Vladimir Poutine.<\/p>\n<p class=\"asset asset-text\">Sauf que ce que Donald Trump oublie de dire en r\u00e9\u00e9crivant de la sorte l\u2019histoire de cette mise \u00e0 la porte \u2212 ayant men\u00e9 au retour du format G7\u00a0\u2212 c\u2019est que la Russie avait \u00e9t\u00e9 exclue du sommet des plus influentes puissances mondiales \u00e0 cause de <a href=\"https:\/\/www.huffingtonpost.fr\/international\/article\/guerre-en-ukraine-pourquoi-la-crimee-se-retrouve-au-centre-des-discussions-en-vue-d-une-treve_249193.html\" target=\"_blank\" rel=\"noopener\">l\u2019invasion de la p\u00e9ninsule de Crim\u00e9e, en Ukraine<\/a>. Lanc\u00e9e en f\u00e9vrier et mars\u00a02014\u00a0par l\u2019arm\u00e9e russe, cette op\u00e9ration militaire avait conduit \u00e0 <a href=\"https:\/\/www.huffingtonpost.fr\/international\/article\/degats-severes-l-ukraine-revendique-une-attaque-sur-ce-pont-symbole-de-l-annexion-de-la-crimee_250879.html\" target=\"_blank\" rel=\"noopener\">l\u2019annexion de la r\u00e9gion ukrainienne<\/a>. Une annexion men\u00e9e ill\u00e9galement au regard du droit international, ce qui avait donc conduit les autres dirigeants\u00a0\u00e0 bannir la Russie de ses rangs pour le rendez du G8, alors pr\u00e9vu au mois de juin de la m\u00eame ann\u00e9e.<\/p>\n<p class=\"asset asset-text\">Malgr\u00e9 des faits historiques bien r\u00e9els, Donald Trump a poursuivi son \u00e9tonnante d\u00e9fense de la Russie en assurant que les membres du G7\u00a0avaient \u00ab\u00a0chass\u00e9 la Russie\u00a0\u00bb. \u00ab\u00a0Ce que j\u2019ai qualifi\u00e9 de grave erreur, m\u00eame si je n\u2019\u00e9tais pas en politique \u00e0 l\u2019\u00e9poque\u00a0\u00bb. En revanche, Donald Trump n\u2019a pas plaid\u00e9 pour un retour de Vladimir Poutine au sommet en cours, qui se tient du 15\u00a0au 17\u00a0juin. Se contentant de marteler une fois encore qu\u2019exclure la Russie dix ans plus t\u00f4t \u00e9tait une \u00ab\u00a0grave erreur\u00a0\u00bb.<\/p>\n","protected":false},"excerpt":{"rendered":"Capture d\u2019\u00e9cran X Au format G7\u00a0depuis 2014, apr\u00e8s le retrait de la Russie, le sommet des principales puissances&hellip;\n","protected":false},"author":2,"featured_media":181637,"comment_status":"","ping_status":"","sticky":false,"template":"","format":"standard","meta":{"footnotes":""},"categories":[1591],"tags":[11,13469,75,73,1887,23564,31916,14,12,1885,1886,132],"class_list":{"0":"post-181636","1":"post","2":"type-post","3":"status-publish","4":"format-standard","5":"has-post-thumbnail","7":"category-russie","8":"tag-actualites","9":"tag-crimee","10":"tag-donald-trump","11":"tag-etats-unis","12":"tag-federation-de-russie","13":"tag-g7","14":"tag-g8","15":"tag-international","16":"tag-news","17":"tag-russia","18":"tag-russian-federation","19":"tag-russie"},"share_on_mastodon":{"url":"https:\/\/pubeurope.com\/@fr\/114694820304429803","error":""},"_links":{"self":[{"href":"https:\/\/www.europesays.com\/fr\/wp-json\/wp\/v2\/posts\/181636","targetHints":{"allow":["GET"]}}],"collection":[{"href":"https:\/\/www.europesays.com\/fr\/wp-json\/wp\/v2\/posts"}],"about":[{"href":"https:\/\/www.europesays.com\/fr\/wp-json\/wp\/v2\/types\/post"}],"author":[{"embeddable":true,"href":"https:\/\/www.europesays.com\/fr\/wp-json\/wp\/v2\/users\/2"}],"replies":[{"embeddable":true,"href":"https:\/\/www.europesays.com\/fr\/wp-json\/wp\/v2\/comments?post=181636"}],"version-history":[{"count":0,"href":"https:\/\/www.europesays.com\/fr\/wp-json\/wp\/v2\/posts\/181636\/revisions"}],"wp:featuredmedia":[{"embeddable":true,"href":"https:\/\/www.europesays.com\/fr\/wp-json\/wp\/v2\/media\/181637"}],"wp:attachment":[{"href":"https:\/\/www.europesays.com\/fr\/wp-json\/wp\/v2\/media?parent=181636"}],"wp:term":[{"taxonomy":"category","embeddable":true,"href":"https:\/\/www.europesays.com\/fr\/wp-json\/wp\/v2\/categories?post=181636"},{"taxonomy":"post_tag","embeddable":true,"href":"https:\/\/www.europesays.com\/fr\/wp-json\/wp\/v2\/tags?post=181636"}],"curies":[{"name":"wp","href":"https:\/\/api.w.org\/{rel}","templated":true}]}}