{"id":181638,"date":"2025-06-16T20:00:11","date_gmt":"2025-06-16T20:00:11","guid":{"rendered":"https:\/\/www.europesays.com\/fr\/181638\/"},"modified":"2025-06-16T20:00:11","modified_gmt":"2025-06-16T20:00:11","slug":"la-russie-restitue-des-milliers-de-corps-de-soldats-et-leurope-a-sorti-le-chequier-2","status":"publish","type":"post","link":"https:\/\/www.europesays.com\/fr\/181638\/","title":{"rendered":"La Russie restitue des milliers de corps de soldats et l\u2019Europe a sorti le ch\u00e9quier"},"content":{"rendered":"<p>Vous avez rat\u00e9 les derniers \u00e9v\u00e9nements sur la <a href=\"https:\/\/www.20minutes.fr\/monde\/ukraine\/\" class=\"color-ultramarine c-link\" rel=\"nofollow noopener\" target=\"_blank\">guerre en Ukraine<\/a>\u00a0? 20 Minutes fait le point pour vous tous les soirs. Voici l\u2019essentiel de ce lundi 16\u00a0juin 2025, 1.209e jour du conflit.<\/p>\n<p>Le fait du jour<\/p>\n<p>L\u2019Ukraine a annonc\u00e9 lundi avoir re\u00e7u de la <a href=\"https:\/\/www.20minutes.fr\/monde\/russie\/\" class=\"color-ultramarine c-link\" rel=\"nofollow noopener\" target=\"_blank\">Russie<\/a> 1.245 corps de personnes tu\u00e9es lors de la guerre entre les deux pays, ce qui porte \u00e0 plus de 6.000 le nombre de d\u00e9pouilles d\u2019Ukrainiens pr\u00e9sum\u00e9s remises depuis une semaine. Il s\u2019agit de la derni\u00e8re \u00e9tape d\u2019un accord conclu entre les bellig\u00e9rants \u00e0 Istanbul au d\u00e9but du mois.<\/p>\n<p>Le ministre de l\u2019Int\u00e9rieur, Igor Klymenko, a affirm\u00e9 que les corps rendus \u00e0 Kiev se trouvaient dans \u00ab\u00a0un \u00e9tat extr\u00eamement mutil\u00e9\u00a0\u00bb. L\u2019Ukraine a \u00e9galement re\u00e7u, lors de r\u00e9cents \u00e9changes, des \u00ab\u00a0corps de soldats russes m\u00eal\u00e9s \u00e0 ceux d\u2019Ukrainiens\u00a0\u00bb, a assur\u00e9 Igor Klymenko.<\/p>\n<p>La Russie, pour sa part, dit avoir re\u00e7u en \u00e9change de l\u2019Ukraine 78 d\u00e9pouilles, a indiqu\u00e9 le n\u00e9gociateur en chef russe, affirmant par ailleurs que les \u00e9changes de prisonniers \u00ab\u00a0se poursuivent\u00a0\u00bb. Le ministre russe de la D\u00e9fense a d\u00e9clar\u00e9 \u00eatre pr\u00eat \u00ab\u00a0\u00e0 remettre 2.239 corps suppl\u00e9mentaires de militaires tomb\u00e9s au combat\u00a0\u00bb.<\/p>\n<p>Le pr\u00e9sident ukrainien <a href=\"https:\/\/www.20minutes.fr\/monde\/volodymyr-zelensky\/\" rel=\"nofollow noopener\" class=\"color-ultramarine c-link\" target=\"_blank\">Volodymyr Zelensky<\/a> a accus\u00e9 ce lundi la Russie d\u2019avoir propos\u00e9 \u00e0 Kiev d\u2019\u00e9changer des prisonniers de guerre russes contre des enfants ukrainiens.<\/p>\n<p>La d\u00e9claration du jour<\/p>\n<blockquote class=\"mx-m@xs mx-xxl@md color-ultramarine c-citation\">\n<p class=\"font-weight-regular@xs text-italic font-source-serif-pro text-l@xs c-citation__content\">\u00ab\u00a0L\u2019Europe comble largement le retrait de l\u2019aide am\u00e9ricaine.\u00a0\u00bb<\/p>\n<\/blockquote>\n<p>Les propos sont sign\u00e9s de l\u2019institut de recherche allemand <a href=\"https:\/\/www.ifw-kiel.de\/\" rel=\"nofollow noopener\" target=\"_blank\" class=\"color-ultramarine c-link\">Kiel Institute<\/a>, qui recense l\u2019aide militaire, financi\u00e8re et humanitaire promise et livr\u00e9e \u00e0 l\u2019Ukraine depuis l\u2019invasion russe du 24\u00a0f\u00e9vrier 2022. Dans un rapport publi\u00e9 ce lundi, Kiel Institute estime qu\u2019une hausse de l\u2019aide des pays europ\u00e9ens \u00e0 l\u2019Ukraine a permis d\u00e9but\u00a02025 de combler le vide laiss\u00e9 par le d\u00e9sengagement de la nouvelle administration am\u00e9ricaine de Donald Trump.<\/p>\n<p>Alors que \u00ab\u00a0les <a href=\"https:\/\/www.20minutes.fr\/monde\/etats-unis\/\" class=\"color-ultramarine c-link\" rel=\"nofollow noopener\" target=\"_blank\">Etats-Unis<\/a>, qui \u00e9taient auparavant le plus gros donateur \u00e0 l\u2019Ukraine, n\u2019ont pas annonc\u00e9 de nouvelle enveloppe depuis d\u00e9but janvier\u00a0\u00bb, l\u2019Ukraine a tout de m\u00eame re\u00e7u plus d\u2019aide de janvier \u00e0 avril\u00a02025 qu\u2019en moyenne les ann\u00e9es pr\u00e9c\u00e9dentes sur la m\u00eame p\u00e9riode. \u00ab\u00a0Reste \u00e0 savoir s\u2019il s\u2019agit d\u2019une hausse temporaire ou du d\u00e9but d\u2019une \u00e9volution plus durable du r\u00f4le de l\u2019Europe en tant que principal soutien de l\u2019Ukraine\u00a0\u00bb, a d\u00e9clar\u00e9 l\u2019\u00e9quipe du Kiel Institute.<\/p>\n<p>Les donn\u00e9es de l\u2019organisme montrent que \u00ab\u00a0la r\u00e9cente augmentation de l\u2019aide europ\u00e9enne a \u00e9t\u00e9 tir\u00e9e par un petit groupe de pays\u00a0\u00bb, au premier rang desquels \u00ab\u00a0les pays nordiques et le <a href=\"https:\/\/www.20minutes.fr\/monde\/royaume-uni\/\" class=\"color-ultramarine c-link\" rel=\"nofollow noopener\" target=\"_blank\">Royaume-Uni<\/a>\u00a0\u00bb.<\/p>\n<\/p>\n<p>La tendance<\/p>\n<p>Volodymyr Zelensky fait partie des invit\u00e9s du sommet du <a href=\"https:\/\/www.20minutes.fr\/economie\/g7\/\" class=\"color-ultramarine c-link\" rel=\"nofollow noopener\" target=\"_blank\">G7<\/a>, r\u00e9uni depuis dimanche au <a href=\"https:\/\/www.20minutes.fr\/dossier\/canada\" class=\"color-ultramarine c-link\" rel=\"nofollow noopener\" target=\"_blank\">Canada<\/a>. Le pr\u00e9sident ukrainien, qui n\u2019arrivera que ce lundi soir, compte profiter de l\u2019occasion pour parler \u00e0 Donald Trump, qui l\u2019avait <a href=\"https:\/\/www.20minutes.fr\/monde\/ukraine\/4141270-20250301-guerre-ukraine-ukrainiens-choques-furieux-apres-altercation-trump-zelensky\" class=\"color-ultramarine c-link\" rel=\"nofollow noopener\" target=\"_blank\">publiquement humili\u00e9<\/a> lors de leur rencontre \u00e0 la Maison-Blanche en f\u00e9vrier.<\/p>\n<p>\u00ab\u00a0L\u2019un des sujets dont je discuterai avec le pr\u00e9sident Trump, au cours d\u2019une rencontre, concernera un lot de d\u00e9fense que l\u2019Ukraine est pr\u00eate \u00e0 acheter\u00a0\u00bb, a d\u00e9clar\u00e9 Volodymyr Zelensky, bien que la rencontre n\u2019ait pas \u00e9t\u00e9 officiellement confirm\u00e9e. \u00ab\u00a0Nous devons tous \u0153uvrer pour que l\u2019alliance entre l\u2019Am\u00e9rique et l\u2019Europe ne se d\u00e9sagr\u00e8ge pas. C\u2019est dans l\u2019int\u00e9r\u00eat de tous\u00a0\u00bb, a-t-il insist\u00e9, disant \u00ab\u00a0ne pouvoir imaginer, m\u00eame aujourd\u2019hui, comment vivre et lutter sans l\u2019aide des Etats-Unis\u00a0\u00bb.<\/p>\n<p><a href=\"https:\/\/www.20minutes.fr\/monde\/ukraine\/\" class=\"c-link c-btn c-btn--primary\" rel=\"nofollow noopener\" target=\"_blank\">Notre dossier sur la guerre en Ukraine<\/a><\/p>\n<p>En parall\u00e8le, les Europ\u00e9ens appellent \u00e0 durcir les sanctions contre la Russie et en particulier contre les ventes de p\u00e9trole russe, quand Donald Trump continue au contraire \u00e0 vanter sa proximit\u00e9 avec Vladimir Poutine.<\/p>\n<p>Lundi, le pr\u00e9sident am\u00e9ricain a par exemple dit une nouvelle fois que cela avait \u00e9t\u00e9 une \u00ab\u00a0erreur\u00a0\u00bb d\u2019expulser la Russie de ce qui \u00e9tait alors le G8 suite \u00e0 l\u2019annexion de la <a href=\"https:\/\/www.20minutes.fr\/dossier\/crimee\" class=\"color-ultramarine c-link\" rel=\"nofollow noopener\" target=\"_blank\">Crim\u00e9e<\/a>.<\/p>\n<p>Le chiffre du jour<\/p>\n<p>29\u00a0milliards. C\u2019est en dollars le montant du nouveau plan d\u2019aide humanitaire pour\u00a02025 de l\u2019ONU, alors que les Nations unies r\u00e9clamaient 44\u00a0milliards aux pays donateurs. L\u2019<a href=\"https:\/\/www.20minutes.fr\/monde\/onu\/\" class=\"color-ultramarine c-link\" rel=\"nofollow noopener\" target=\"_blank\">ONU<\/a> a donc \u00e9t\u00e9 contrainte d\u2019annoncer lundi une r\u00e9duction drastique de l\u2019aide humanitaire face \u00ab\u00a0aux pires coupes financi\u00e8res\u00a0\u00bb des pays donateurs et surtout des Etats-Unis. Le plan initial devait permettre d\u2019aider \u00ab\u00a0180\u00a0millions de personnes vuln\u00e9rables\u00a0\u00bb, il ne pourra finalement b\u00e9n\u00e9ficier qu\u2019\u00e0 114\u00a0millions de personnes. La population ukrainienne devrait en p\u00e2tir partiellement.<\/p>\n<p>Tout le secteur humanitaire mondial a \u00e9t\u00e9 jet\u00e9 dans la tourmente par la d\u00e9cision du pr\u00e9sident am\u00e9ricain Donald Trump de mettre fin ou de revoir \u00e0 la baisse l\u2019aide financi\u00e8re \u00e0 l\u2019\u00e9tranger des Etats-Unis.<\/p>\n","protected":false},"excerpt":{"rendered":"Vous avez rat\u00e9 les derniers \u00e9v\u00e9nements sur la guerre en Ukraine\u00a0? 20 Minutes fait le point pour vous&hellip;\n","protected":false},"author":2,"featured_media":181639,"comment_status":"","ping_status":"","sticky":false,"template":"","format":"standard","meta":{"footnotes":""},"categories":[1590],"tags":[47,11,574,73,1777,674,23564,131,4998,78,74,1916,12,136,807,132,220,134],"class_list":{"0":"post-181638","1":"post","2":"type-post","3":"status-publish","4":"format-standard","5":"has-post-thumbnail","7":"category-ukraine","8":"tag-actualite","9":"tag-actualites","10":"tag-canada","11":"tag-etats-unis","12":"tag-eu","13":"tag-europe","14":"tag-g7","15":"tag-guerre-en-ukraine","16":"tag-kremlin","17":"tag-maison-blanche","18":"tag-monde","19":"tag-moscou","20":"tag-news","21":"tag-otan","22":"tag-prisonniers","23":"tag-russie","24":"tag-ukraine","25":"tag-volodymyr-zelensky"},"share_on_mastodon":{"url":"https:\/\/pubeurope.com\/@fr\/114694823860695154","error":""},"_links":{"self":[{"href":"https:\/\/www.europesays.com\/fr\/wp-json\/wp\/v2\/posts\/181638","targetHints":{"allow":["GET"]}}],"collection":[{"href":"https:\/\/www.europesays.com\/fr\/wp-json\/wp\/v2\/posts"}],"about":[{"href":"https:\/\/www.europesays.com\/fr\/wp-json\/wp\/v2\/types\/post"}],"author":[{"embeddable":true,"href":"https:\/\/www.europesays.com\/fr\/wp-json\/wp\/v2\/users\/2"}],"replies":[{"embeddable":true,"href":"https:\/\/www.europesays.com\/fr\/wp-json\/wp\/v2\/comments?post=181638"}],"version-history":[{"count":0,"href":"https:\/\/www.europesays.com\/fr\/wp-json\/wp\/v2\/posts\/181638\/revisions"}],"wp:featuredmedia":[{"embeddable":true,"href":"https:\/\/www.europesays.com\/fr\/wp-json\/wp\/v2\/media\/181639"}],"wp:attachment":[{"href":"https:\/\/www.europesays.com\/fr\/wp-json\/wp\/v2\/media?parent=181638"}],"wp:term":[{"taxonomy":"category","embeddable":true,"href":"https:\/\/www.europesays.com\/fr\/wp-json\/wp\/v2\/categories?post=181638"},{"taxonomy":"post_tag","embeddable":true,"href":"https:\/\/www.europesays.com\/fr\/wp-json\/wp\/v2\/tags?post=181638"}],"curies":[{"name":"wp","href":"https:\/\/api.w.org\/{rel}","templated":true}]}}