{"id":181646,"date":"2025-06-16T20:04:10","date_gmt":"2025-06-16T20:04:10","guid":{"rendered":"https:\/\/www.europesays.com\/fr\/181646\/"},"modified":"2025-06-16T20:04:10","modified_gmt":"2025-06-16T20:04:10","slug":"le-francais-anas-anane-devient-vice-champion-deurope-de-fleuret","status":"publish","type":"post","link":"https:\/\/www.europesays.com\/fr\/181646\/","title":{"rendered":"le Fran\u00e7ais Anas Anane devient vice-champion d&rsquo;Europe de fleuret"},"content":{"rendered":"<p>Malgr\u00e9 sa d\u00e9faite en finale 5-15 contre l\u2019Italien Guillaume Bianchi, le Fran\u00e7ais Anas Anae a d\u00e9croch\u00e9 la m\u00e9daille d\u2019argent.<\/p>\n<p class=\"fig-paragraph\">L&rsquo;escrimeur fran\u00e7ais Anas Anane, 35e mondial, est devenu vice-champion d&rsquo;Europe de fleuret lundi \u00e0 G\u00eanes apr\u00e8s sa d\u00e9faite en finale 5-15 contre l&rsquo;Italien Guillaume Bianchi, vice-champion olympique par \u00e9quipes \u00e0 Paris. Pour ses tout premiers Championnats d&rsquo;Europe dans la cat\u00e9gorie s\u00e9nior, le Fran\u00e7ais de 21 ans ram\u00e8ne donc la m\u00e9daille d&rsquo;argent, quelques semaines apr\u00e8s avoir obtenu le bronze par \u00e9quipe \u00e0 la Coupe du monde de Vancouver pour sa premi\u00e8re s\u00e9lection en \u00e9quipe de France s\u00e9niors.<\/p>\n<p class=\"fig-paragraph\">Anas Anane, num\u00e9ro 1 fran\u00e7ais depuis quelques semaines, poursuit sa belle saison, d\u00e9but\u00e9e avec les Juniors par deux m\u00e9dailles d&rsquo;argent aux Championnats d&rsquo;Europe U23 \u00e0 Tallinn (Estonie), en individuel et par \u00e9quipe en avril.<\/p>\n<p class=\"fig-paragraph\">Sur son chemin vers la m\u00e9daille d&rsquo;argent, il a battu ce lundi deux m\u00e9daill\u00e9s olympiques\u00a0: son compatriote Maxime Pauty, champion olympique par \u00e9quipes \u00e0 Tokyo-2020 et m\u00e9daill\u00e9 de bronze par \u00e9quipes \u00e0 Paris-2024, pour son entr\u00e9e en lice (15-11), et le Russe Anton Borodachev, vice-champion olympique par \u00e9quipes \u00e0 Tokyo (15-13). En demi-finale, il s&rsquo;\u00e9tait d\u00e9fait 15 touches \u00e0 13 du num\u00e9ro 2 mondial, l&rsquo;Italien Tommaso Marini, champion du monde en 2023.<\/p>\n","protected":false},"excerpt":{"rendered":"Malgr\u00e9 sa d\u00e9faite en finale 5-15 contre l\u2019Italien Guillaume Bianchi, le Fran\u00e7ais Anas Anae a d\u00e9croch\u00e9 la m\u00e9daille&hellip;\n","protected":false},"author":2,"featured_media":181647,"comment_status":"","ping_status":"","sticky":false,"template":"","format":"standard","meta":{"footnotes":""},"categories":[1586],"tags":[2466,2465,2464,11,1977,1981,451,207,1946,1777,2468,674,63,1454,1011,27,66,447,2467,1457,2182,12,25,1980,479,2259,1467],"class_list":{"0":"post-181646","1":"post","2":"type-post","3":"status-publish","4":"format-standard","5":"has-post-thumbnail","7":"category-europe","8":"tag-2466","9":"tag-actu-sport","10":"tag-actualite-sportive","11":"tag-actualites","12":"tag-auto","13":"tag-classement","14":"tag-coupe-du-monde","15":"tag-cyclisme","16":"tag-escrime","17":"tag-eu","18":"tag-euro-foot","19":"tag-europe","20":"tag-football","21":"tag-formule-1","22":"tag-fr","23":"tag-france","24":"tag-ligue-1","25":"tag-ligue-des-champions","26":"tag-live-sport","27":"tag-moto","28":"tag-nba","29":"tag-news","30":"tag-republique-francaise","31":"tag-resultats","32":"tag-rugby","33":"tag-score","34":"tag-tennis"},"share_on_mastodon":{"url":"https:\/\/pubeurope.com\/@fr\/114694839553319830","error":""},"_links":{"self":[{"href":"https:\/\/www.europesays.com\/fr\/wp-json\/wp\/v2\/posts\/181646","targetHints":{"allow":["GET"]}}],"collection":[{"href":"https:\/\/www.europesays.com\/fr\/wp-json\/wp\/v2\/posts"}],"about":[{"href":"https:\/\/www.europesays.com\/fr\/wp-json\/wp\/v2\/types\/post"}],"author":[{"embeddable":true,"href":"https:\/\/www.europesays.com\/fr\/wp-json\/wp\/v2\/users\/2"}],"replies":[{"embeddable":true,"href":"https:\/\/www.europesays.com\/fr\/wp-json\/wp\/v2\/comments?post=181646"}],"version-history":[{"count":0,"href":"https:\/\/www.europesays.com\/fr\/wp-json\/wp\/v2\/posts\/181646\/revisions"}],"wp:featuredmedia":[{"embeddable":true,"href":"https:\/\/www.europesays.com\/fr\/wp-json\/wp\/v2\/media\/181647"}],"wp:attachment":[{"href":"https:\/\/www.europesays.com\/fr\/wp-json\/wp\/v2\/media?parent=181646"}],"wp:term":[{"taxonomy":"category","embeddable":true,"href":"https:\/\/www.europesays.com\/fr\/wp-json\/wp\/v2\/categories?post=181646"},{"taxonomy":"post_tag","embeddable":true,"href":"https:\/\/www.europesays.com\/fr\/wp-json\/wp\/v2\/tags?post=181646"}],"curies":[{"name":"wp","href":"https:\/\/api.w.org\/{rel}","templated":true}]}}