{"id":181648,"date":"2025-06-16T20:05:28","date_gmt":"2025-06-16T20:05:28","guid":{"rendered":"https:\/\/www.europesays.com\/fr\/181648\/"},"modified":"2025-06-16T20:05:28","modified_gmt":"2025-06-16T20:05:28","slug":"on-etait-epuises-elodie-de-mapr-revele-avoir-eu-des-soucis-avec-son-fils-martin-et-avoir-du-consulter-un-coach","status":"publish","type":"post","link":"https:\/\/www.europesays.com\/fr\/181648\/","title":{"rendered":"\u00ab\u00a0On \u00e9tait \u00e9puis\u00e9s\u00a0\u00bb : \u00c9lodie de MAPR r\u00e9v\u00e8le avoir eu des soucis avec son fils Martin et avoir d\u00fb consulter un coach"},"content":{"rendered":"<p>Sur Instagram, \u00c9lodie, r\u00e9v\u00e9l\u00e9e dans la saison 4 de Mari\u00e9s au premier regard sur M6, a \u00e9voqu\u00e9 sans filtre les difficult\u00e9s rencontr\u00e9es avec son fils Martin. La jeune maman a m\u00eame confi\u00e9 avoir fait appel \u00e0 un coach pour l\u2019aider \u00e0 retrouver des nuits sereines avec son compagnon Bastien.<\/p>\n<p>R\u00e9v\u00e9l\u00e9e au grand public en 2019 dans la <a href=\"https:\/\/www.voici.fr\/news-people\/photo-maries-au-premier-regard-ce-couple-de-la-quatrieme-saison-serait-toujours-marie-673367\" target=\"_blank\" rel=\"noopener\">saison 4 de Mari\u00e9s au premier regard<\/a>, \u00c9lodie avait fait sensation <a href=\"https:\/\/www.voici.fr\/news-people\/maries-au-premier-regard-ce-lourd-reproche-d-elodie-a-son-ex-mari-joachim-783793\" target=\"_blank\" rel=\"noopener\">en \u00e9pousant Joachim<\/a>, avec qui elle semblait former l\u2019un des couples les plus soud\u00e9s de cette \u00e9dition. Pourtant, malgr\u00e9 un d\u00e9but d\u2019histoire prometteur, leur mariage n\u2019a pas r\u00e9sist\u00e9 au temps, et le couple a fini par divorcer. Depuis, la jeune femme a <a href=\"https:\/\/www.voici.fr\/news-people\/maries-au-premier-regard-elodie-a-deja-tourne-la-page-apres-joachim-elle-presente-son-nouveau-cheri-746537\" target=\"_blank\" rel=\"noopener\">retrouv\u00e9 l\u2019amour dans les bras de Bastien<\/a>, avec qui elle a <a href=\"https:\/\/www.voici.fr\/news-people\/nos-coeurs-debordent-de-joie-elodie-mapr-a-accouche-de-son-premier-enfant-decouvrez-le-sexe-et-le-prenom-du-bebe-787383\" target=\"_blank\" rel=\"noopener\">accueilli un petit gar\u00e7on<\/a>, Martin, le 29 juillet 2024.<\/p>\n<p>Ce dimanche 15 juin 2025, la jeune maman a pris la parole en story Instagram pour partager une \u00e9tape importante dans la vie de son fils\u2026 et dans la leur. \u00ab\u00a0Martin s&rsquo;endort d\u00e9sormais seul, <strong>dans son lit, et a fait ses premi\u00e8res nuits sans biberon !<\/strong>\u00a0\u00bb s&rsquo;est-elle r\u00e9jouie. \u00ab\u00a0C&rsquo;est un vrai tournant pour nous, parce qu&rsquo;on revient de loin : <strong>il dormait avec nous, ne s&rsquo;endormait jamais seul, et prenait trois biberons par nuit ! <\/strong>On n&rsquo;y croyait plus\u00a0\u00bb, a-t-elle r\u00e9v\u00e9l\u00e9 \u00e0 ses abonn\u00e9s.<\/p>\n<p>Elodie (MAPR) raconte le calvaire de ses nuits courtes avec son b\u00e9b\u00e9<\/p>\n<p>Dans un \u00e9change avec ses abonn\u00e9s, Elodie et son compagnon ont donn\u00e9 <strong>plus de d\u00e9tails sur les soucis de sommeil <\/strong>qu&rsquo;ils avaient avec leur fils, et les mois \u00e9prouvants qu&rsquo;ils ont v\u00e9cus : \u00ab\u00a0Nous \u00e9tions \u00e9puis\u00e9s, tout simplement, parce que Martin dormait entre nous deux\u00a0\u00bb, se souvient la jeune maman. Une situation qui emp\u00eache d&rsquo;avoir un bon sommeil profond et r\u00e9parateur. D&rsquo;autant plus que ce n&rsquo;\u00e9tait pas tout : \u00ab\u00a0Il ne mangeait pas assez la journ\u00e9e <strong>parce qu&rsquo;il buvait trois biberons la nuit. <\/strong>Il s&rsquo;\u00e9tait habitu\u00e9 \u00e0 manger la nuit, du coup, il ne mangeait rien la journ\u00e9e\u00a0\u00bb, se souvient Bastien, le p\u00e8re du petit gar\u00e7on. \u00ab\u00a0Il fallait \u00eatre d&rsquo;attaque la nuit\u2026\u00a0\u00bb, rel\u00e8ve la jeune maman.<\/p>\n<p>En plus des repas nocturnes, Martin avait du mal \u00e0 s\u2019endormir seul et ne faisait que de courtes siestes de trente minutes. Un sommeil fractionn\u00e9, des r\u00e9veils \u00e0 r\u00e9p\u00e9tition et un rythme difficile \u00e0 tenir pour les parents, qui les ont conduits \u00e0 faire appel \u00e0 un professionnel.<\/p>\n","protected":false},"excerpt":{"rendered":"Sur Instagram, \u00c9lodie, r\u00e9v\u00e9l\u00e9e dans la saison 4 de Mari\u00e9s au premier regard sur M6, a \u00e9voqu\u00e9 sans&hellip;\n","protected":false},"author":2,"featured_media":181649,"comment_status":"","ping_status":"","sticky":false,"template":"","format":"standard","meta":{"footnotes":""},"categories":[1586],"tags":[11,1777,674,1779,1011,27,196,2440,5214,198,12,25,1364,31917,1778,364],"class_list":{"0":"post-181648","1":"post","2":"type-post","3":"status-publish","4":"format-standard","5":"has-post-thumbnail","7":"category-europe","8":"tag-actualites","9":"tag-eu","10":"tag-europe","11":"tag-european-union","12":"tag-fr","13":"tag-france","14":"tag-grossesse","15":"tag-instagram","16":"tag-mariu00e9s-au-premier-regard","17":"tag-naissance","18":"tag-news","19":"tag-republique-francaise","20":"tag-tv","21":"tag-u00c9lodie-mariu00e9s-au-premier-regard-4","22":"tag-ue","23":"tag-union-europeenne"},"share_on_mastodon":{"url":"https:\/\/pubeurope.com\/@fr\/114694843525011217","error":""},"_links":{"self":[{"href":"https:\/\/www.europesays.com\/fr\/wp-json\/wp\/v2\/posts\/181648","targetHints":{"allow":["GET"]}}],"collection":[{"href":"https:\/\/www.europesays.com\/fr\/wp-json\/wp\/v2\/posts"}],"about":[{"href":"https:\/\/www.europesays.com\/fr\/wp-json\/wp\/v2\/types\/post"}],"author":[{"embeddable":true,"href":"https:\/\/www.europesays.com\/fr\/wp-json\/wp\/v2\/users\/2"}],"replies":[{"embeddable":true,"href":"https:\/\/www.europesays.com\/fr\/wp-json\/wp\/v2\/comments?post=181648"}],"version-history":[{"count":0,"href":"https:\/\/www.europesays.com\/fr\/wp-json\/wp\/v2\/posts\/181648\/revisions"}],"wp:featuredmedia":[{"embeddable":true,"href":"https:\/\/www.europesays.com\/fr\/wp-json\/wp\/v2\/media\/181649"}],"wp:attachment":[{"href":"https:\/\/www.europesays.com\/fr\/wp-json\/wp\/v2\/media?parent=181648"}],"wp:term":[{"taxonomy":"category","embeddable":true,"href":"https:\/\/www.europesays.com\/fr\/wp-json\/wp\/v2\/categories?post=181648"},{"taxonomy":"post_tag","embeddable":true,"href":"https:\/\/www.europesays.com\/fr\/wp-json\/wp\/v2\/tags?post=181648"}],"curies":[{"name":"wp","href":"https:\/\/api.w.org\/{rel}","templated":true}]}}