{"id":18165,"date":"2025-04-11T20:16:15","date_gmt":"2025-04-11T20:16:15","guid":{"rendered":"https:\/\/www.europesays.com\/fr\/18165\/"},"modified":"2025-04-11T20:16:15","modified_gmt":"2025-04-11T20:16:15","slug":"apres-son-deplacement-au-royaume-uni-le-prince-harry-sest-rendu-en-ukraine-sans-en-avertir-le-roi-charles-iii","status":"publish","type":"post","link":"https:\/\/www.europesays.com\/fr\/18165\/","title":{"rendered":"Apr\u00e8s son d\u00e9placement au Royaume-Uni, le prince Harry s&rsquo;est rendu en Ukraine&#8230; sans en avertir le roi Charles III"},"content":{"rendered":"<p class=\"ap-StoryElement ap-StoryElement--mb ap-StoryText\">\u00c0 l&rsquo;abri des regards, le prince Harry s&rsquo;est d\u00e9plac\u00e9 \u00e0 Lviv, en Ukraine. Apr\u00e8s avoir pass\u00e9 deux jours sur le sol britannique, \u00e0 la Haute Cour de Londres, o\u00f9 il a fait appel de la d\u00e9cision de le d\u00e9mettre de sa protection polici\u00e8re, le prince Harry s&rsquo;est envol\u00e9 ce 10 avril pour l&rsquo;Ukraine. Accompagn\u00e9 de sa fondation Invictus Games, cr\u00e9\u00e9e en 2014 et d\u00e9di\u00e9e aux soldats et v\u00e9t\u00e9rans bless\u00e9s en service, le duc de Sussex a visit\u00e9 le Superhumans Center.<\/p>\n<p class=\"ap-StoryElement ap-StoryElement--mb ap-StoryText\">Inaugur\u00e9e en 2023, cette clinique s&rsquo;occupe des personnes affect\u00e9es et traumatis\u00e9es par la guerre, en leur offrant des proth\u00e8ses de pointe, des chirurgies reconstructrices, des r\u00e9\u00e9ducations et un soutien psychologique. Lors de cette visite, le mari de Meghan Markle a pu \u00e9changer avec les victimes de la guerre, mais aussi avec la directrice de la clinique Olga Rudneva.<\/p>\n","protected":false},"excerpt":{"rendered":"\u00c0 l&rsquo;abri des regards, le prince Harry s&rsquo;est d\u00e9plac\u00e9 \u00e0 Lviv, en Ukraine. Apr\u00e8s avoir pass\u00e9 deux jours&hellip;\n","protected":false},"author":2,"featured_media":18166,"comment_status":"","ping_status":"","sticky":false,"template":"","format":"standard","meta":{"footnotes":""},"categories":[1588],"tags":[11,1777,674,4844,12,473,1853,1851,220,1850,1852,586],"class_list":{"0":"post-18165","1":"post","2":"type-post","3":"status-publish","4":"format-standard","5":"has-post-thumbnail","7":"category-royaume-uni","8":"tag-actualites","9":"tag-eu","10":"tag-europe","11":"tag-harry","12":"tag-news","13":"tag-royaume-uni","14":"tag-royaume-uni-de-grande-bretagne-et-dirlande-du-nord","15":"tag-uk","16":"tag-ukraine","17":"tag-united-kingdom","18":"tag-united-kingdom-of-great-britain-and-northern-ireland","19":"tag-voyage"},"share_on_mastodon":{"url":"https:\/\/pubeurope.com\/@fr\/114321174309322843","error":""},"_links":{"self":[{"href":"https:\/\/www.europesays.com\/fr\/wp-json\/wp\/v2\/posts\/18165","targetHints":{"allow":["GET"]}}],"collection":[{"href":"https:\/\/www.europesays.com\/fr\/wp-json\/wp\/v2\/posts"}],"about":[{"href":"https:\/\/www.europesays.com\/fr\/wp-json\/wp\/v2\/types\/post"}],"author":[{"embeddable":true,"href":"https:\/\/www.europesays.com\/fr\/wp-json\/wp\/v2\/users\/2"}],"replies":[{"embeddable":true,"href":"https:\/\/www.europesays.com\/fr\/wp-json\/wp\/v2\/comments?post=18165"}],"version-history":[{"count":0,"href":"https:\/\/www.europesays.com\/fr\/wp-json\/wp\/v2\/posts\/18165\/revisions"}],"wp:featuredmedia":[{"embeddable":true,"href":"https:\/\/www.europesays.com\/fr\/wp-json\/wp\/v2\/media\/18166"}],"wp:attachment":[{"href":"https:\/\/www.europesays.com\/fr\/wp-json\/wp\/v2\/media?parent=18165"}],"wp:term":[{"taxonomy":"category","embeddable":true,"href":"https:\/\/www.europesays.com\/fr\/wp-json\/wp\/v2\/categories?post=18165"},{"taxonomy":"post_tag","embeddable":true,"href":"https:\/\/www.europesays.com\/fr\/wp-json\/wp\/v2\/tags?post=18165"}],"curies":[{"name":"wp","href":"https:\/\/api.w.org\/{rel}","templated":true}]}}