{"id":181658,"date":"2025-06-16T20:10:11","date_gmt":"2025-06-16T20:10:11","guid":{"rendered":"https:\/\/www.europesays.com\/fr\/181658\/"},"modified":"2025-06-16T20:10:11","modified_gmt":"2025-06-16T20:10:11","slug":"puygouzon-volley-fete-et-moustaches-au-programme-du-tournoi","status":"publish","type":"post","link":"https:\/\/www.europesays.com\/fr\/181658\/","title":{"rendered":"Puygouzon\u00a0: volley, f\u00eate et moustaches au programme du tournoi"},"content":{"rendered":"<p>\n                                                                    l&rsquo;essentiel<br \/>\n                                                                Le PUC 81 f\u00eate sa saison avec un tournoi fun, sportif et poilu. Le tournoi des moustachus vient clore la saison de volleyball avec panache.\n                            <\/p>\n<p>Les Pucistes, autrement dit les licenci\u00e9s du PUC 81 Volleyball, affubl\u00e9s de moustaches pour l\u2019occasion, sont \u00e0 pied d\u2019\u0153uvre pour l\u2019organisation de la comp\u00e9tition.<\/p>\n<p>Le temps d\u2019un week-end, du 21 au 22\u00a0juin, la pelouse du stade de la Cayri\u00e9 va \u00eatre transform\u00e9e en plusieurs terrains de volley-ball. Apr\u00e8s le succ\u00e8s des Fiso, c\u2019est le tournoi des moustachus qui cl\u00f4ture la bonne saison du club. Deux jours o\u00f9 convivialit\u00e9, comp\u00e9tition et volley se conjuguent. Les moustaches sous toutes leurs formes se rencontrent, se toisent et s\u2019amusent.<\/p>\n<p>Le tournoi va d\u00e9buter samedi de 10\u00a0heures \u00e0 13\u00a0heures, pour les petits duvets de moins de 15 ans. \u00ab\u00a0Que tu sois novice, petit, grand, fille, gar\u00e7on, jeune ou un peu moins jeune, nous te convions au tournoi, avec tes copains ou copines\u00a0\u00bb, pr\u00e9cise le pr\u00e9sident Ren\u00e9 Barth\u00e9l\u00e9my. Plus de 300 joueuses et joueurs engag\u00e9s dans un tournoi 3&#215;3 mixte sur le week-end, avec cinq niveaux diff\u00e9rents, sur seize terrains.<\/p>\n<p>Le tout est organis\u00e9 et orchestr\u00e9 par une cinquantaine de b\u00e9n\u00e9voles. Apr\u00e8s les duvets, les moustachus vont s\u2019affronter le samedi de 13\u00a0heures \u00e0 18\u00a0heures, en tournoi 4&#215;4 mixte (2 filles\/2 gar\u00e7ons) et tournoi 4&#215;4 loisir (1 fille minimum). La premi\u00e8re journ\u00e9e se termine traditionnellement avec une soir\u00e9e repas dansante organis\u00e9e par le club.<\/p>\n<p>Tous les participants sont invit\u00e9s \u00e0 venir partager un moment convivial et festif, sans mod\u00e9ration, et toujours dans la bonne humeur. Apr\u00e8s une nuit de sommeil, plus ou moins r\u00e9paratrice, le dimanche les comp\u00e9titions reprennent de 9\u00a0heures \u00e0 17\u00a0heures avec un tournoi 3&#215;3 (filles et gar\u00e7ons). Si le beau temps est de la partie, tous les ingr\u00e9dients seront l\u00e0 pour une \u00e9dition inoubliable.<br \/>Plus d\u2019infos\u00a0: contact@puc81.fr.<\/p>\n","protected":false},"excerpt":{"rendered":"l&rsquo;essentiel Le PUC 81 f\u00eate sa saison avec un tournoi fun, sportif et poilu. Le tournoi des moustachus&hellip;\n","protected":false},"author":2,"featured_media":181659,"comment_status":"","ping_status":"","sticky":false,"template":"","format":"standard","meta":{"footnotes":""},"categories":[1417],"tags":[1011,27,60,1470,1469],"class_list":{"0":"post-181658","1":"post","2":"type-post","3":"status-publish","4":"format-standard","5":"has-post-thumbnail","7":"category-volley","8":"tag-fr","9":"tag-france","10":"tag-sports","11":"tag-volley","12":"tag-volleyball"},"share_on_mastodon":{"url":"https:\/\/pubeurope.com\/@fr\/114694863218178897","error":""},"_links":{"self":[{"href":"https:\/\/www.europesays.com\/fr\/wp-json\/wp\/v2\/posts\/181658","targetHints":{"allow":["GET"]}}],"collection":[{"href":"https:\/\/www.europesays.com\/fr\/wp-json\/wp\/v2\/posts"}],"about":[{"href":"https:\/\/www.europesays.com\/fr\/wp-json\/wp\/v2\/types\/post"}],"author":[{"embeddable":true,"href":"https:\/\/www.europesays.com\/fr\/wp-json\/wp\/v2\/users\/2"}],"replies":[{"embeddable":true,"href":"https:\/\/www.europesays.com\/fr\/wp-json\/wp\/v2\/comments?post=181658"}],"version-history":[{"count":0,"href":"https:\/\/www.europesays.com\/fr\/wp-json\/wp\/v2\/posts\/181658\/revisions"}],"wp:featuredmedia":[{"embeddable":true,"href":"https:\/\/www.europesays.com\/fr\/wp-json\/wp\/v2\/media\/181659"}],"wp:attachment":[{"href":"https:\/\/www.europesays.com\/fr\/wp-json\/wp\/v2\/media?parent=181658"}],"wp:term":[{"taxonomy":"category","embeddable":true,"href":"https:\/\/www.europesays.com\/fr\/wp-json\/wp\/v2\/categories?post=181658"},{"taxonomy":"post_tag","embeddable":true,"href":"https:\/\/www.europesays.com\/fr\/wp-json\/wp\/v2\/tags?post=181658"}],"curies":[{"name":"wp","href":"https:\/\/api.w.org\/{rel}","templated":true}]}}