{"id":181688,"date":"2025-06-16T20:27:09","date_gmt":"2025-06-16T20:27:09","guid":{"rendered":"https:\/\/www.europesays.com\/fr\/181688\/"},"modified":"2025-06-16T20:27:09","modified_gmt":"2025-06-16T20:27:09","slug":"un-nombre-impressionnant-de-coeurs-equipera-les-prochains-processeurs-intel","status":"publish","type":"post","link":"https:\/\/www.europesays.com\/fr\/181688\/","title":{"rendered":"Un nombre impressionnant de c\u0153urs \u00e9quipera les prochains processeurs Intel"},"content":{"rendered":"<p class=\"ed__a-p ed__bdy__l\">Les processeurs Nova Lake-S font l\u2019objet d\u2019une fuite d\u2019informations qui met l\u2019eau \u00e0 la bouche. Selon un leaker renomm\u00e9 @g01d3nm4ng0, la nouvelle architecture de processeur Intel pour PC de bureau pourrait embarquer jusqu\u2019\u00e0 52 c\u0153urs.<\/p>\n<p>52 c\u0153urs pour le Core Ultra 9 !<\/p>\n<p class=\"ed__a-p ed__bdy__l\">Intel utiliserait les P-Cores, les E-Cores et les LP-Cores sur cette architecture et, comme les Arrow Lake, ils seraient d\u00e9pourvus de la technologie HyperThreading. Ainsi, il y aura autant de c\u0153urs logiques que de c\u0153urs physiques.<\/p>\n<p>        Publicit\u00e9, votre contenu continue ci-dessous<\/p>\n<p class=\"ed__a-p ed__bdy__l\">Sept r\u00e9f\u00e9rences allant du Core Ultra 3 au Core Ultra 9 seraient pr\u00e9vues, comptant respectivement 12 \u00e0 52 c\u0153urs pour une enveloppe thermique vis\u00e9e de 65 \u00e0 150W.<\/p>\n<p class=\"ed__a-p ed__bdy__l\">Avec des processeurs dot\u00e9s d\u2019autant de c\u0153urs, on ne peut que supposer qu\u2019Intel ne vise pas uniquement les joueurs, puisque les jeux tirant parti d&rsquo;autant de c\u0153urs ne sont pas l\u00e9gion. Par contre, un usage cr\u00e9atif et fortement multit\u00e2che pourrait grandement profiter de cette prolif\u00e9ration du nombre de c\u0153urs. \u00c0 titre de comparaison, le Core Ultra 285K, fer de lance des Arrow Lake, compte 24 c\u0153urs, tandis que le Ryzen 9 9950X embarque 16 c\u0153urs Zen5 pour 32 c\u0153urs logiques gr\u00e2ce au multithreading.<\/p>\n<p>Pas avant 2026 avec un nouveau socket<\/p>\n<p class=\"ed__a-p ed__bdy__l\">Il faudra cependant patienter encore un moment avant de voir d\u00e9barquer les processeurs Nova Lake-S, puisque leur arriv\u00e9e n\u2019est pas attendue avant 2026. Un rafra\u00eechissement des Arrow Lake est d&rsquo;ailleurs attendu pour le 4e trimestre de cette ann\u00e9e.<\/p>\n<p class=\"ed__a-p ed__bdy__l\">Une chose est s\u00fbre, il faudra une nouvelle fois changer de carte m\u00e8re puisque le socket qui accueille le processeur contiendra 1954 broches contre 1851 broches actuellement.<\/p>\n<p>        Publicit\u00e9, votre contenu continue ci-dessous<\/p>\n","protected":false},"excerpt":{"rendered":"Les processeurs Nova Lake-S font l\u2019objet d\u2019une fuite d\u2019informations qui met l\u2019eau \u00e0 la bouche. Selon un leaker&hellip;\n","protected":false},"author":2,"featured_media":181689,"comment_status":"","ping_status":"","sticky":false,"template":"","format":"standard","meta":{"footnotes":""},"categories":[7],"tags":[1011,27,43,40,41,39,42,44],"class_list":{"0":"post-181688","1":"post","2":"type-post","3":"status-publish","4":"format-standard","5":"has-post-thumbnail","7":"category-sciences-et-technologies","8":"tag-fr","9":"tag-france","10":"tag-science","11":"tag-science-and-technology","12":"tag-sciences","13":"tag-sciences-et-technologies","14":"tag-technologies","15":"tag-technology"},"share_on_mastodon":{"url":"https:\/\/pubeurope.com\/@fr\/114694930047758452","error":""},"_links":{"self":[{"href":"https:\/\/www.europesays.com\/fr\/wp-json\/wp\/v2\/posts\/181688","targetHints":{"allow":["GET"]}}],"collection":[{"href":"https:\/\/www.europesays.com\/fr\/wp-json\/wp\/v2\/posts"}],"about":[{"href":"https:\/\/www.europesays.com\/fr\/wp-json\/wp\/v2\/types\/post"}],"author":[{"embeddable":true,"href":"https:\/\/www.europesays.com\/fr\/wp-json\/wp\/v2\/users\/2"}],"replies":[{"embeddable":true,"href":"https:\/\/www.europesays.com\/fr\/wp-json\/wp\/v2\/comments?post=181688"}],"version-history":[{"count":0,"href":"https:\/\/www.europesays.com\/fr\/wp-json\/wp\/v2\/posts\/181688\/revisions"}],"wp:featuredmedia":[{"embeddable":true,"href":"https:\/\/www.europesays.com\/fr\/wp-json\/wp\/v2\/media\/181689"}],"wp:attachment":[{"href":"https:\/\/www.europesays.com\/fr\/wp-json\/wp\/v2\/media?parent=181688"}],"wp:term":[{"taxonomy":"category","embeddable":true,"href":"https:\/\/www.europesays.com\/fr\/wp-json\/wp\/v2\/categories?post=181688"},{"taxonomy":"post_tag","embeddable":true,"href":"https:\/\/www.europesays.com\/fr\/wp-json\/wp\/v2\/tags?post=181688"}],"curies":[{"name":"wp","href":"https:\/\/api.w.org\/{rel}","templated":true}]}}