{"id":18169,"date":"2025-04-11T20:18:09","date_gmt":"2025-04-11T20:18:09","guid":{"rendered":"https:\/\/www.europesays.com\/fr\/18169\/"},"modified":"2025-04-11T20:18:09","modified_gmt":"2025-04-11T20:18:09","slug":"luuk-van-middelaar-il-est-humiliant-que-leurope-ne-negocie-pas-sur-lukraine","status":"publish","type":"post","link":"https:\/\/www.europesays.com\/fr\/18169\/","title":{"rendered":"Luuk van Middelaar\u00a0: \u00ab\u00a0Il est humiliant que l\u2019Europe ne n\u00e9gocie pas sur l\u2019Ukraine\u00a0\u00bb"},"content":{"rendered":"<p>\n                                                Cette semaine, nous accueillons Luuk van Middelaar, philosophe et historien n\u00e9erlandais, ancien conseiller du Conseil europ\u00e9en et \u00e0 la t\u00eate du think tank Brussels Institute for Geopolitics. Face \u00e0 la menace russe et \u00e0 l\u2019hostilit\u00e9 des \u00c9tats-Unis envers l\u2019Union europ\u00e9enne, il commente les d\u00e9fis majeurs que les Vingt-Sept doivent relever.                    <\/p>\n<p>Cette semaine, <strong><a target=\"_self\" href=\"https:\/\/www.rfi.fr\/fr\/tag\/donald-trump\/\" class=\"gtm-add-suggested-tag\" rel=\"noopener\">Donald Trump<\/a><\/strong> a annonc\u00e9 qu&rsquo;il suspendait pour 90\u00a0jours une salve de droits de douane \u00ab\u00a0r\u00e9ciproques\u00a0\u00bb qu&rsquo;il avait d\u00e9voil\u00e9e une semaine plus t\u00f4t \u00e0 l&rsquo;encontre de dizaines de pays, dont les \u00c9tats membres de l&rsquo;<strong><a target=\"_self\" href=\"https:\/\/www.rfi.fr\/fr\/tag\/union-europ\u00e9enne\/\" class=\"gtm-add-suggested-tag\" rel=\"noopener\">Union europ\u00e9enne<\/a><\/strong> (UE). Le pr\u00e9sident am\u00e9ricain maintient cependant une surtaxe g\u00e9n\u00e9rale \u00e0 l&rsquo;importation de\u00a010%. \u00ab\u00a0Aujourd\u2019hui, nous ne savons plus tr\u00e8s bien si ces droits de douane ont pour but de n\u00e9gocier de meilleurs accords avec les partenaires commerciaux des <strong><a target=\"_self\" href=\"https:\/\/www.rfi.fr\/fr\/tag\/\u00e9tats-unis\/\" class=\"gtm-add-suggested-tag\" rel=\"noopener\">\u00c9tats-Unis<\/a><\/strong> ou s\u2019ils sont destin\u00e9s \u00e0 rester \u00e0 long terme\u00a0\u00bb, explique Luuk van Middelaar.<\/p>\n<p>En revanche, l\u2019administration am\u00e9ricaine porte \u00e0\u00a0125% les droits de douane contre les produits en provenance de <strong><a target=\"_self\" href=\"https:\/\/www.rfi.fr\/fr\/tag\/chine\/\" class=\"gtm-add-suggested-tag\" rel=\"noopener\">Chine<\/a><\/strong>. \u00ab\u00a0Il y a une intensification de la guerre commerciale avec la Chine et un apaisement avec tous les autres. La vraie obsession des Am\u00e9ricains, c\u2019est l&rsquo;\u00e9mergence de la Chine comme rival strat\u00e9gique, qui risque de prendre la premi\u00e8re place dans le monde au niveau \u00e9conomique, strat\u00e9gique et militaire\u00a0\u00bb, d\u00e9taille Luuk van Middelaar, \u00e9galement ancien conseiller du premier pr\u00e9sident du Conseil europ\u00e9en. \u00ab\u00a0Les \u00c9tats-Unis veulent se repositionner dans cette rivalit\u00e9 strat\u00e9gique avec la Chine et pour cela, ils sont pr\u00eats \u00e0 tout d\u00e9truire, m\u00eame l&rsquo;ordre mondial qu&rsquo;ils ont construit.\u00a0\u00bb\u00a0<\/p>\n<p><strong>\u00ab<\/strong>\u00a0<strong>Ce qui est en jeu, c&rsquo;est l&rsquo;avenir du continent europ\u00e9en<\/strong>\u00a0<strong>\u00bb<\/strong><\/p>\n<p>Au chapitre de la guerre en <strong><a target=\"_self\" href=\"https:\/\/www.rfi.fr\/fr\/tag\/ukraine\/\" class=\"gtm-add-suggested-tag\" rel=\"noopener\">Ukraine<\/a><\/strong>, les \u00c9tats-Unis m\u00e8nent des n\u00e9gociations avec la <strong><a target=\"_self\" href=\"https:\/\/www.rfi.fr\/fr\/tag\/russie\/\" class=\"gtm-add-suggested-tag\" rel=\"noopener\">Russie<\/a><\/strong>, sans inclure les Europ\u00e9ens. Une strat\u00e9gie que d\u00e9plore le directeur du think tank Brussels Institute for Geopolitics\u00a0: \u00ab\u00a0Ce qui est en jeu dans ces n\u00e9gociations entre Am\u00e9ricains et Russes, c&rsquo;est l&rsquo;avenir du continent europ\u00e9en. Il s&rsquo;agit \u00e9galement de l&rsquo;Ukraine qui est le premier concern\u00e9, mais plus largement, il en va de l&rsquo;architecture de s\u00e9curit\u00e9 du continent europ\u00e9en.\u00a0\u00bb<\/p>\n<p>Il qualifie d&rsquo;\u00ab\u00a0humiliant\u00a0\u00bb le fait que l\u2019UE ne soit pas \u00e0 la table des discussions. \u00ab\u00a0Trump et Poutine pr\u00e9f\u00e8rent traiter de grande puissance \u00e0 grande puissance, voire d&rsquo;homme \u00e0 homme\u00a0\u00bb, pense Luuk van Middelaar. S\u2019il salue les r\u00e9centes initiatives men\u00e9es par <strong><a target=\"_self\" href=\"https:\/\/www.rfi.fr\/fr\/tag\/emmanuel-macron\/\" class=\"gtm-add-suggested-tag\" rel=\"noopener\">Emmanuel Macron<\/a><\/strong> pour r\u00e9unir une \u00ab\u00a0coalition de volontaires\u00a0\u00bb, il mart\u00e8le que les Europ\u00e9ens doivent \u00ab\u00a0s\u2019organiser\u00a0\u00bb.\u00a0<\/p>\n<p><strong>\u00ab<\/strong>\u00a0<strong>Un vrai effort au niveau de l&rsquo;UE<\/strong>\u00a0<strong>\u00bb<\/strong><\/p>\n<p>Il reconna\u00eet la n\u00e9cessit\u00e9 d\u2019un renforcement de la d\u00e9fense europ\u00e9enne\u00a0: \u00ab\u00a0Trump met un terme \u00e0 une p\u00e9riode de 80\u00a0ans pendant lesquels les \u00c9tats-Unis nous ont prot\u00e9g\u00e9s en Europe\u00a0: il faut s&rsquo;armer, savoir mieux se d\u00e9fendre en tant qu\u2019Europ\u00e9ens.\u00a0\u00bb Au chapitre du financement, il reconna\u00eet \u00ab\u00a0un vrai effort au niveau de l&rsquo;UE\u00a0\u00bb, se r\u00e9f\u00e9rant au plan de la Commission europ\u00e9enne baptis\u00e9 \u00ab\u00a0r\u00e9armer l\u2019Europe\u00a0\u00bb qui ambitionne de mobiliser pr\u00e8s de 800\u00a0milliards d\u2019euros pour sa d\u00e9fense et fournir une aide imm\u00e9diate \u00e0 l\u2019Ukraine. En ce qui concerne le possible envoi de militaires en Ukraine en cas de cessez-le-feu, il explique que les d\u00e9cisions ne rel\u00e8vent pas que des Vingt-Sept mais d\u2019une \u00ab\u00a0coalition de pays\u00a0\u00bb comme le Royaume-Uni ou le Canada.\u00a0<\/p>\n<p>Dans son pays, les <strong><a target=\"_self\" href=\"https:\/\/www.rfi.fr\/fr\/tag\/pays-bas\/\" class=\"gtm-add-suggested-tag\" rel=\"noopener\">Pays-Bas<\/a><\/strong> particuli\u00e8rement rigoristes, le premier ministre <strong><a target=\"_self\" href=\"https:\/\/www.rfi.fr\/fr\/tag\/dick-schoof\/\" class=\"gtm-add-suggested-tag\" rel=\"noopener\">Dick Schoof<\/a><\/strong> a essuy\u00e9 un vote n\u00e9gatif pour une rallonge budg\u00e9taire \u00ab\u00a0Ream Europe\u00a0\u00bb\u00a0: \u00ab\u00a0Les Pays-Bas ne sont pas toujours les partenaires les plus constructifs \u00e0 ce sujet, mais ils ont finalement vot\u00e9 pour\u00a0\u00bb, explique le philosophe et \u00e9crivain n\u00e9erlandais. \u00ab\u00a0Les Pays-Bas sont tr\u00e8s actifs dans le soutien \u00e0 l&rsquo;Ukraine et ont donn\u00e9 beaucoup d&rsquo;argent en bilat\u00e9ral\u00a0\u00bb, temp\u00e8re-t-il. \u00ab\u00a0Les Pays-Bas ne sont pas des grands fans des emprunts collectifs, mais une fois que l&rsquo;Allemagne changera de position, je pense qu\u2019ils suivront le mouvement.\u00a0\u00bb\u00a0<\/p>\n<p>En effet, en <strong><a target=\"_self\" href=\"https:\/\/www.rfi.fr\/fr\/tag\/allemagne\/\" class=\"gtm-add-suggested-tag\" rel=\"noopener\">Allemagne<\/a><\/strong>, la nouvelle coalition de <strong><a target=\"_self\" href=\"https:\/\/www.rfi.fr\/fr\/tag\/friedrich-merz\/\" class=\"gtm-add-suggested-tag\" rel=\"noopener\">Friedrich Merz<\/a><\/strong> a vot\u00e9 un plan de d\u00e9pense de 500\u00a0milliards pour investir dans les infrastructures du pays et a l\u2019intention d\u2019investir massivement dans la d\u00e9fense. \u00ab\u00a0Face au double choc de Poutine et de Trump qui nous tombent dessus, Friedrich Merz saisit l&rsquo;occasion pour changer de ligne. C&rsquo;est peut-\u00eatre l&rsquo;une des d\u00e9cisions les plus importantes qui ont \u00e9t\u00e9 prises cette ann\u00e9e au niveau europ\u00e9en\u00a0\u00bb, explique Luuk van Middelaar. \u00ab\u00a0Il ne faut pas sous-estimer l&rsquo;effet que cela peut avoir, car l&rsquo;argent qui est investi en Allemagne aura un effet sur tous les voisins, y compris la France\u00a0\u00bb, conclut-il.<\/p>\n","protected":false},"excerpt":{"rendered":"Cette semaine, nous accueillons Luuk van Middelaar, philosophe et historien n\u00e9erlandais, ancien conseiller du Conseil europ\u00e9en et \u00e0&hellip;\n","protected":false},"author":2,"featured_media":18170,"comment_status":"","ping_status":"","sticky":false,"template":"","format":"standard","meta":{"footnotes":""},"categories":[1586],"tags":[11,309,554,75,33,73,1777,674,1011,27,7248,12,25,132,220,364],"class_list":{"0":"post-18169","1":"post","2":"type-post","3":"status-publish","4":"format-standard","5":"has-post-thumbnail","7":"category-europe","8":"tag-actualites","9":"tag-chine","10":"tag-defense","11":"tag-donald-trump","12":"tag-economie","13":"tag-etats-unis","14":"tag-eu","15":"tag-europe","16":"tag-fr","17":"tag-france","18":"tag-ici-leurope","19":"tag-news","20":"tag-republique-francaise","21":"tag-russie","22":"tag-ukraine","23":"tag-union-europeenne"},"share_on_mastodon":{"url":"https:\/\/pubeurope.com\/@fr\/114321182147382432","error":""},"_links":{"self":[{"href":"https:\/\/www.europesays.com\/fr\/wp-json\/wp\/v2\/posts\/18169","targetHints":{"allow":["GET"]}}],"collection":[{"href":"https:\/\/www.europesays.com\/fr\/wp-json\/wp\/v2\/posts"}],"about":[{"href":"https:\/\/www.europesays.com\/fr\/wp-json\/wp\/v2\/types\/post"}],"author":[{"embeddable":true,"href":"https:\/\/www.europesays.com\/fr\/wp-json\/wp\/v2\/users\/2"}],"replies":[{"embeddable":true,"href":"https:\/\/www.europesays.com\/fr\/wp-json\/wp\/v2\/comments?post=18169"}],"version-history":[{"count":0,"href":"https:\/\/www.europesays.com\/fr\/wp-json\/wp\/v2\/posts\/18169\/revisions"}],"wp:featuredmedia":[{"embeddable":true,"href":"https:\/\/www.europesays.com\/fr\/wp-json\/wp\/v2\/media\/18170"}],"wp:attachment":[{"href":"https:\/\/www.europesays.com\/fr\/wp-json\/wp\/v2\/media?parent=18169"}],"wp:term":[{"taxonomy":"category","embeddable":true,"href":"https:\/\/www.europesays.com\/fr\/wp-json\/wp\/v2\/categories?post=18169"},{"taxonomy":"post_tag","embeddable":true,"href":"https:\/\/www.europesays.com\/fr\/wp-json\/wp\/v2\/tags?post=18169"}],"curies":[{"name":"wp","href":"https:\/\/api.w.org\/{rel}","templated":true}]}}