{"id":181690,"date":"2025-06-16T20:28:09","date_gmt":"2025-06-16T20:28:09","guid":{"rendered":"https:\/\/www.europesays.com\/fr\/181690\/"},"modified":"2025-06-16T20:28:09","modified_gmt":"2025-06-16T20:28:09","slug":"la-panne-sfr-provoque-une-belle-pagaille-dans-lhexagone-des-pompiers-aux-restaurants","status":"publish","type":"post","link":"https:\/\/www.europesays.com\/fr\/181690\/","title":{"rendered":"La panne SFR provoque une belle pagaille dans l\u2019Hexagone, des pompiers aux restaurants"},"content":{"rendered":"<p>        <img decoding=\"async\" loading=\"lazy\" src=\"https:\/\/www.europesays.com\/fr\/wp-content\/uploads\/2025\/06\/e1bcc36_upload-1-ft7u77wkiwhg-000-62ku6pq.jpg\"  width=\"728\" height=\"410\" alt=\"Le r\u00e9seau SFR fait face ce lundi 16\u00a0juin \u00e0 un \u00ab\u00a0incident\u00a0\u00bb technique dans l\u2019Hexagone.\"\/>  <\/p>\n<p>EMMA DA SILVA \/ AFP<\/p>\n<p>Le r\u00e9seau SFR fait face ce lundi 16\u00a0juin \u00e0 un \u00ab\u00a0incident\u00a0\u00bb technique dans l\u2019Hexagone.<\/p>\n<p class=\"asset asset-text\">FRANCE &#8211; \u00ab\u00a0\u00c7a montre notre d\u00e9pendance\u00a0\u00bb. Alors que le <a href=\"https:\/\/www.huffingtonpost.fr\/economie\/article\/la-question-qui-fache-du-huffpost-a-propos-du-service-client-de-sfr-sur-franceinfo_90482.html\" target=\"_blank\" rel=\"noopener\">r\u00e9seau SFR <\/a>fait face ce lundi 16\u00a0juin \u00e0 un \u00ab\u00a0incident\u00a0\u00bb technique, l\u2019op\u00e9rateur t\u00e9l\u00e9phonique pr\u00e9cise qu\u2019un retour \u00e0 la normale est attendu dans la soir\u00e9e. Depuis plusieurs heures, la panne a en tout cas provoqu\u00e9 une belle pagaille dans l\u2019Hexagone et a affect\u00e9 notamment les restaurateurs et les <a href=\"https:\/\/www.huffingtonpost.fr\/life\/article\/bac-de-philo-2025-voici-les-sujets-et-les-corriges-en-serie-generale-du-lundi-16-juin_251407.html\" target=\"_blank\" rel=\"noopener\">lyc\u00e9ens passant le bac de philo<\/a>.<\/p>\n<p class=\"asset asset-text\">Sur le site sp\u00e9cialis\u00e9 Downdetector, vers 19\u00a0h, pr\u00e8s de 3\u00a0000 signalements \u00e9taient toujours d\u00e9tect\u00e9s, pour des probl\u00e8mes li\u00e9s aux r\u00e9seaux mobile et fixe.<\/p>\n<p class=\"asset asset-text\">Cette situation est d\u2019abord inqui\u00e9tante car elle pourrait emp\u00eacher les abonn\u00e9s SFR de contacter les services d\u2019urgence. C\u2019est pourquoi, \u00e0 travers l\u2019Hexagone, les pompiers ont partag\u00e9 le num\u00e9ro d\u2019urgence europ\u00e9en, accessible m\u00eame sans r\u00e9seau\u00a0: \u00ab\u00a0Si vous ne captez plus le r\u00e9seau SFR pour appeler le 18, composez le 112\u00a0\u00bb.<\/p>\n<p> La lecture de ce contenu est susceptible d\u2019entra\u00eener un d\u00e9p\u00f4t de cookies de la part de l\u2019op\u00e9rateur tiers qui l\u2019h\u00e9berge. Compte-tenu des choix que vous avez exprim\u00e9s en mati\u00e8re de d\u00e9p\u00f4t de cookies, nous avons bloqu\u00e9 l\u2019affichage de ce contenu. Si vous souhaitez y acc\u00e9der, vous devez accepter la cat\u00e9gorie de cookies \u201cContenus tiers\u201d en cliquant sur le bouton ci-dessous. <\/p>\n<p> Lire la Vid\u00e9o        <\/p>\n<p class=\"asset asset-text\">C\u2019est aussi la confusion sur les routes, rapporte <a href=\"https:\/\/france3-regions.franceinfo.fr\/provence-alpes-cote-d-azur\/bouches-du-rhone\/avec-cette-panne-on-se-rend-compte-de-notre-dependance-a-la-technologie-perturbations-en-tout-genre-liees-au-reseau-sfr-3171894.html\" target=\"_blank\" rel=\"noopener\" title=\"Nouvelle fen\u00eatre\">France 3<\/a>. Au tunnel Prado\u2011Car\u00e9nage \u00e0 Marseille, les automobilistes ont eu beaucoup de mal \u00e0 payer par carte bancaire les frais de p\u00e9ages.<\/p>\n<p>                     Difficult\u00e9s pour payer, l\u2019angoisse le jour du bac    <\/p>\n<p class=\"asset asset-text\">De la m\u00eame mani\u00e8re, dans certains restaurants de grandes villes fran\u00e7aises (Marseille, Paris, Lille, Lyon&#8230;), les terminaux de paiement \u00e9taient parfois capricieux. Un restaurateur raconte \u00e0 France 3\u00a0que \u00ab\u00a0ses clients qui ont voulu aller au distributeur le plus proche, n\u2019ont pas pu retirer\u00a0\u00bb.<\/p>\n<p class=\"asset asset-text\">Beaucoup de lyc\u00e9ens en classe de terminale, qui planchaient ce lundi sur l\u2019\u00e9preuve de philo, se plaignent \u00e9galement sur les r\u00e9seaux sociaux de cette panne. \u00ab\u00a0SFR qui trouve le moyen de tomber en panne le 1er jour du bac\u00a0\u00bb, se d\u00e9sole une internaute, tandis qu\u2019une autre affirme qu\u2019elle n\u2019a plus internet \u00ab\u00a0pour r\u00e9viser l\u2019\u00e9preuve de SES\u00a0\u00bb.<\/p>\n<p> La lecture de ce contenu est susceptible d\u2019entra\u00eener un d\u00e9p\u00f4t de cookies de la part de l\u2019op\u00e9rateur tiers qui l\u2019h\u00e9berge. Compte-tenu des choix que vous avez exprim\u00e9s en mati\u00e8re de d\u00e9p\u00f4t de cookies, nous avons bloqu\u00e9 l\u2019affichage de ce contenu. Si vous souhaitez y acc\u00e9der, vous devez accepter la cat\u00e9gorie de cookies \u201cContenus tiers\u201d en cliquant sur le bouton ci-dessous. <\/p>\n<p> Lire la Vid\u00e9o        <\/p>\n<p class=\"asset asset-text\">Les parents affect\u00e9s par la panne \u00e9taient aussi tr\u00e8s inquiets, ne pouvant pas joindre leurs enfants avant et apr\u00e8s l\u2019\u00e9preuve. \u00ab\u00a0J\u2019ai d\u00fb emprunter le portable d\u2019une coll\u00e8gue pour appeler ma fille, sinon je serais rest\u00e9e dans l\u2019angoisse\u00a0\u00bb, souligne une m\u00e8re d\u2019une lyc\u00e9enne \u00e0 France 3.<\/p>\n<p class=\"asset asset-text\">SFR n\u2019a pas pr\u00e9cis\u00e9 l\u2019origine de l\u2019incident. \u00ab\u00a0Nous rencontrons depuis midi ce jour des dysfonctionnements cons\u00e9quents sur notre r\u00e9seau mobile\u00a0\u00bb, a expliqu\u00e9 Nicolas Chatin, directeur de la communication de l\u2019op\u00e9rateur. \u00ab\u00a0Ils se traduisent par des d\u00e9connexions al\u00e9atoires pour nos clients sur tout le territoire\u00a0\u00bb, a-t-il ajout\u00e9.<\/p>\n<p class=\"asset asset-text\">Une partie des services a \u00e9t\u00e9 r\u00e9tablie dans l\u2019apr\u00e8s-midi gr\u00e2ce \u00e0 l\u2019intervention des \u00e9quipes techniques, qui ont men\u00e9 plusieurs \u00ab\u00a0op\u00e9rations en simultan\u00e9 sur (les) \u00e9quipements de c\u0153ur de r\u00e9seau\u00a0\u00bb, d\u2019apr\u00e8s\u00a0SFR, qui esp\u00e8re \u00ab\u00a0un retour \u00e0 la normale\u00a0\u00bb pour l\u2019ensemble de ses clients ce lundi soir.<\/p>\n","protected":false},"excerpt":{"rendered":"EMMA DA SILVA \/ AFP Le r\u00e9seau SFR fait face ce lundi 16\u00a0juin \u00e0 un \u00ab\u00a0incident\u00a0\u00bb technique dans&hellip;\n","protected":false},"author":2,"featured_media":181691,"comment_status":"","ping_status":"","sticky":false,"template":"","format":"standard","meta":{"footnotes":""},"categories":[6],"tags":[35,33,34,1011,27,31919,10899,740],"class_list":{"0":"post-181690","1":"post","2":"type-post","3":"status-publish","4":"format-standard","5":"has-post-thumbnail","7":"category-economie","8":"tag-business","9":"tag-economie","10":"tag-economy","11":"tag-fr","12":"tag-france","13":"tag-operateurs-telephoniques","14":"tag-panne","15":"tag-sfr"},"share_on_mastodon":{"url":"https:\/\/pubeurope.com\/@fr\/114694933954235242","error":""},"_links":{"self":[{"href":"https:\/\/www.europesays.com\/fr\/wp-json\/wp\/v2\/posts\/181690","targetHints":{"allow":["GET"]}}],"collection":[{"href":"https:\/\/www.europesays.com\/fr\/wp-json\/wp\/v2\/posts"}],"about":[{"href":"https:\/\/www.europesays.com\/fr\/wp-json\/wp\/v2\/types\/post"}],"author":[{"embeddable":true,"href":"https:\/\/www.europesays.com\/fr\/wp-json\/wp\/v2\/users\/2"}],"replies":[{"embeddable":true,"href":"https:\/\/www.europesays.com\/fr\/wp-json\/wp\/v2\/comments?post=181690"}],"version-history":[{"count":0,"href":"https:\/\/www.europesays.com\/fr\/wp-json\/wp\/v2\/posts\/181690\/revisions"}],"wp:featuredmedia":[{"embeddable":true,"href":"https:\/\/www.europesays.com\/fr\/wp-json\/wp\/v2\/media\/181691"}],"wp:attachment":[{"href":"https:\/\/www.europesays.com\/fr\/wp-json\/wp\/v2\/media?parent=181690"}],"wp:term":[{"taxonomy":"category","embeddable":true,"href":"https:\/\/www.europesays.com\/fr\/wp-json\/wp\/v2\/categories?post=181690"},{"taxonomy":"post_tag","embeddable":true,"href":"https:\/\/www.europesays.com\/fr\/wp-json\/wp\/v2\/tags?post=181690"}],"curies":[{"name":"wp","href":"https:\/\/api.w.org\/{rel}","templated":true}]}}