{"id":181695,"date":"2025-06-16T20:32:14","date_gmt":"2025-06-16T20:32:14","guid":{"rendered":"https:\/\/www.europesays.com\/fr\/181695\/"},"modified":"2025-06-16T20:32:14","modified_gmt":"2025-06-16T20:32:14","slug":"un-mineur-en-possession-de-cocaine-et-de-cannabis-interpelle","status":"publish","type":"post","link":"https:\/\/www.europesays.com\/fr\/181695\/","title":{"rendered":"un mineur en possession de coca\u00efne et de cannabis interpell\u00e9"},"content":{"rendered":"<p>Les forces de police avaient annonc\u00e9 <a href=\"https:\/\/www.leprogres.fr\/faits-divers-justice\/2025\/03\/26\/point-de-deal-demantele-saisie-de-cannabis-de-cocaine-et-10-000-euros-en-liquide?tblci=GiCB1zUhoFgvr2ioyV2nt09a6HyhPNM08oozPkJxXHrW1SDFjlQo9_rEoaaYicneAQ\" target=\"_blank\" rel=\"nofollow noopener\">avoir d\u00e9mantel\u00e9 le point de deal du quartier du Mail \u00e0 Firminy<\/a> le 24\u00a0mars dernier.<\/p>\n<p>Il s\u2019agissait du premier d\u2019une longue s\u00e9rie puisque dans les semaines qui ont suivi les fonctionnaires ont mis hors service des sites tenus par des narcotrafiquants dans les quartiers de Montreynaud, la Cotonne et du Soleil, notamment, \u00e0 Saint-Etienne.<\/p>\n<p>  Une tentative d\u00e9j\u00e0 avort\u00e9e il y a un mois<\/p>\n<p>Mais en maintenant des dispositifs de surveillance pour emp\u00eacher toute r\u00e9activation des points de deal. Force est de constater que la strat\u00e9gie a \u00e9t\u00e9 payante. Pour la seconde fois. Il y a un mois, un jeune homme avait \u00e9t\u00e9 interpell\u00e9 alors qu\u2019il tentait de vendre de la coca\u00efne sur le site appelou.<\/p>\n<p>Ce jeudi 12\u00a0juin, en d\u00e9but de soir\u00e9e, des \u00e9quipages de la Brigade anticriminalit\u00e9 et de la Brigade sp\u00e9cialis\u00e9e de terrain se trouvent en faction dans le secteur quand ils constatent une transaction suspecte.<\/p>\n<p>Rapidement, ils interpellent un homme de 39 ans en possession d\u2019un pochon de coca\u00efne. Et dans le m\u00eame temps, les policiers vont arr\u00eater un adolescent, \u00e2g\u00e9 de 14 ans et originaire de Saint-Etienne, qui tentait de se d\u00e9barrasser d\u2019un sachet.<\/p>\n<p>Ce dernier contient en fait 29 boulettes de r\u00e9sine de cannabis. De plus, les forces de l\u2019ordre vont d\u00e9couvrir \u00e0 proximit\u00e9 une quinzaine de pochons de coca\u00efne. Plac\u00e9 en garde \u00e0 vue, il a \u00e9t\u00e9 pr\u00e9sent\u00e9 \u00e0 l\u2019issue \u00e0 un magistrat.<\/p>\n","protected":false},"excerpt":{"rendered":"Les forces de police avaient annonc\u00e9 avoir d\u00e9mantel\u00e9 le point de deal du quartier du Mail \u00e0 Firminy&hellip;\n","protected":false},"author":2,"featured_media":181696,"comment_status":"","ping_status":"","sticky":false,"template":"","format":"standard","meta":{"footnotes":""},"categories":[9653],"tags":[1111,11,2430,271,272,7539,1777,674,274,10282,10283,1011,27,3367,12,25,4001,104],"class_list":{"0":"post-181695","1":"post","2":"type-post","3":"status-publish","4":"format-standard","5":"has-post-thumbnail","7":"category-saint-etienne","8":"tag-actu","9":"tag-actualites","10":"tag-auvergne-rhone-alpes","11":"tag-crime","12":"tag-delit-et-contravention","13":"tag-edition-loire-sud","14":"tag-eu","15":"tag-europe","16":"tag-faits-divers-justice","17":"tag-firminy","18":"tag-firminy-ville","19":"tag-fr","20":"tag-france","21":"tag-loire","22":"tag-news","23":"tag-republique-francaise","24":"tag-saint-etienne","25":"tag-societe"},"share_on_mastodon":{"url":"https:\/\/pubeurope.com\/@fr\/114694949722652125","error":""},"_links":{"self":[{"href":"https:\/\/www.europesays.com\/fr\/wp-json\/wp\/v2\/posts\/181695","targetHints":{"allow":["GET"]}}],"collection":[{"href":"https:\/\/www.europesays.com\/fr\/wp-json\/wp\/v2\/posts"}],"about":[{"href":"https:\/\/www.europesays.com\/fr\/wp-json\/wp\/v2\/types\/post"}],"author":[{"embeddable":true,"href":"https:\/\/www.europesays.com\/fr\/wp-json\/wp\/v2\/users\/2"}],"replies":[{"embeddable":true,"href":"https:\/\/www.europesays.com\/fr\/wp-json\/wp\/v2\/comments?post=181695"}],"version-history":[{"count":0,"href":"https:\/\/www.europesays.com\/fr\/wp-json\/wp\/v2\/posts\/181695\/revisions"}],"wp:featuredmedia":[{"embeddable":true,"href":"https:\/\/www.europesays.com\/fr\/wp-json\/wp\/v2\/media\/181696"}],"wp:attachment":[{"href":"https:\/\/www.europesays.com\/fr\/wp-json\/wp\/v2\/media?parent=181695"}],"wp:term":[{"taxonomy":"category","embeddable":true,"href":"https:\/\/www.europesays.com\/fr\/wp-json\/wp\/v2\/categories?post=181695"},{"taxonomy":"post_tag","embeddable":true,"href":"https:\/\/www.europesays.com\/fr\/wp-json\/wp\/v2\/tags?post=181695"}],"curies":[{"name":"wp","href":"https:\/\/api.w.org\/{rel}","templated":true}]}}