{"id":18171,"date":"2025-04-11T20:19:08","date_gmt":"2025-04-11T20:19:08","guid":{"rendered":"https:\/\/www.europesays.com\/fr\/18171\/"},"modified":"2025-04-11T20:19:08","modified_gmt":"2025-04-11T20:19:08","slug":"lunion-europeenne-ouvre-une-enquete-sur-lutilisation-de-donnees-personnelles-par-x-pour-developper-son-ia","status":"publish","type":"post","link":"https:\/\/www.europesays.com\/fr\/18171\/","title":{"rendered":"L&rsquo;Union europ\u00e9enne ouvre une enqu\u00eate sur l&rsquo;utilisation de donn\u00e9es personnelles par X pour d\u00e9velopper son IA"},"content":{"rendered":"<p>Le r\u00e9seau social est soup\u00e7onn\u00e9 d\u2019avoir utilis\u00e9 ces donn\u00e9es pour entra\u00eener ses syst\u00e8mes d\u2019intelligence artificielle, dont Grok.<\/p>\n<p class=\"fig-paragraph\">L&rsquo;autorit\u00e9 irlandaise de\u00a0<a href=\"http:\/\/www.lefigaro.fr\/flash-eco\/protection-des-donnees-meta-accepte-de-verser-1-4-milliard-de-dollars-au-texas-20240730\" data-fig-type=\"NewsFlash\" data-gtm-custom-categorie=\"navigation\" data-gtm-custom-action=\"crossclick\" data-gtm-custom-label=\"Contextuel\" data-gtm-event=\"customEventSPE\" data-fig-domain=\"LEFIGARO\" target=\"_blank\" rel=\"noopener\">protection des donn\u00e9es<\/a>\u00a0(DPC), qui agit au nom de l&rsquo;Union europ\u00e9enne, a ouvert vendredi une enqu\u00eate sur l&rsquo;utilisation de donn\u00e9es personnelles par le r\u00e9seau social X pour entra\u00eener ses mod\u00e8les d&rsquo;Intelligence artificielle (IA), en particulier\u00a0<a href=\"http:\/\/www.lefigaro.fr\/secteur\/high-tech\/avec-grok-3-elon-musk-peaufine-sa-strategie-pour-rattraper-son-grand-rival-openai-20250218\" data-fig-type=\"Article\" data-gtm-custom-categorie=\"navigation\" data-gtm-custom-action=\"crossclick\" data-gtm-custom-label=\"Contextuel\" data-gtm-event=\"customEventSPE\" data-fig-domain=\"LEFIGARO\" target=\"_blank\" rel=\"noopener\">Grok<\/a>. L&rsquo;enqu\u00eate porte sur les \u00abdonn\u00e9es personnelles incluses dans les publications accessibles au public mises en ligne sur la plateforme de r\u00e9seaux sociaux X par les utilisateurs\u00bb de l&rsquo;Union Europ\u00e9enne et de l&rsquo;Espace \u00e9conomique europ\u00e9en, a pr\u00e9cis\u00e9 la DPC dans un communiqu\u00e9.<\/p>\n<p class=\"fig-paragraph\">Le r\u00e9seau social X s\u2019\u00e9tait engag\u00e9 en septembre \u00e0 ne plus exploiter certaines donn\u00e9es personnelles de ses utilisateurs europ\u00e9ens pour entra\u00eener son programme d\u2019intelligence artificielle (IA). La DPC avait alors annonc\u00e9 qu\u2019une proc\u00e9dure en justice qu\u2019elle avait engag\u00e9e devant la Haute Cour irlandaise dans cette affaire avait \u00e9t\u00e9 retir\u00e9e. L\u2019annonce de septembre portait sur des donn\u00e9es personnelles exploit\u00e9es entre le 7 mai et le 1er ao\u00fbt de l\u2019an dernier. Mais l\u2019entreprise a continu\u00e9 apr\u00e8s cette date \u00e0 d\u00e9velopper ses mod\u00e8les d\u2019intelligence artificielle.<\/p>\n<p class=\"fig-paragraph\">L\u2019autorit\u00e9 irlandaise examinera donc la conformit\u00e9 de ce d\u00e9veloppement \u00abavec une s\u00e9rie de dispositions cl\u00e9s du RGPD\u00bb, le r\u00e8glement europ\u00e9en de protection des donn\u00e9es, \u00abnotamment en ce qui concerne la l\u00e9galit\u00e9 et la transparence du traitement\u00bb des informations, ajoute le communiqu\u00e9. L\u2019autorit\u00e9 irlandaise de protection des donn\u00e9es est comp\u00e9tente pour agir au nom de l\u2019UE car le si\u00e8ge europ\u00e9en de X se trouve en Irlande, comme ceux de nombreux g\u00e9ants de la Silicon Valley. Les g\u00e9ants am\u00e9ricains de la tech, dont X fait partie, sont au c\u0153ur des discussions commerciales entre l\u2019UE et les \u00c9tats-Unis. Si ces discussions \u00e9chouent, la Commission europ\u00e9enne pourrait d\u00e9cider de les taxer, a menac\u00e9 sa pr\u00e9sidente Ursula von der Leyen.<\/p>\n","protected":false},"excerpt":{"rendered":"Le r\u00e9seau social est soup\u00e7onn\u00e9 d\u2019avoir utilis\u00e9 ces donn\u00e9es pour entra\u00eener ses syst\u00e8mes d\u2019intelligence artificielle, dont Grok. L&rsquo;autorit\u00e9&hellip;\n","protected":false},"author":2,"featured_media":18172,"comment_status":"","ping_status":"","sticky":false,"template":"","format":"standard","meta":{"footnotes":""},"categories":[1586],"tags":[47,11,722,723,654,1777,674,1779,1011,27,727,726,142,310,655,720,12,719,25,724,725,717,718,6814,1778,364,721,728],"class_list":{"0":"post-18171","1":"post","2":"type-post","3":"status-publish","4":"format-standard","5":"has-post-thumbnail","7":"category-europe","8":"tag-actualite","9":"tag-actualites","10":"tag-blog","11":"tag-blogs","12":"tag-donnees-personnelles","13":"tag-eu","14":"tag-europe","15":"tag-european-union","16":"tag-fr","17":"tag-france","18":"tag-gadget","19":"tag-gadgets","20":"tag-high-tech","21":"tag-internet","22":"tag-iphone","23":"tag-multimedia","24":"tag-news","25":"tag-nouvelles-technolgies","26":"tag-republique-francaise","27":"tag-smartphone","28":"tag-tablette","29":"tag-technologie","30":"tag-tic","31":"tag-twitter","32":"tag-ue","33":"tag-union-europeenne","34":"tag-web","35":"tag-widgets"},"share_on_mastodon":{"url":"https:\/\/pubeurope.com\/@fr\/114321186104977689","error":""},"_links":{"self":[{"href":"https:\/\/www.europesays.com\/fr\/wp-json\/wp\/v2\/posts\/18171","targetHints":{"allow":["GET"]}}],"collection":[{"href":"https:\/\/www.europesays.com\/fr\/wp-json\/wp\/v2\/posts"}],"about":[{"href":"https:\/\/www.europesays.com\/fr\/wp-json\/wp\/v2\/types\/post"}],"author":[{"embeddable":true,"href":"https:\/\/www.europesays.com\/fr\/wp-json\/wp\/v2\/users\/2"}],"replies":[{"embeddable":true,"href":"https:\/\/www.europesays.com\/fr\/wp-json\/wp\/v2\/comments?post=18171"}],"version-history":[{"count":0,"href":"https:\/\/www.europesays.com\/fr\/wp-json\/wp\/v2\/posts\/18171\/revisions"}],"wp:featuredmedia":[{"embeddable":true,"href":"https:\/\/www.europesays.com\/fr\/wp-json\/wp\/v2\/media\/18172"}],"wp:attachment":[{"href":"https:\/\/www.europesays.com\/fr\/wp-json\/wp\/v2\/media?parent=18171"}],"wp:term":[{"taxonomy":"category","embeddable":true,"href":"https:\/\/www.europesays.com\/fr\/wp-json\/wp\/v2\/categories?post=18171"},{"taxonomy":"post_tag","embeddable":true,"href":"https:\/\/www.europesays.com\/fr\/wp-json\/wp\/v2\/tags?post=18171"}],"curies":[{"name":"wp","href":"https:\/\/api.w.org\/{rel}","templated":true}]}}