{"id":181712,"date":"2025-06-16T20:41:09","date_gmt":"2025-06-16T20:41:09","guid":{"rendered":"https:\/\/www.europesays.com\/fr\/181712\/"},"modified":"2025-06-16T20:41:09","modified_gmt":"2025-06-16T20:41:09","slug":"une-des-plus-grandes-legendes-du-sport-francais-en-invite-dhonneur-de-la-fete-de-la-ville","status":"publish","type":"post","link":"https:\/\/www.europesays.com\/fr\/181712\/","title":{"rendered":"une des plus grandes l\u00e9gendes du sport fran\u00e7ais en invit\u00e9 d&rsquo;honneur de la f\u00eate de la ville"},"content":{"rendered":"<p>            Par<br \/>\n        <strong><br \/>\n            <a href=\"https:\/\/actu.fr\/auteur\/chloe-lentier\" title=\"Consulter tous les articles de Chlo\u00e9 LENTIER\" target=\"_blank\" rel=\"noopener\">Chlo\u00e9 LENTIER<\/a><br \/>\n        <\/strong><\/p>\n<p>        Publi\u00e9 le<\/p>\n<p>            16 juin 2025 \u00e0 22h36        <\/p>\n<p>Le nom claque comme un but en lucarne. <b>Nikola Karabatic<\/b>. Triple champion olympique, joueur au palmar\u00e8s long comme un match \u00e0 rallonge, <b>monument du handball fran\u00e7ais<\/b> et mondial.<\/p>\n<p class=\" wall-content\">Le dimanche 7 septembre 2025, il ne viendra pas pour marquer. Il viendra pour transmettre et faire vibrer <a href=\"https:\/\/actu.fr\/normandie\/elbeuf_76231\" target=\"_blank\" rel=\"noopener\">Elbeuf (Seine-Maritime)<\/a>, le temps d\u2019une journ\u00e9e plac\u00e9e sous le signe du sport et du partage.<\/p>\n<p>Le sport comme moteur d\u2019\u00e9motion<\/p>\n<p class=\" wall-content\">Chaque ann\u00e9e, <b>Elbeuf sur F\u00eate<\/b> transforme la ville en un immense terrain d\u2019\u00e9changes et de rencontres. Et pour sa <b>34e \u00e9dition<\/b>, l\u2019\u00e9v\u00e9nement prend une saveur particuli\u00e8re.<\/p>\n<p class=\" wall-content\">Moins d\u2019un an apr\u00e8s la fin de sa carri\u00e8re, \u00e0 l\u2019issue des <b>JO de Paris 2024<\/b>, Nikola Karabatic sera au c\u0153ur de l\u2019animation dominicale. L\u2019occasion pour petits et grands de c\u00f4toyer de pr\u00e8s une figure qui a \u00e9crit l\u2019histoire du handball mondial.<\/p>\n<p>Nikola Karabatic en chiffres<\/p>\n<p>3\u00a0titres olympiques<br \/>&#13;<br \/>\n\u00a0P\u00e9kin 2008 &#8211;\u00a0\u00a0Londres 2012 &#8211;\u00a0\u00a0Tokyo 2021<br \/>&#13;<br \/>\n4\u00a0titres de champion du monde<br \/>&#13;<br \/>\n\u00a02009 &#8211; 2011 &#8211; 2015 &#8211; 2017<br \/>&#13;<br \/>\n3\u00a0titres de champion d&rsquo;Europe<br \/>&#13;<br \/>\n\u00a02006 &#8211; 2010 &#8211; 2014<br \/>&#13;<br \/>\n3\u00a0Ligues des Champions<br \/>&#13;<br \/>\n\u00a02003 (Montpellier) &#8211; 2007 et 2010 (Kiel)<br \/>&#13;<br \/>\n14\u00a0titres de champion national<br \/>&#13;<br \/>\n\u00a0(France, Allemagne, Espagne confondus)<br \/>&#13;<br \/>\n3\u00a0titres de Meilleur joueur du monde (IHF)<br \/>&#13;<br \/>\n\u00a02007 &#8211; 2014 &#8211; 2016<br \/>&#13;<br \/>\n1\u00a0d\u00e9coration : Officier de la L\u00e9gion d&rsquo;honneur<br \/>&#13;<br \/>\n\u00a0Distinction re\u00e7ue pour l&rsquo;ensemble de sa carri\u00e8re<\/p>\n<p class=\" wall-content\">Conf\u00e9rence, initiations, d\u00e9monstrations\u2026 la journ\u00e9e promet d\u2019\u00eatre dense. D\u00e8s 9 h, l\u2019ancien international \u00e9changera avec le public lors d\u2019une conf\u00e9rence d\u2019ouverture.<\/p>\n<p>Vid\u00e9os : en ce moment sur Actu<\/p>\n<p class=\" wall-content\">S\u2019encha\u00eeneront ensuite les animations autour du hand, en partenariat avec la Ligue de Normandie, le Comit\u00e9 d\u00e9partemental et l\u2019ALBE handball, club local bien ancr\u00e9 dans le paysage depuis 40\u00a0ans, qui \u00e9volue en r\u00e9gional.<\/p>\n<p>Un champion en phase avec les valeurs locales<\/p>\n<p class=\" wall-content\">\u00c0 Elbeuf, on n\u2019invite pas une l\u00e9gende du sport tous les dimanches. Alors, quand Nikola Karabatic accepte de venir, c\u2019est toute une ville qui s\u2019active. Pas juste pour la photo souvenir. Mais parce que derri\u00e8re le palmar\u00e8s, il y a une figure que beaucoup admirent. Un mod\u00e8le, accessible et engag\u00e9, pile dans l\u2019esprit qu\u2019Elbeuf veut d\u00e9fendre.<\/p>\n<blockquote class=\"ac-article-quote wall-content\">\n<p>C\u2019est un tr\u00e8s grand honneur de recevoir un grand sportif. C\u2019est une chance unique de faire vivre ce moment \u00e0 nos adh\u00e9rents, pour nous amoureux du handball.<\/p>\n<p>Christelle Morel, pr\u00e9sidente de l\u2019ALBE handball<\/p><\/blockquote>\n<p class=\" wall-content\">Et ce n\u2019est pas un hasard si c\u2019est Karabatic qui a \u00e9t\u00e9 choisi.<\/p>\n<p class=\" wall-content\">\u00ab L\u2019an dernier, nous avions choisi de <a href=\"https:\/\/actu.fr\/normandie\/elbeuf_76231\/elbeuf-sur-fete-linvitee-dhonneur-a-ete-devoilee_61342438.html\" target=\"_blank\" rel=\"noopener\">mettre en lumi\u00e8re une jeune athl\u00e8te paralympique, Grace Wembolua<\/a>, pour montrer que l\u2019excellence sportive prend mille visages et qu\u2019elle est \u00e0 la port\u00e9e de tous. Cette ann\u00e9e encore, avec la venue de Nikola Karabatic, nous voulons continuer \u00e0 inspirer et \u00e0 ouvrir le champ des possibles pour notre jeunesse \u00bb, explique le maire, Djoud\u00e9 Merabet.<\/p>\n<p class=\" wall-content\">M\u00eame analyse du c\u00f4t\u00e9 de B\u00e9atrice Lefel, premi\u00e8re adjointe : \u00ab C\u2019est un sportif impliqu\u00e9 dans le sport pour tous. \u00c7a colle aux projets de la ville. C\u2019est \u00e0 la fois quelqu\u2019un de connu\u2026 et quelqu\u2019un avec de vraies valeurs de sport collectif. \u00bb<\/p>\n<p class=\" wall-content\">Suivez toute l\u2019actualit\u00e9 de vos villes et m\u00e9dias favoris en vous inscrivant \u00e0 <a href=\"https:\/\/moncompte.actu.fr\" title=\"D\u00e9couvez Mon Actu\" rel=\"nofollow noopener\" data-trk=\"{&quot;cta&quot;:{&quot;action&quot;:&quot;https:\\\/\\\/moncompte.actu.fr&quot;,&quot;category&quot;:&quot;mon compte&quot;,&quot;from&quot;:&quot;article footer&quot;,&quot;name&quot;:&quot;Mon actu&quot;,&quot;type&quot;:&quot;cta&quot;}}\" target=\"_blank\">Mon Actu<\/a>.<\/p>\n","protected":false},"excerpt":{"rendered":"Par Chlo\u00e9 LENTIER Publi\u00e9 le 16 juin 2025 \u00e0 22h36 Le nom claque comme un but en lucarne.&hellip;\n","protected":false},"author":2,"featured_media":181713,"comment_status":"","ping_status":"","sticky":false,"template":"","format":"standard","meta":{"footnotes":""},"categories":[9587],"tags":[1111,11,1063,1777,674,1011,27,12,5161,25,9590,104,517],"class_list":{"0":"post-181712","1":"post","2":"type-post","3":"status-publish","4":"format-standard","5":"has-post-thumbnail","7":"category-rouen","8":"tag-actu","9":"tag-actualites","10":"tag-animations","11":"tag-eu","12":"tag-europe","13":"tag-fr","14":"tag-france","15":"tag-news","16":"tag-normandie","17":"tag-republique-francaise","18":"tag-rouen","19":"tag-societe","20":"tag-sport"},"share_on_mastodon":{"url":"https:\/\/pubeurope.com\/@fr\/114694985013589728","error":""},"_links":{"self":[{"href":"https:\/\/www.europesays.com\/fr\/wp-json\/wp\/v2\/posts\/181712","targetHints":{"allow":["GET"]}}],"collection":[{"href":"https:\/\/www.europesays.com\/fr\/wp-json\/wp\/v2\/posts"}],"about":[{"href":"https:\/\/www.europesays.com\/fr\/wp-json\/wp\/v2\/types\/post"}],"author":[{"embeddable":true,"href":"https:\/\/www.europesays.com\/fr\/wp-json\/wp\/v2\/users\/2"}],"replies":[{"embeddable":true,"href":"https:\/\/www.europesays.com\/fr\/wp-json\/wp\/v2\/comments?post=181712"}],"version-history":[{"count":0,"href":"https:\/\/www.europesays.com\/fr\/wp-json\/wp\/v2\/posts\/181712\/revisions"}],"wp:featuredmedia":[{"embeddable":true,"href":"https:\/\/www.europesays.com\/fr\/wp-json\/wp\/v2\/media\/181713"}],"wp:attachment":[{"href":"https:\/\/www.europesays.com\/fr\/wp-json\/wp\/v2\/media?parent=181712"}],"wp:term":[{"taxonomy":"category","embeddable":true,"href":"https:\/\/www.europesays.com\/fr\/wp-json\/wp\/v2\/categories?post=181712"},{"taxonomy":"post_tag","embeddable":true,"href":"https:\/\/www.europesays.com\/fr\/wp-json\/wp\/v2\/tags?post=181712"}],"curies":[{"name":"wp","href":"https:\/\/api.w.org\/{rel}","templated":true}]}}