{"id":181720,"date":"2025-06-16T20:45:21","date_gmt":"2025-06-16T20:45:21","guid":{"rendered":"https:\/\/www.europesays.com\/fr\/181720\/"},"modified":"2025-06-16T20:45:21","modified_gmt":"2025-06-16T20:45:21","slug":"a-rennes-un-petit-ilot-de-fraicheur-en-centre-ville-square-de-kergus","status":"publish","type":"post","link":"https:\/\/www.europesays.com\/fr\/181720\/","title":{"rendered":"\u00c0 Rennes, un petit \u00eelot de fra\u00eecheur en centre-ville, square de Kergus"},"content":{"rendered":"<p>Une fontaine \u00e0 eau, une table de pique-nique et cinq bancs. Le square de Kergus, situ\u00e9 en bordure de l\u2019avenue Janvier, dans le centre-ville de <a href=\"https:\/\/rennes.maville.com\/info\/info-locale\/\" target=\"_blank\" rel=\"noopener\">Rennes<\/a> (Ille-et-Vilaine), va se transformer pour devenir un lieu <strong>\u00ab\u00a0o\u00f9 l\u2019on fait une pause, o\u00f9 l\u2019on peut s\u2019asseoir et se d\u00e9salt\u00e9rer\u00a0\u00bb<\/strong>, comme l\u2019appelait de ses v\u0153ux une habitante rennaise, en 2020.<\/p>\n<p>Une prairie fleurie \u00e0 l\u2019\u00e9t\u00e9<\/p>\n<p>Elle avait d\u00e9pos\u00e9 son projet sur <a href=\"https:\/\/rennes.maville.com\/actu\/actudet_-rennes-pionniere-de-la-democratie-participative-remede-a-la-desaffection-politique-des-citoyens-_7-5703647_actu.Htm\" target=\"_blank\" rel=\"noopener\">La fabrique citoyenne, la plateforme de participation<\/a> citoyenne de Rennes, Ville et m\u00e9tropole. Cinq ans plus tard, les travaux d\u2019am\u00e9nagement viennent de d\u00e9marrer. Le square comprendra des espaces verts avec<strong> \u00ab\u00a0la plantation d\u2019une prairie fleurie \u00e0 l\u2019\u00e9t\u00e9 et de v\u00e9g\u00e9tation basse \u00e0 l\u2019automne<\/strong>\u00a0<strong>\u00bb,<\/strong> indique la Ville de Rennes. Les travaux seront livr\u00e9s \u00e0 la fin du mois de juillet\u00a02025.<\/p>\n<p>\u00a0<\/p>\n","protected":false},"excerpt":{"rendered":"Une fontaine \u00e0 eau, une table de pique-nique et cinq bancs. Le square de Kergus, situ\u00e9 en bordure&hellip;\n","protected":false},"author":2,"featured_media":181721,"comment_status":"","ping_status":"","sticky":false,"template":"","format":"standard","meta":{"footnotes":""},"categories":[2821],"tags":[1111,11,829,11898,1777,674,1011,31923,27,17253,31924,12,15864,584,25,31310],"class_list":{"0":"post-181720","1":"post","2":"type-post","3":"status-publish","4":"format-standard","5":"has-post-thumbnail","7":"category-rennes","8":"tag-actu","9":"tag-actualites","10":"tag-bretagne","11":"tag-centre-ville","12":"tag-eu","13":"tag-europe","14":"tag-fr","15":"tag-fraicheur","16":"tag-france","17":"tag-ilot","18":"tag-kergus","19":"tag-news","20":"tag-petit","21":"tag-rennes","22":"tag-republique-francaise","23":"tag-square"},"share_on_mastodon":{"url":"https:\/\/pubeurope.com\/@fr\/114695000785067978","error":""},"_links":{"self":[{"href":"https:\/\/www.europesays.com\/fr\/wp-json\/wp\/v2\/posts\/181720","targetHints":{"allow":["GET"]}}],"collection":[{"href":"https:\/\/www.europesays.com\/fr\/wp-json\/wp\/v2\/posts"}],"about":[{"href":"https:\/\/www.europesays.com\/fr\/wp-json\/wp\/v2\/types\/post"}],"author":[{"embeddable":true,"href":"https:\/\/www.europesays.com\/fr\/wp-json\/wp\/v2\/users\/2"}],"replies":[{"embeddable":true,"href":"https:\/\/www.europesays.com\/fr\/wp-json\/wp\/v2\/comments?post=181720"}],"version-history":[{"count":0,"href":"https:\/\/www.europesays.com\/fr\/wp-json\/wp\/v2\/posts\/181720\/revisions"}],"wp:featuredmedia":[{"embeddable":true,"href":"https:\/\/www.europesays.com\/fr\/wp-json\/wp\/v2\/media\/181721"}],"wp:attachment":[{"href":"https:\/\/www.europesays.com\/fr\/wp-json\/wp\/v2\/media?parent=181720"}],"wp:term":[{"taxonomy":"category","embeddable":true,"href":"https:\/\/www.europesays.com\/fr\/wp-json\/wp\/v2\/categories?post=181720"},{"taxonomy":"post_tag","embeddable":true,"href":"https:\/\/www.europesays.com\/fr\/wp-json\/wp\/v2\/tags?post=181720"}],"curies":[{"name":"wp","href":"https:\/\/api.w.org\/{rel}","templated":true}]}}