{"id":181724,"date":"2025-06-16T20:47:25","date_gmt":"2025-06-16T20:47:25","guid":{"rendered":"https:\/\/www.europesays.com\/fr\/181724\/"},"modified":"2025-06-16T20:47:25","modified_gmt":"2025-06-16T20:47:25","slug":"moins-mediatisee-que-strasbourg-cette-ville-alsacienne-est-un-bijou-de-calme-et-delegance","status":"publish","type":"post","link":"https:\/\/www.europesays.com\/fr\/181724\/","title":{"rendered":"Moins m\u00e9diatis\u00e9e que Strasbourg, cette ville alsacienne est un bijou de calme et d\u2019\u00e9l\u00e9gance"},"content":{"rendered":"<p>J\u2019ai d\u00e9couvert une v\u00e9ritable perle lors de mon dernier p\u00e9riple en Alsace. Obernai, cette petite ville nich\u00e9e au pied du Mont Sainte-Odile, m\u2019a totalement charm\u00e9e d\u00e8s les premiers instants. Moins courue que sa c\u00e9l\u00e8bre voisine Strasbourg, elle offre pourtant une exp\u00e9rience authentique que tout voyageur en qu\u00eate de beaut\u00e9 pr\u00e9serv\u00e9e devrait s\u2019empresser de vivre. Entre ses ruelles pav\u00e9es et ses maisons \u00e0 colombages, j\u2019ai trouv\u00e9 ce que je cherchais : <strong>un \u00e9crin de tranquillit\u00e9 o\u00f9 l\u2019histoire se raconte \u00e0 chaque coin de rue<\/strong>.<\/p>\n<p>Un patrimoine architectural exceptionnel au c\u0153ur de l\u2019Alsace<\/p>\n<p>En d\u00e9ambulant dans les ruelles d\u2019Obernai, j\u2019ai \u00e9t\u00e9 imm\u00e9diatement transport\u00e9e dans un autre temps. La place du March\u00e9, v\u00e9ritable c\u0153ur battant de la cit\u00e9, m\u2019a offert un spectacle saisissant avec son <strong>beffroi m\u00e9di\u00e9val datant du XIIIe si\u00e8cle<\/strong> qui se dresse fi\u00e8rement vers le ciel. Le H\u00f4tel de Ville, joyau Renaissance orn\u00e9 de fresques color\u00e9es, t\u00e9moigne de la prosp\u00e9rit\u00e9 historique de cette cit\u00e9 viticole.<\/p>\n<p>Les maisons \u00e0 colombages multicolores qui bordent les rues racontent chacune une histoire. J\u2019ai particuli\u00e8rement \u00e9t\u00e9 frapp\u00e9e par la Maison de la Chapelle, dont les sculptures d\u00e9licates ornent la fa\u00e7ade depuis 1500. Chaque d\u00e9tail architectural r\u00e9v\u00e8le l\u2019\u00e2me artisanale de cette ville o\u00f9 les traditions s\u00e9culaires c\u00f4toient harmonieusement la vie contemporaine.<\/p>\n<p>L\u2019\u00e9glise Saints-Pierre-et-Paul, avec sa silhouette gothique imposante, abrite des tr\u00e9sors insoup\u00e7onn\u00e9s. En y entrant, j\u2019ai d\u00e9couvert un orgue Silbermann dont les notes enchantent encore r\u00e9guli\u00e8rement les lieux lors de concerts qui attirent connaisseurs et curieux de toute l\u2019Europe.<\/p>\n<tr>MonumentP\u00e9riode de constructionStyle architectural<\/tr>\n<tr>\n<td>Beffroi<\/td>\n<td>XIIIe si\u00e8cle<\/td>\n<td>M\u00e9di\u00e9val<\/td>\n<\/tr>\n<tr>\n<td>H\u00f4tel de Ville<\/td>\n<td>XVIe si\u00e8cle<\/td>\n<td>Renaissance<\/td>\n<\/tr>\n<tr>\n<td>\u00c9glise Saints-Pierre-et-Paul<\/td>\n<td>XIIe-XIXe si\u00e8cles<\/td>\n<td>Gothique<\/td>\n<\/tr>\n<p>Saveurs et traditions d\u2019une ville alsacienne authentique<\/p>\n<p>Obernai est aussi une destination qui ravit les papilles. J\u2019ai eu la chance de m\u2019attabler dans plusieurs winstubs traditionnelles o\u00f9 <strong>la cuisine alsacienne se r\u00e9v\u00e8le dans toute sa g\u00e9n\u00e9rosit\u00e9<\/strong>. Le baeckeoffe mijotant doucement, la choucroute garnie servie avec un verre de Riesling local, les kougelhopfs qui embaument les boulangeries\u2026 Autant d\u2019exp\u00e9riences gustatives qui m\u2019ont connect\u00e9e \u00e0 l\u2019\u00e2me profonde de cette r\u00e9gion.<\/p>\n<p>Les vignobles qui entourent la ville produisent des vins d\u2019une finesse remarquable. J\u2019ai emprunt\u00e9 la Route des Vins qui serpente entre les coteaux, m\u2019arr\u00eatant dans des caves familiales o\u00f9 les viticulteurs partagent avec passion leur savoir-faire transmis de g\u00e9n\u00e9ration en g\u00e9n\u00e9ration. Le Gewurztraminer d\u2019Obernai, avec ses notes florales et \u00e9pic\u00e9es, reste un souvenir gustatif inoubliable de mon passage.<\/p>\n<p>Ce qui m\u2019a particuli\u00e8rement marqu\u00e9e \u00e0 Obernai, c\u2019est l\u2019attachement des habitants \u00e0 leurs traditions. J\u2019ai eu la chance d\u2019assister \u00e0 plusieurs \u00e9v\u00e9nements locaux o\u00f9 les costumes traditionnels alsaciens sont fi\u00e8rement port\u00e9s:<\/p>\n<ul class=\"wp-block-list\">\n<li><strong>Le march\u00e9 hebdomadaire<\/strong> o\u00f9 producteurs locaux proposent leurs sp\u00e9cialit\u00e9s<\/li>\n<li>Les festivit\u00e9s estivales avec danses folkloriques<\/li>\n<li>La f\u00eate des vendanges en automne<\/li>\n<li>Le march\u00e9 de No\u00ebl authentique, loin de l\u2019affluence strasbourgeoise<\/li>\n<\/ul>\n<p>Une parenth\u00e8se de s\u00e9r\u00e9nit\u00e9 loin de l\u2019agitation touristique<\/p>\n<p><img fetchpriority=\"high\" decoding=\"async\" width=\"1024\" height=\"683\" src=\"data:image\/svg+xml,%3Csvg%20xmlns=\" http:=\"\" alt=\"Ch\u00e2teau avec tours en pierre perch\u00e9 sur une falaise abrupte entour\u00e9e d'une for\u00eat verte dense sous un ciel nuageux.\" class=\"wp-image-32618\" data-lazy- data-lazy- data-lazy-src=\"https:\/\/www.europesays.com\/fr\/wp-content\/uploads\/2025\/06\/mont-saint-odile-vue-foret-1024x683.jpg\"\/>Ch\u00e2teau avec tours en pierre perch\u00e9 sur une falaise abrupte entour\u00e9e d\u2019une for\u00eat verte dense sous un ciel nuageux.<\/p>\n<p>Ce qui fait tout le charme d\u2019Obernai, c\u2019est justement cette atmosph\u00e8re pr\u00e9serv\u00e9e. Contrairement \u00e0 Strasbourg qui attire des flots de visiteurs, j\u2019ai pu profiter ici d\u2019une <strong>exp\u00e9rience plus intime et authentique de l\u2019Alsace<\/strong>. Les remparts qui ceinturent partiellement la vieille ville offrent une promenade ombrag\u00e9e id\u00e9ale pour contempler l\u2019harmonie architecturale qui r\u00e8gne dans ce lieu.<\/p>\n<p>Depuis Obernai, j\u2019ai facilement rejoint le Mont Sainte-Odile, haut lieu spirituel d\u2019Alsace. La randonn\u00e9e \u00e0 travers les vignes puis les for\u00eats m\u2019a offert des panoramas \u00e9poustouflants sur la plaine d\u2019Alsace et, par temps clair, jusqu\u2019aux contreforts de la For\u00eat-Noire allemande.<\/p>\n<p>Je vous recommande vivement de prendre le temps de d\u00e9couvrir cette p\u00e9pite alsacienne o\u00f9 l\u2019\u00e9l\u00e9gance se conjugue avec une douceur de vivre rare. Obernai repr\u00e9sente l\u2019essence m\u00eame de ce que l\u2019Alsace a de plus pr\u00e9cieux \u00e0 offrir : beaut\u00e9, traditions vivantes et authenticit\u00e9 pr\u00e9serv\u00e9e.<\/p>\n<p><img loading=\"lazy\" decoding=\"async\" src=\"data:image\/svg+xml,%3Csvg%20xmlns=\" http:=\"\" width=\"100\" height=\"100\" alt=\"Anne-Sophie\" itemprop=\"image\" data-lazy-src=\"https:\/\/www.europesays.com\/fr\/wp-content\/uploads\/2025\/06\/Anne-Sophie.jpg\"\/><\/p>\n<p>Je m\u2019appelle Anne-Sophie et je suis la madame voyage en France de carr\u00e9 d\u2019info !<br \/>Exploratrice boh\u00e8me passionn\u00e9e de d\u00e9couvertes. Ma\u00eetrise l\u2019art de d\u00e9nicher les tr\u00e9sors cach\u00e9s des villes et des villages de France .<br \/>Je sait capturer l\u2019essence des lieux en photographies et j\u2019adore vous emmener avec moi pour profiter de notre magnifique pays \ud83d\ude42<\/p>\n","protected":false},"excerpt":{"rendered":"J\u2019ai d\u00e9couvert une v\u00e9ritable perle lors de mon dernier p\u00e9riple en Alsace. Obernai, cette petite ville nich\u00e9e au&hellip;\n","protected":false},"author":2,"featured_media":181725,"comment_status":"","ping_status":"","sticky":false,"template":"","format":"standard","meta":{"footnotes":""},"categories":[2820],"tags":[31925,31926,31927,31928,1111,11,31929,31930,31931,31932,1777,674,1011,27,775,12,31933,31934,25,640],"class_list":{"0":"post-181724","1":"post","2":"type-post","3":"status-publish","4":"format-standard","5":"has-post-thumbnail","7":"category-strasbourg","8":"tag-architecture-renaissance","9":"tag-charme-medieval","10":"tag-obernaialsace","11":"tag-patrimoinearchitectural","12":"tag-actu","13":"tag-actualites","14":"tag-authenticite-alsacienne","15":"tag-charme-authentique-dobernai","16":"tag-charme-authentique-de-lalsace","17":"tag-charme-medieval-dobernai","18":"tag-eu","19":"tag-europe","20":"tag-fr","21":"tag-france","22":"tag-grand-est","23":"tag-news","24":"tag-patrimoine-architectural-alsacien","25":"tag-patrimoine-architectural-dobernai","26":"tag-republique-francaise","27":"tag-strasbourg"},"share_on_mastodon":{"url":"https:\/\/pubeurope.com\/@fr\/114695008743535114","error":""},"_links":{"self":[{"href":"https:\/\/www.europesays.com\/fr\/wp-json\/wp\/v2\/posts\/181724","targetHints":{"allow":["GET"]}}],"collection":[{"href":"https:\/\/www.europesays.com\/fr\/wp-json\/wp\/v2\/posts"}],"about":[{"href":"https:\/\/www.europesays.com\/fr\/wp-json\/wp\/v2\/types\/post"}],"author":[{"embeddable":true,"href":"https:\/\/www.europesays.com\/fr\/wp-json\/wp\/v2\/users\/2"}],"replies":[{"embeddable":true,"href":"https:\/\/www.europesays.com\/fr\/wp-json\/wp\/v2\/comments?post=181724"}],"version-history":[{"count":0,"href":"https:\/\/www.europesays.com\/fr\/wp-json\/wp\/v2\/posts\/181724\/revisions"}],"wp:featuredmedia":[{"embeddable":true,"href":"https:\/\/www.europesays.com\/fr\/wp-json\/wp\/v2\/media\/181725"}],"wp:attachment":[{"href":"https:\/\/www.europesays.com\/fr\/wp-json\/wp\/v2\/media?parent=181724"}],"wp:term":[{"taxonomy":"category","embeddable":true,"href":"https:\/\/www.europesays.com\/fr\/wp-json\/wp\/v2\/categories?post=181724"},{"taxonomy":"post_tag","embeddable":true,"href":"https:\/\/www.europesays.com\/fr\/wp-json\/wp\/v2\/tags?post=181724"}],"curies":[{"name":"wp","href":"https:\/\/api.w.org\/{rel}","templated":true}]}}