{"id":181731,"date":"2025-06-16T20:51:09","date_gmt":"2025-06-16T20:51:09","guid":{"rendered":"https:\/\/www.europesays.com\/fr\/181731\/"},"modified":"2025-06-16T20:51:09","modified_gmt":"2025-06-16T20:51:09","slug":"une-quinquagenaire-mise-en-examen-apres-avoir-poignarde-a-mort-son-concubin","status":"publish","type":"post","link":"https:\/\/www.europesays.com\/fr\/181731\/","title":{"rendered":"Une quinquag\u00e9naire mise en examen apr\u00e8s avoir poignard\u00e9 \u00e0 mort son concubin"},"content":{"rendered":"<p>Un homme de 49 ans a \u00e9t\u00e9 mortellement poignard\u00e9 vendredi dans les parties communes de son immeuble. Sa compagne, une femme d\u2019une cinquantaine d\u2019ann\u00e9es, a \u00e9t\u00e9 <a href=\"https:\/\/www.20minutes.fr\/dossier\/mise_en_examen\" target=\"_blank\" class=\"color-ultramarine c-link\" rel=\"nofollow noopener\">mise en examen<\/a> pour <a href=\"https:\/\/www.20minutes.fr\/dossier\/meurtre\" target=\"_blank\" class=\"color-ultramarine c-link\" rel=\"nofollow noopener\">meurtre<\/a> et plac\u00e9e en d\u00e9tention provisoire, a confirm\u00e9 le parquet de Nantes lundi.<\/p>\n<p>Les faits se sont d\u00e9roul\u00e9s dans un appartement de Rez\u00e9, au sud de <a href=\"https:\/\/www.20minutes.fr\/nantes\/\" target=\"_blank\" class=\"color-ultramarine c-link\" rel=\"nofollow noopener\">Nantes<\/a>, o\u00f9 le couple r\u00e9sidait. L\u2019alerte a \u00e9t\u00e9 donn\u00e9e apr\u00e8s la d\u00e9couverte du corps de la victime, gisant dans une mare de sang. Selon Presse-Oc\u00e9an, plusieurs r\u00e9sidents de l\u2019immeuble ont entendu une violente dispute sans oser intervenir.<\/p>\n<\/p>\n<p>La concubine de la victime en garde \u00e0 vue<\/p>\n<p>\u00ab\u00a0La concubine de la victime a \u00e9t\u00e9 plac\u00e9e en garde \u00e0 vue, puis pr\u00e9sent\u00e9e \u00e0 un juge d\u2019instruction dimanche\u00a0\u00bb, a pr\u00e9cis\u00e9 Antoine Leroy, <a href=\"https:\/\/www.20minutes.fr\/dossier\/procureur_de_la_republique\" target=\"_blank\" class=\"color-ultramarine c-link\" rel=\"nofollow noopener\">procureur de la R\u00e9publique<\/a> de Nantes. Elle a \u00e9t\u00e9 mise en examen pour meurtre par concubine et \u00e9crou\u00e9e dans la foul\u00e9e.<\/p>\n<p><a href=\"https:\/\/www.20minutes.fr\/societe\/loire-atlantique\/\" target=\"_blank\" class=\"c-link c-btn c-btn--primary\" rel=\"nofollow noopener\">Toute l&rsquo;info en Loire-Atlantique<\/a><\/p>\n<p>L\u2019homme, n\u00e9 en\u00a01976, aurait re\u00e7u plusieurs <a href=\"https:\/\/www.20minutes.fr\/dossier\/coup_de_couteau\" target=\"_blank\" class=\"color-ultramarine c-link\" rel=\"nofollow noopener\">coups de couteau<\/a>. Le parquet n\u2019a pas encore communiqu\u00e9 de pr\u00e9cisions sur le mobile du geste. Une enqu\u00eate a \u00e9t\u00e9 ouverte pour \u00e9claircir les circonstances exactes de ce drame conjugal, survenu en plein c\u0153ur d\u2019un quartier r\u00e9sidentiel.<\/p>\n","protected":false},"excerpt":{"rendered":"Un homme de 49 ans a \u00e9t\u00e9 mortellement poignard\u00e9 vendredi dans les parties communes de son immeuble. Sa&hellip;\n","protected":false},"author":2,"featured_media":181732,"comment_status":"","ping_status":"","sticky":false,"template":"","format":"standard","meta":{"footnotes":""},"categories":[2818],"tags":[1111,47,11,7623,1777,674,118,1011,27,3047,777,5117,766,12,2636,25,3740],"class_list":{"0":"post-181731","1":"post","2":"type-post","3":"status-publish","4":"format-standard","5":"has-post-thumbnail","7":"category-nantes","8":"tag-actu","9":"tag-actualite","10":"tag-actualites","11":"tag-coup-de-couteau","12":"tag-eu","13":"tag-europe","14":"tag-faits-divers","15":"tag-fr","16":"tag-france","17":"tag-loire-atlantique","18":"tag-meurtre","19":"tag-mise-en-examen","20":"tag-nantes","21":"tag-news","22":"tag-pays-de-la-loire","23":"tag-republique-francaise","24":"tag-reze"},"share_on_mastodon":{"url":"https:\/\/pubeurope.com\/@fr\/114695024342403211","error":""},"_links":{"self":[{"href":"https:\/\/www.europesays.com\/fr\/wp-json\/wp\/v2\/posts\/181731","targetHints":{"allow":["GET"]}}],"collection":[{"href":"https:\/\/www.europesays.com\/fr\/wp-json\/wp\/v2\/posts"}],"about":[{"href":"https:\/\/www.europesays.com\/fr\/wp-json\/wp\/v2\/types\/post"}],"author":[{"embeddable":true,"href":"https:\/\/www.europesays.com\/fr\/wp-json\/wp\/v2\/users\/2"}],"replies":[{"embeddable":true,"href":"https:\/\/www.europesays.com\/fr\/wp-json\/wp\/v2\/comments?post=181731"}],"version-history":[{"count":0,"href":"https:\/\/www.europesays.com\/fr\/wp-json\/wp\/v2\/posts\/181731\/revisions"}],"wp:featuredmedia":[{"embeddable":true,"href":"https:\/\/www.europesays.com\/fr\/wp-json\/wp\/v2\/media\/181732"}],"wp:attachment":[{"href":"https:\/\/www.europesays.com\/fr\/wp-json\/wp\/v2\/media?parent=181731"}],"wp:term":[{"taxonomy":"category","embeddable":true,"href":"https:\/\/www.europesays.com\/fr\/wp-json\/wp\/v2\/categories?post=181731"},{"taxonomy":"post_tag","embeddable":true,"href":"https:\/\/www.europesays.com\/fr\/wp-json\/wp\/v2\/tags?post=181731"}],"curies":[{"name":"wp","href":"https:\/\/api.w.org\/{rel}","templated":true}]}}