{"id":181766,"date":"2025-06-16T21:12:10","date_gmt":"2025-06-16T21:12:10","guid":{"rendered":"https:\/\/www.europesays.com\/fr\/181766\/"},"modified":"2025-06-16T21:12:10","modified_gmt":"2025-06-16T21:12:10","slug":"g7-au-canada-les-grandes-puissances-entre-soutien-a-lukraine-et-mutisme-sur-la-guerre-a-gaza","status":"publish","type":"post","link":"https:\/\/www.europesays.com\/fr\/181766\/","title":{"rendered":"G7 au Canada : les grandes puissances entre soutien \u00e0 l&rsquo;Ukraine et mutisme sur la guerre \u00e0 Gaza"},"content":{"rendered":"<p>Si les dirigeants du G7 r\u00e9unis jusqu\u2019au 17\u00a0juin dans les Rocheuses canadiennes vont aborder principalement le conflit entre l\u2019Iran et Isra\u00ebl, d\u2019autres \u00e9changes sont pr\u00e9vus, sur les droits de douane notamment. Le premier ministre canadien, Mark Carney, le chancelier allemand Friedrich Merz, la cheffe du gouvernement italien, <a href=\"https:\/\/www.humanite.fr\/monde\/cgil\/en-italie-lechec-des-referendums-sur-la-naturalisation-et-le-droit-du-travail-instrumentalises-par-le-gouvernement-meloni\" target=\"_blank\" rel=\"noopener\">Giorgia Meloni,<\/a> ou encore Emmanuel Macron ont pr\u00e9vu des discussions bilat\u00e9rales avec <a href=\"https:\/\/www.humanite.fr\/monde\/donald-trump\/no-kings-de-los-angeles-a-washington-lamerique-dans-la-rue-contre-le-roi-trump\" target=\"_blank\" rel=\"noopener\">le pr\u00e9sident Donald Trump. <\/a><\/p>\n<p>La plupart des dirigeants veulent aborder la question de l\u2019imposition de taxes d\u2019au moins 10\u00a0% sur la plupart des produits entrant aux \u00c9tats-Unis. Pr\u00e9sente au Canada, la pr\u00e9sidente de la Commission europ\u00e9enne a appel\u00e9 lundi \u00e0 garder les \u00e9changes \u00ab\u00a0\u00e9quitables, pr\u00e9visibles et ouverts\u00a0\u00bb et \u00ab\u00a0\u00e9viter le protectionnisme\u00a0\u00bb.<\/p>\n<p>L\u2019Occident somm\u00e9 d\u2019intensifier son aide militaire<\/p>\n<p>D\u2019autres dirigeants ont \u00e9t\u00e9 invit\u00e9s, notamment ceux d\u2019Inde, d\u2019Ukraine, du Mexique, d\u2019Afrique du Sud et d\u2019Australie. Le pr\u00e9sident Volodymyr Zelensky, qui a fait le d\u00e9placement dans l\u2019Alberta, \u00e9voquera le <a href=\"https:\/\/www.humanite.fr\/monde\/europe\/guerre-en-ukraine-face-a-larret-de-laide-americaine-leurope-sort-le-chequier\" target=\"_blank\" rel=\"noopener\">soutien occidental \u00e0 Kiev.<\/a><\/p>\n<p>Face aux difficult\u00e9s sur le terrain, aux bombardements russes, le dirigeant plaide pour davantage de soutien militaire et de sanctions \u00e0 l\u2019\u00e9gard de Moscou. La situation \u00e0 Gaza devrait \u00eatre aussi abord\u00e9e. Mais aucune chance que des sanctions contre le gouvernement isra\u00e9lien soient d\u00e9fendues.<\/p>\n<p>Avant de partir, une derni\u00e8re chose\u2026<\/p>\n<p>Contrairement \u00e0 90% des m\u00e9dias fran\u00e7ais aujourd\u2019hui, <strong>l\u2019Humanit\u00e9 ne d\u00e9pend ni de grands groupes ni de milliardaires<\/strong>. Cela signifie que : <\/p>\n<ul class=\"wp-block-list\">\n<li>nous vous apportons des informations impartiales, sans compromis. Mais aussi que <\/li>\n<li>nous n\u2019avons pas les moyens financiers dont b\u00e9n\u00e9ficient les autres m\u00e9dias.<\/li>\n<\/ul>\n<p><strong>L\u2019information ind\u00e9pendante et de qualit\u00e9 a un co\u00fbt<\/strong>. Payez-le.<br \/><a href=\"https:\/\/stage.preprod.humanite.fr\/lhumanite-cest-vous\" data-type=\"link\" data-id=\"https:\/\/stage.preprod.humanite.fr\/lhumanite-cest-vous\" target=\"_blank\" rel=\"noopener\">Je veux en savoir plus<\/a><\/p>\n","protected":false},"excerpt":{"rendered":"Si les dirigeants du G7 r\u00e9unis jusqu\u2019au 17\u00a0juin dans les Rocheuses canadiennes vont aborder principalement le conflit entre&hellip;\n","protected":false},"author":2,"featured_media":181767,"comment_status":"","ping_status":"","sticky":false,"template":"","format":"standard","meta":{"footnotes":""},"categories":[1590],"tags":[11,574,2388,1777,674,131,12,220],"class_list":{"0":"post-181766","1":"post","2":"type-post","3":"status-publish","4":"format-standard","5":"has-post-thumbnail","7":"category-ukraine","8":"tag-actualites","9":"tag-canada","10":"tag-droits-de-douane","11":"tag-eu","12":"tag-europe","13":"tag-guerre-en-ukraine","14":"tag-news","15":"tag-ukraine"},"share_on_mastodon":{"url":"","error":""},"_links":{"self":[{"href":"https:\/\/www.europesays.com\/fr\/wp-json\/wp\/v2\/posts\/181766","targetHints":{"allow":["GET"]}}],"collection":[{"href":"https:\/\/www.europesays.com\/fr\/wp-json\/wp\/v2\/posts"}],"about":[{"href":"https:\/\/www.europesays.com\/fr\/wp-json\/wp\/v2\/types\/post"}],"author":[{"embeddable":true,"href":"https:\/\/www.europesays.com\/fr\/wp-json\/wp\/v2\/users\/2"}],"replies":[{"embeddable":true,"href":"https:\/\/www.europesays.com\/fr\/wp-json\/wp\/v2\/comments?post=181766"}],"version-history":[{"count":0,"href":"https:\/\/www.europesays.com\/fr\/wp-json\/wp\/v2\/posts\/181766\/revisions"}],"wp:featuredmedia":[{"embeddable":true,"href":"https:\/\/www.europesays.com\/fr\/wp-json\/wp\/v2\/media\/181767"}],"wp:attachment":[{"href":"https:\/\/www.europesays.com\/fr\/wp-json\/wp\/v2\/media?parent=181766"}],"wp:term":[{"taxonomy":"category","embeddable":true,"href":"https:\/\/www.europesays.com\/fr\/wp-json\/wp\/v2\/categories?post=181766"},{"taxonomy":"post_tag","embeddable":true,"href":"https:\/\/www.europesays.com\/fr\/wp-json\/wp\/v2\/tags?post=181766"}],"curies":[{"name":"wp","href":"https:\/\/api.w.org\/{rel}","templated":true}]}}