{"id":181804,"date":"2025-06-16T21:31:11","date_gmt":"2025-06-16T21:31:11","guid":{"rendered":"https:\/\/www.europesays.com\/fr\/181804\/"},"modified":"2025-06-16T21:31:11","modified_gmt":"2025-06-16T21:31:11","slug":"les-guillon-ont-photographie-39-centenaires-dans-leur-intimite","status":"publish","type":"post","link":"https:\/\/www.europesays.com\/fr\/181804\/","title":{"rendered":"les Guillon ont photographi\u00e9 39 centenaires dans leur intimit\u00e9"},"content":{"rendered":"<p>            Par<br \/>\n        <strong><br \/>\n            <a href=\"https:\/\/actu.fr\/auteur\/amelie-loho\" title=\"Consulter tous les articles de Am\u00e9lie Loho\" rel=\"nofollow noopener\" target=\"_blank\">Am\u00e9lie Loho<\/a><br \/>\n        <\/strong><\/p>\n<p>        Publi\u00e9 le<\/p>\n<p>            16 juin 2025 \u00e0 16h31        <\/p>\n<p>Il a beau \u00eatre multi-titr\u00e9s, Jean-Fran\u00e7ois Guillon a toujours l\u2019\u0153il qui fr\u00e9tille. Depuis un an, le photographe de <b>Plo\u00ebrmel<\/b>\u00a0sillonne les routes du <b>Morbihan,<\/b> son appareil en bandouli\u00e8re.<\/p>\n<p class=\" wall-content\">Avec Nathalie, sa femme et associ\u00e9e, ils ont pouss\u00e9 la porte de <b>centenaires<\/b>. Un reportage hors des sentiers battus, au parfum de <b>nostalgie.<\/b><\/p>\n<p class=\" wall-content\">\u00ab\u2009J\u2019aime poser mon regard sur de nouveaux sujets en parall\u00e8le de mon travail au studio, \u00e7a me nourrit\u2009\u00bb, recontextualise d\u2019embl\u00e9e celui qui s\u2019est pris de passion pour le troisi\u00e8me art \u00e0 l\u2019\u00e2ge de 17\u00a0ans. L\u2019humain, ses traits du visage, ses mains a toujours \u00e9t\u00e9 sa source d\u2019inspiration.<\/p>\n<p>39 centenaires photographi\u00e9s dans le Morbihan<\/p>\n<p class=\" wall-content\">Apr\u00e8s avoir lanc\u00e9 un appel sur les r\u00e9seaux sociaux et frapp\u00e9 aux chambres des maisons de retraite, les premiers seniors acceptent de prendre la pose. Louise, 101\u00a0ans, ouvrira le bal \u00e0 l\u2019Ehpad Saint-Antoine. C\u2019\u00e9tait en mai\u00a02024.<\/p>\n<p class=\" wall-content\">Ren\u00e9, Albertine, Jacques\u2026 Ils seront finalement 39 Morbihannais \u00e0 partager leur intimit\u00e9.<\/p>\n<p class=\" wall-content\">Pour briser la glace, et saisir les nuances de leur pass\u00e9, c\u2019est d\u2019abord Nathalie qui est entr\u00e9e en sc\u00e8ne. \u00c0 la fa\u00e7on d\u2019un biographe, elle a interview\u00e9 chacun de leurs interlocuteurs. Et c\u2019est en duo que le couple Guillon a ensuite r\u00e9fl\u00e9chi au cadrage.<\/p>\n<p>Vid\u00e9os : en ce moment sur Actu<\/p>\n<p class=\" wall-content\">Pas question pour eux, d\u2019aseptiser le cocon de leurs mod\u00e8les. Bien au contraire. \u00ab\u2009On n\u2019a pas enlev\u00e9 le ruban \u00e0 mouches suspendu dans la cuisine, ni la liste de num\u00e9ros de t\u00e9l\u00e9phone placard\u00e9e en grand dans le salon\u2009\u00bb, sourit Jean-Fran\u00e7ois. \u00ab\u2009C\u2019est, \u00e0 l\u2019inverse, tout ce que nous \u00e9tions venus chercher pour ce reportage.\u2009\u00bb<\/p>\n<p class=\" wall-content\">Du vrai, de l\u2019authentique. Des stigmates du temps qui passe. Cette photo plus vraie que nature, il l\u2019a document\u00e9e avec un portrait serr\u00e9 en noir et blanc, et un zoom sur les mains.<\/p>\n<p class=\" wall-content\">Cette aventure photographique r\u00e9alis\u00e9e \u00ab\u2009sans but lucratif\u2009\u00bb leur laisse aussi en t\u00eate, de beaux souvenirs. \u00ab\u2009Nos a\u00een\u00e9s ont le sens de l\u2019accueil. Le caf\u00e9 et parfois m\u00eame un far breton nous attendaient sur la table.\u2009\u00bb<\/p>\n<p>    <img   decoding=\"async\" loading=\"lazy\" class=\"size-large\" src=\"https:\/\/www.europesays.com\/fr\/wp-content\/uploads\/2025\/06\/fef12b273c48603022b273c4817022v-960x640.jpg\" alt=\"Les femmes ont \u00e9t\u00e9 plus nombreuses que les hommes \u00e0 se pr\u00eater au jeu.\" width=\"960\" height=\"640\"\/><br \/>\n    Les femmes ont \u00e9t\u00e9 plus nombreuses que les hommes \u00e0 se pr\u00eater au jeu. \u00a9Guillon photographiesBient\u00f4t une exposition itin\u00e9rante\u2009?<\/p>\n<p class=\" wall-content\">Maintenant que la post-production est termin\u00e9e, Jean-Fran\u00e7ois Guillon a d\u2019autres aspirations. Comme celui de voir leur travail expos\u00e9. \u00ab\u2009\u00c0 <b>Plo\u00ebrmel<\/b>, sur les rives du <b>lac au Duc<\/b>, ce serait le Graal\u2009\u00bb, lance celui qui a d\u00e9j\u00e0 trouv\u00e9 des partenaires pour financer les tirages. \u00ab\u2009Ces clich\u00e9s agr\u00e9ment\u00e9s de l\u00e9gendes ont vocation \u00e0 devenir une exposition itin\u00e9rante.\u2009\u00bb<\/p>\n<p>    <img   decoding=\"async\" loading=\"lazy\" class=\"size-large\" src=\"https:\/\/www.europesays.com\/fr\/wp-content\/uploads\/2025\/06\/7159ba273c4862859ba273c48bc59bv-960x640.jpg\" alt=\"Ren\u00e9 Hedan centenaire Plo\u00ebrmel\" width=\"960\" height=\"640\"\/><br \/>\n    Ren\u00e9 a particip\u00e9 au projet de Jean-Fran\u00e7ois et Nathalie Guillon. \u00a9Guillon photographies<\/p>\n<p class=\" wall-content\">Une premi\u00e8re mise en lumi\u00e8re avant, peut-\u00eatre, la sortie d\u2019un livre. \u00ab\u2009Nous y r\u00e9fl\u00e9chissons s\u00e9rieusement, mais l\u2019\u00e9dition est un tout au autre m\u00e9tier, et pour \u00e7a, nous avons besoin d\u2019\u00eatre accompagn\u00e9s.\u2009\u00bb La bouteille \u00e0 la mer est lanc\u00e9e\u2026<\/p>\n<p>Plus de renseignements au 02\u200997\u200993\u200962\u200971 ou 06\u200968\u200963\u200999\u200982.<\/p>\n<p class=\" wall-content\">Suivez toute l\u2019actualit\u00e9 de vos villes et m\u00e9dias favoris en vous inscrivant \u00e0 <a href=\"https:\/\/moncompte.actu.fr\" title=\"D\u00e9couvez Mon Actu\" rel=\"nofollow noopener\" data-trk=\"{&quot;cta&quot;:{&quot;action&quot;:&quot;https:\\\/\\\/moncompte.actu.fr&quot;,&quot;category&quot;:&quot;mon compte&quot;,&quot;from&quot;:&quot;article footer&quot;,&quot;name&quot;:&quot;Mon actu&quot;,&quot;type&quot;:&quot;cta&quot;}}\" target=\"_blank\">Mon Actu<\/a>.<\/p>\n","protected":false},"excerpt":{"rendered":"Par Am\u00e9lie Loho Publi\u00e9 le 16 juin 2025 \u00e0 16h31 Il a beau \u00eatre multi-titr\u00e9s, Jean-Fran\u00e7ois Guillon a&hellip;\n","protected":false},"author":2,"featured_media":181805,"comment_status":"","ping_status":"","sticky":false,"template":"","format":"standard","meta":{"footnotes":""},"categories":[1358],"tags":[1348,1384,1385,1386,58,59,1011,27,1652,1756],"class_list":{"0":"post-181804","1":"post","2":"type-post","3":"status-publish","4":"format-standard","5":"has-post-thumbnail","7":"category-arts-et-design","8":"tag-arts","9":"tag-arts-and-design","10":"tag-arts-et-design","11":"tag-design","12":"tag-divertissement","13":"tag-entertainment","14":"tag-fr","15":"tag-france","16":"tag-loisirs-culture","17":"tag-photographie"},"share_on_mastodon":{"url":"https:\/\/pubeurope.com\/@fr\/114695181781200068","error":""},"_links":{"self":[{"href":"https:\/\/www.europesays.com\/fr\/wp-json\/wp\/v2\/posts\/181804","targetHints":{"allow":["GET"]}}],"collection":[{"href":"https:\/\/www.europesays.com\/fr\/wp-json\/wp\/v2\/posts"}],"about":[{"href":"https:\/\/www.europesays.com\/fr\/wp-json\/wp\/v2\/types\/post"}],"author":[{"embeddable":true,"href":"https:\/\/www.europesays.com\/fr\/wp-json\/wp\/v2\/users\/2"}],"replies":[{"embeddable":true,"href":"https:\/\/www.europesays.com\/fr\/wp-json\/wp\/v2\/comments?post=181804"}],"version-history":[{"count":0,"href":"https:\/\/www.europesays.com\/fr\/wp-json\/wp\/v2\/posts\/181804\/revisions"}],"wp:featuredmedia":[{"embeddable":true,"href":"https:\/\/www.europesays.com\/fr\/wp-json\/wp\/v2\/media\/181805"}],"wp:attachment":[{"href":"https:\/\/www.europesays.com\/fr\/wp-json\/wp\/v2\/media?parent=181804"}],"wp:term":[{"taxonomy":"category","embeddable":true,"href":"https:\/\/www.europesays.com\/fr\/wp-json\/wp\/v2\/categories?post=181804"},{"taxonomy":"post_tag","embeddable":true,"href":"https:\/\/www.europesays.com\/fr\/wp-json\/wp\/v2\/tags?post=181804"}],"curies":[{"name":"wp","href":"https:\/\/api.w.org\/{rel}","templated":true}]}}