{"id":18181,"date":"2025-04-11T20:25:10","date_gmt":"2025-04-11T20:25:10","guid":{"rendered":"https:\/\/www.europesays.com\/fr\/18181\/"},"modified":"2025-04-11T20:25:10","modified_gmt":"2025-04-11T20:25:10","slug":"le-rugby-sempare-de-la-tendance-des-figurines-starter-pack-generees-par-ia","status":"publish","type":"post","link":"https:\/\/www.europesays.com\/fr\/18181\/","title":{"rendered":"le rugby s&#8217;empare de la tendance des figurines \u00ab\u00a0starter pack\u00a0\u00bb g\u00e9n\u00e9r\u00e9es par IA"},"content":{"rendered":"<p>            Par<br \/>\n        <strong><br \/>\n            <a href=\"https:\/\/actu.fr\/auteur\/nicolas-dendri-actu-fr\" title=\"Consulter tous les articles de Nicolas Dendri\" target=\"_blank\" rel=\"noopener\">Nicolas Dendri<\/a><br \/>\n        <\/strong><\/p>\n<p>        Publi\u00e9 le<\/p>\n<p>            11 avr. 2025 \u00e0 12h39        <\/p>\n<p>C\u2019est la <strong>tendance<\/strong> du moment sur les r\u00e9seaux sociaux comme <strong>Tik Tok<\/strong> ou <strong>Instagram<\/strong> : le \u00ab\u00a0<a href=\"https:\/\/actu.fr\/sciences-technologie\/starter-pack-on-vous-explique-cette-tendance-generee-par-ia-et-pourquoi-elle-fait-polemique_62494728.html\" target=\"_blank\" rel=\"noopener\">starter pack<\/a>\u00ab\u00a0. \u00c0 l\u2019aide d\u2019une plateforme g\u00e9n\u00e9rative utilisant <strong>l\u2019intelligence artificielle<\/strong> comme<strong> Chat GPT<\/strong>, vous pouvez g\u00e9n\u00e9rer une image repr\u00e9sentant <strong>une personne en figurine<\/strong> dans son emballage comme un jouet.\u00a0<\/p>\n<p class=\" wall-content\">Le monde du rugby commence \u00e0 s\u2019en emparer \u00e0 l\u2019image de <strong>certains clubs<\/strong>, de plusieurs <strong>\u00e9quipes de France<\/strong> ou m\u00eame <strong>des formations de l\u2019h\u00e9misph\u00e8re sud<\/strong>. Pour le moment, trois \u00e9quipes de <a href=\"https:\/\/actu.fr\/rugby\/top-14\" target=\"_blank\" rel=\"noopener\">Top 14<\/a> se sont lanc\u00e9es. <a href=\"https:\/\/actu.fr\/rugby\/\" target=\"_blank\" rel=\"noopener\">Actu Rugby<\/a> vous propose un tour d\u2019horizon des figurines g\u00e9n\u00e9r\u00e9es.\u00a0<\/p>\n<p>Le Racing 92 premier sur la tendance du \u00ab\u00a0starter pack\u00a0\u00bb<\/p>\n<p class=\" wall-content\">Le <a href=\"https:\/\/actu.fr\/rugby\/equipe\/racing-92_64dd31517b8c09c4fec880ce\" target=\"_blank\" rel=\"noopener\">Racing 92<\/a> est le premier club \u00e0 avoir suivi le mouvement. Sur son <a href=\"https:\/\/www.tiktok.com\/@racing.92?lang=fr\" target=\"_blank\" rel=\"noopener\">compte Tik Tok<\/a>, le club francilien a annonc\u00e9 la nomination de son capitaine face \u00e0 Perpignan la semaine derni\u00e8re avec le starter pack de <strong>Noa Zinzen<\/strong>.<\/p>\n<p class=\" wall-content\">Le <strong>troisi\u00e8me ligne de 21 ans<\/strong> a ainsi eu sa figurine sur les r\u00e9seaux sociaux avec comme accessoire la coupe du monde moins de 20 ans d\u00e9croch\u00e9e en 2023 malgr\u00e9 sa blessure lors du premier match contre le Japon.\u00a0<\/p>\n<p>      <img   decoding=\"async\" loading=\"lazy\" src=\"https:\/\/www.europesays.com\/fr\/wp-content\/uploads\/2025\/04\/copie-de-sans-titre-1200-x-800-px-87-960x640.jpg\" alt=\"Le Racing 92 a g\u00e9n\u00e9r\u00e9 le starter pack de Noa Zinzen pour annoncer son capitanat sur les r\u00e9seaux sociaux \" width=\"960\" height=\"640\"\/><br \/>\n    Le Racing 92 a g\u00e9n\u00e9r\u00e9 le \u00ab\u00a0starter pack\u00a0\u00bb de Noa Zinzen pour annoncer son capitanat sur les r\u00e9seaux sociaux (\u00a9Capture Tik Tok Racing 92)Vid\u00e9os : en ce moment sur ActuLe starter pack d\u2019Antoine Dupont et de Manae Feleu<\/p>\n<p class=\" wall-content\">Du c\u00f4t\u00e9 de Marcoussis, les sp\u00e9cialistes des r\u00e9seaux sociaux a d\u00e9gain\u00e9 \u00e0 son tour. Sur le <a href=\"https:\/\/www.tiktok.com\/@francerugby\/photo\/7491625456479784214\" target=\"_blank\" rel=\"noopener\">compte Tik Tok de France Rugby<\/a>, les capitaines du XV de France et de l\u2019\u00e9quipe de France f\u00e9minine sont mis \u00e0 l\u2019honneur \u00e0 travers leur figurine. <strong>Antoine Dupont<\/strong> est repr\u00e9sent\u00e9 avec le troph\u00e9e du Tournoi des 6 Nations 2025 quand <strong>Manae Feleu<\/strong> a le drapeau de Wallis et Futuna, son territoire d\u2019origine.\u00a0<\/p>\n<p>      <img   decoding=\"async\" loading=\"lazy\" src=\"https:\/\/www.europesays.com\/fr\/wp-content\/uploads\/2025\/04\/copie-de-sans-titre-1200-x-800-px-88-960x640.jpg\" alt=\"Antoine Dupont et Manae Feleu, les deux capitaines du XV de France et de l'\u00e9quipe de France f\u00e9minin ont leur figurine g\u00e9n\u00e9r\u00e9e par l'intelligence artificielle \" width=\"960\" height=\"640\"\/><br \/>\n    Antoine Dupont et Manae Feleu, les deux capitaines du XV de France et de l\u2019\u00e9quipe de France f\u00e9minin ont leur figurine g\u00e9n\u00e9r\u00e9e par l\u2019intelligence artificielle (\u00a9Capture Tik Tok France Rugby )Castres et Montpellier g\u00e9n\u00e8rent leurs figurines<\/p>\n<p class=\" wall-content\">Au <strong>Castres olympiques<\/strong> et \u00e0 <strong>Montpellier<\/strong>, plusieurs joueurs ont eu droit \u00e0 leur figurine g\u00e9n\u00e9r\u00e9e \u00e0 l\u2019aide de Chat GPT. <a href=\"https:\/\/www.tiktok.com\/@castresolympique\/photo\/7491602706847567106\" target=\"_blank\" rel=\"noopener\">Sur le Tik Tok du CO<\/a>, vous pouvez retrouver le capitaine <strong>Mathieu Babillot<\/strong>, <strong>Christian Ambadiang<\/strong>, <strong>Abraham Papali\u2019i<\/strong> ou encore <strong>Santiago Arata<\/strong>. En faiseur d\u2019ambiance, le pilier Levan Chilachava est repr\u00e9sent\u00e9 avec un livre de blagues.\u00a0<\/p>\n<p class=\" wall-content\">Pour <a href=\"https:\/\/www.tiktok.com\/@mhr_officiel\/photo\/7491702885705731350\" target=\"_blank\" rel=\"noopener\">le MHR<\/a>, les images g\u00e9n\u00e9r\u00e9es repr\u00e9sentent <strong>L\u00e9o Coly<\/strong>, <strong>Marco Tauleigne<\/strong>, <strong>Ma\u00ebl Moustin<\/strong> ou encore <strong>Bastien Chalureau<\/strong> en tenue d\u00e9contract\u00e9e avec des objets qui repr\u00e9sentent leurs passions. Le demi de m\u00eal\u00e9e h\u00e9raultais a une figurine du champion de F1 Lewis Hamilton quand l\u2019ailier montpelli\u00e9rain opte pour la console et le ping pong.\u00a0<\/p>\n<p class=\" wall-content\">\n      <img   decoding=\"async\" loading=\"lazy\" src=\"https:\/\/www.europesays.com\/fr\/wp-content\/uploads\/2025\/04\/copie-de-sans-titre-1200-x-800-px-89-960x640.jpg\" alt=\"Les starter pack de Mathieu Babillot et Levan Chilachava avec notamment le livre de blagues du pilier g\u00e9orgien\" width=\"960\" height=\"640\"\/><br \/>\n    Les \u00ab\u00a0starter pack\u00a0\u00bb de Mathieu Babillot et Levan Chilachava pour le Castres olympique (\u00a9Capture Tik Tok Castres olympique)<br \/>\n      <img   decoding=\"async\" loading=\"lazy\" src=\"https:\/\/www.europesays.com\/fr\/wp-content\/uploads\/2025\/04\/copie-de-sans-titre-1200-x-800-px-1-960x640.png\" alt=\"Ma\u00ebl Moustins et Marco Tauleigne en tenu d\u00e9contract\u00e9 dans leur starter pack g\u00e9n\u00e9r\u00e9 par le club de Montpellier\" width=\"960\" height=\"640\"\/><br \/>\n    Ma\u00ebl Moustins et Marco Tauleigne dans leur \u00ab\u00a0starter pack\u00a0\u00bb g\u00e9n\u00e9r\u00e9 par le club de Montpellier (\u00a9Capture Tik Tok MHR)<\/p>\n<p>La tendance starter pack jusqu\u2019en Nouvelle-Z\u00e9lande<\/p>\n<p class=\" wall-content\">Pour les amateurs du Super Rugby Pacific, <strong>Will Jordan<\/strong> ou <strong>James O\u2019Connor<\/strong> ont aussi leur figurine. La franchise de Super Rugby Pacific des <a href=\"https:\/\/www.tiktok.com\/@crusadersrugby\/photo\/7491534399201234196\" target=\"_blank\" rel=\"noopener\">Crusaders a aussi suivi la tendance<\/a> depuis l\u2019h\u00e9misph\u00e8re sud. Une image g\u00e9n\u00e9r\u00e9e plus r\u00e9aliste par rapport aux figurines fran\u00e7aises.\u00a0<\/p>\n<p>      <img   decoding=\"async\" loading=\"lazy\" src=\"https:\/\/www.europesays.com\/fr\/wp-content\/uploads\/2025\/04\/copie-de-sans-titre-1200-x-800-px-90-960x640.jpg\" alt=\"Will Jordan avec sa passion pour le cricket et James O'Connor qui appr\u00e9cie les barbecue ont eu leur figurine starter pack\" width=\"960\" height=\"640\"\/><br \/>\n    Will Jordan avec sa passion pour le cricket et James O\u2019Connor qui appr\u00e9cie les barbecue ont eu leur figurine starter pack (\u00a9Capture Tik Tok Crusaders)<\/p>\n<p class=\" wall-content\">Comme, le community manager des Crusaders le pr\u00e9cise : <strong>ces figurines ne sont pas en vente dans les magasins<\/strong>. La tendance \u00ab\u00a0stater pack\u00a0\u00bb est lanc\u00e9e dans le rugby. On attend maintenant les figurines des joueurs des autres clubs de Top 14\u2026\u00a0<\/p>\n<p class=\" wall-content\">Suivez toute l\u2019actualit\u00e9 de vos villes et m\u00e9dias favoris en vous inscrivant \u00e0 <a href=\"https:\/\/moncompte.actu.fr\" title=\"D\u00e9couvez Mon Actu\" rel=\"nofollow noopener\" data-trk=\"{&quot;cta&quot;:{&quot;action&quot;:&quot;https:\\\/\\\/moncompte.actu.fr&quot;,&quot;category&quot;:&quot;mon compte&quot;,&quot;from&quot;:&quot;article footer&quot;,&quot;name&quot;:&quot;Mon actu&quot;,&quot;type&quot;:&quot;cta&quot;}}\" target=\"_blank\">Mon Actu<\/a>.<\/p>\n<p>                    <script async src=\"\/\/www.tiktok.com\/embed.js\"><\/script><\/p>\n","protected":false},"excerpt":{"rendered":"Par Nicolas Dendri Publi\u00e9 le 11 avr. 2025 \u00e0 12h39 C\u2019est la tendance du moment sur les r\u00e9seaux&hellip;\n","protected":false},"author":2,"featured_media":18182,"comment_status":"","ping_status":"","sticky":false,"template":"","format":"standard","meta":{"footnotes":""},"categories":[1416],"tags":[514,1011,27,223,3788,479,1468,60,478,513],"class_list":{"0":"post-18181","1":"post","2":"type-post","3":"status-publish","4":"format-standard","5":"has-post-thumbnail","7":"category-rugby","8":"tag-antoine-dupont","9":"tag-fr","10":"tag-france","11":"tag-intelligence-artificielle","12":"tag-pro","13":"tag-rugby","14":"tag-rugby-football","15":"tag-sports","16":"tag-top-14","17":"tag-xv-de-france"},"share_on_mastodon":{"url":"https:\/\/pubeurope.com\/@fr\/114321209707934718","error":""},"_links":{"self":[{"href":"https:\/\/www.europesays.com\/fr\/wp-json\/wp\/v2\/posts\/18181","targetHints":{"allow":["GET"]}}],"collection":[{"href":"https:\/\/www.europesays.com\/fr\/wp-json\/wp\/v2\/posts"}],"about":[{"href":"https:\/\/www.europesays.com\/fr\/wp-json\/wp\/v2\/types\/post"}],"author":[{"embeddable":true,"href":"https:\/\/www.europesays.com\/fr\/wp-json\/wp\/v2\/users\/2"}],"replies":[{"embeddable":true,"href":"https:\/\/www.europesays.com\/fr\/wp-json\/wp\/v2\/comments?post=18181"}],"version-history":[{"count":0,"href":"https:\/\/www.europesays.com\/fr\/wp-json\/wp\/v2\/posts\/18181\/revisions"}],"wp:featuredmedia":[{"embeddable":true,"href":"https:\/\/www.europesays.com\/fr\/wp-json\/wp\/v2\/media\/18182"}],"wp:attachment":[{"href":"https:\/\/www.europesays.com\/fr\/wp-json\/wp\/v2\/media?parent=18181"}],"wp:term":[{"taxonomy":"category","embeddable":true,"href":"https:\/\/www.europesays.com\/fr\/wp-json\/wp\/v2\/categories?post=18181"},{"taxonomy":"post_tag","embeddable":true,"href":"https:\/\/www.europesays.com\/fr\/wp-json\/wp\/v2\/tags?post=18181"}],"curies":[{"name":"wp","href":"https:\/\/api.w.org\/{rel}","templated":true}]}}