{"id":181810,"date":"2025-06-16T21:34:15","date_gmt":"2025-06-16T21:34:15","guid":{"rendered":"https:\/\/www.europesays.com\/fr\/181810\/"},"modified":"2025-06-16T21:34:15","modified_gmt":"2025-06-16T21:34:15","slug":"britney-spears-tourne-definitivement-la-page-et-change-de-nom","status":"publish","type":"post","link":"https:\/\/www.europesays.com\/fr\/181810\/","title":{"rendered":"Britney Spears tourne (d\u00e9finitivement ?) la page et change de nom"},"content":{"rendered":"<p><a href=\"https:\/\/www.vanityfair.fr\/dossier\/britney-spears\" isautogenerated=\"true\" target=\"_blank\" rel=\"noopener\">Britney Spears<\/a> a chang\u00e9 de nom. Pas l\u00e9galement (du moins pas \u00e0 notre connaissance) mais symboliquement, spirituellement et surtout publiquement. Sur <a href=\"https:\/\/www.vanityfair.fr\/dossier\/instagram\" isautogenerated=\"true\" target=\"_blank\" rel=\"noopener\">Instagram<\/a> et Threads, la chanteuse se pr\u00e9sente d\u00e9sormais sous le nom de <strong>Xila Maria River Red<\/strong>, une signature \u00e9nigmatique \u00e0 la crois\u00e9e des cultures et des alter ego. Adieu Britney, <a href=\"https:\/\/www.vanityfair.fr\/article\/le-mythe-enfin-brise-derriere-la-pochette-dalbum-culte-de-britney-spears\" target=\"_blank\" rel=\"noopener\">princesse de la pop<\/a> surm\u00e9diatis\u00e9e, et bonjour Xila, figure libre en exil volontaire au Mexique.<\/p>\n<p>Ce n\u2019est pas la premi\u00e8re fois que l\u2019artiste op\u00e8re une telle mue identitaire. Apr\u00e8s <strong>River Red<\/strong> en 2023, puis <strong>Maria River Red<\/strong>, c\u2019est d\u00e9sormais <strong>Xila<\/strong> qui pr\u00e9c\u00e8de la cascade. Un ajout qui fait froncer les sourcils \u00e0 ses fans les plus linguistes. Certains y voient une r\u00e9f\u00e9rence au Nahuatl (macro-langue de la famille uto-azt\u00e8que) o\u00f9 Xila signifie feu ou chaleur, d\u2019autres per\u00e7oivent une allusion au pr\u00e9nom grec Xylia li\u00e9 aux for\u00eats, voire \u00e0 une expression hindoue pour d\u00e9signer le \u00ab jeu divin \u00bb. Et si tout simplement, c\u2019\u00e9tait le luxe supr\u00eame : se nommer comme on veut, sans justification ?<\/p>\n<p>Messages cryptiques<\/p>\n<p>Dans un post Instagram datant de janvier 2023 d\u00e9sormais supprim\u00e9, Britney Spears se confiait sur son changement de nom pour River Red : \u00ab ne sous-estime pas le pouvoir de la puret\u00e9. Je vois \u00e0 travers tout cela&#8230; il y a du liquide et c\u2019est mouill\u00e9&#8230; c\u2019est joueur et il y a de la masse !!! J\u2019ai chang\u00e9 mon nom en River Red !!! Pourtant, le feu est l\u00e0 o\u00f9 il s\u2019illumine&#8230; pour le fixer et sauter directement sans aucune peur !!! \u00bb. \u00c0 sa mani\u00e8re, elle semblait parler de ce qu\u2019elle traverse \u2013 et de ce qu\u2019elle a quitt\u00e9. Depuis la fin de sa tutelle en 2021, la popstar n\u2019a cess\u00e9 de d\u00e9construire l\u2019image qu\u2019on lui a impos\u00e9e. L\u2019album qui ne sort jamais, les vid\u00e9os de danse en boucle, les messages cryptiques\u2026 Tout semble participer depuis quelques ann\u00e9es \u00e0 un processus d\u2019\u00e9mancipation d\u00e9sordonn\u00e9.<\/p>\n<p>Et aujourd\u2019hui ? Elle vit au Mexique, partage des clich\u00e9s en bikini sous le soleil d\u2019Oaxaca, et poste parfois des messages adress\u00e9s \u00e0 personne, ou \u00e0 tout le monde. Fini les paparazzis tapis dans les buissons \u00ab Ils ont toujours \u00e9t\u00e9 incroyablement cruels avec moi (&#8230;) Je sais que je suis loin d\u2019\u00eatre parfaite, mais c\u2019est parfois extr\u00eamement m\u00e9chant et cruel et c\u2019est pourquoi j\u2019ai d\u00e9m\u00e9nag\u00e9 au Mexique \u00bb. Xila Maria River Red est hors syst\u00e8me.<\/p>\n<p>Quant aux th\u00e9ories sur ses diff\u00e9rents noms, elles abondent. \u00ab C\u2019est un anagramme de I\u2019ve remarried \u00bb, glisse un fan sur Reddit. \u00ab C\u2019est son <strong>Sasha Fierce<\/strong> \u00e0 elle \u00bb, commente un autre, faisant r\u00e9f\u00e9rence \u00e0 l\u2019alter ego de <a href=\"https:\/\/www.vanityfair.fr\/dossier\/beyonce\" target=\"_blank\" rel=\"noopener\"><strong>Beyonc\u00e9<\/strong><\/a>. Plus s\u00e9rieusement, certains y lisent un signal de repli artistique, voire d\u2019arr\u00eat d\u00e9finitif. La chanteuse a elle-m\u00eame d\u00e9clar\u00e9 qu\u2019elle ne comptait plus faire de tourn\u00e9e. Une position confirm\u00e9e par la promotion de son autobiographie, <a href=\"https:\/\/www.vanityfair.fr\/article\/les-memoires-de-britney-spears-sont-lus-par-michelle-williams\" target=\"_blank\" rel=\"noopener\">The Woman in Me<\/a>, parue en octobre 2023, o\u00f9 elle r\u00e8gle ses comptes avec une industrie qui l\u2019a exploit\u00e9e sans rel\u00e2che. Si le nom Britney Spears reste son pseudo sur les r\u00e9seaux sociaux, il r\u00e9sonne d\u00e9sormais comme une marque d\u00e9pos\u00e9e, un souvenir. Et pendant que <a href=\"https:\/\/www.vanityfair.fr\/dossier\/ben-affleck\" isautogenerated=\"true\" target=\"_blank\" rel=\"noopener\">Ben Affleck<\/a> affirme comprendre son ras-le-bol m\u00e9diatique sur le podcast This Past Weekend avec <strong>Theo Von<\/strong>, l&rsquo;int\u00e9ress\u00e9e, elle, pr\u00e9f\u00e8re r\u00e9pondre par le silence \u2013 ou un pas de danse.<\/p>\n","protected":false},"excerpt":{"rendered":"Britney Spears a chang\u00e9 de nom. Pas l\u00e9galement (du moins pas \u00e0 notre connaissance) mais symboliquement, spirituellement et&hellip;\n","protected":false},"author":2,"featured_media":181811,"comment_status":"","ping_status":"","sticky":false,"template":"","format":"standard","meta":{"footnotes":""},"categories":[1355],"tags":[8719,58,59,1011,27,1361,873],"class_list":{"0":"post-181810","1":"post","2":"type-post","3":"status-publish","4":"format-standard","5":"has-post-thumbnail","7":"category-musique","8":"tag-britney-spears","9":"tag-divertissement","10":"tag-entertainment","11":"tag-fr","12":"tag-france","13":"tag-music","14":"tag-musique"},"share_on_mastodon":{"url":"https:\/\/pubeurope.com\/@fr\/114695193557574717","error":""},"_links":{"self":[{"href":"https:\/\/www.europesays.com\/fr\/wp-json\/wp\/v2\/posts\/181810","targetHints":{"allow":["GET"]}}],"collection":[{"href":"https:\/\/www.europesays.com\/fr\/wp-json\/wp\/v2\/posts"}],"about":[{"href":"https:\/\/www.europesays.com\/fr\/wp-json\/wp\/v2\/types\/post"}],"author":[{"embeddable":true,"href":"https:\/\/www.europesays.com\/fr\/wp-json\/wp\/v2\/users\/2"}],"replies":[{"embeddable":true,"href":"https:\/\/www.europesays.com\/fr\/wp-json\/wp\/v2\/comments?post=181810"}],"version-history":[{"count":0,"href":"https:\/\/www.europesays.com\/fr\/wp-json\/wp\/v2\/posts\/181810\/revisions"}],"wp:featuredmedia":[{"embeddable":true,"href":"https:\/\/www.europesays.com\/fr\/wp-json\/wp\/v2\/media\/181811"}],"wp:attachment":[{"href":"https:\/\/www.europesays.com\/fr\/wp-json\/wp\/v2\/media?parent=181810"}],"wp:term":[{"taxonomy":"category","embeddable":true,"href":"https:\/\/www.europesays.com\/fr\/wp-json\/wp\/v2\/categories?post=181810"},{"taxonomy":"post_tag","embeddable":true,"href":"https:\/\/www.europesays.com\/fr\/wp-json\/wp\/v2\/tags?post=181810"}],"curies":[{"name":"wp","href":"https:\/\/api.w.org\/{rel}","templated":true}]}}