{"id":181814,"date":"2025-06-16T21:36:12","date_gmt":"2025-06-16T21:36:12","guid":{"rendered":"https:\/\/www.europesays.com\/fr\/181814\/"},"modified":"2025-06-16T21:36:12","modified_gmt":"2025-06-16T21:36:12","slug":"en-vue-de-lete-le-ministre-de-la-sante-veut-sensibiliser-a-la-canicule-et-au-risque-de-chikungunya","status":"publish","type":"post","link":"https:\/\/www.europesays.com\/fr\/181814\/","title":{"rendered":"En vue de l\u2019\u00e9t\u00e9, le ministre de la Sant\u00e9 veut sensibiliser \u00e0 \u00abla canicule\u00bb et \u00abau risque de chikungunya\u00bb"},"content":{"rendered":"<p>Yannick Neuder s\u2019est exprim\u00e9 ce lundi afin de pr\u00e9venir la mise sous tension du syst\u00e8me de sant\u00e9 \u00e0 l\u2019approche de l\u2019\u00e9t\u00e9.<\/p>\n<p class=\"fig-paragraph\">Yannick Neuder, ministre de la Sant\u00e9, a rappel\u00e9 lundi la n\u00e9cessit\u00e9 de sensibiliser \u00e0 \u00abla canicule\u00bb, surtout, et \u00e9galement \u00abau risque potentiel de chikungunya\u00bb, afin d&rsquo;anticiper les tensions du syst\u00e8me de sant\u00e9 cet \u00e9t\u00e9. Un nouveau cas autochtone de\u00a0<a href=\"https:\/\/sante.lefigaro.fr\/sante\/maladie\/chikungunya\/quels-symptomes\" target=\"_blank\" data-fig-type=\"Keyword\" rel=\"noopener\" data-gtm-custom-categorie=\"navigation\" data-gtm-custom-action=\"crossclick\" data-gtm-custom-label=\"Contextuel\" data-gtm-event=\"customEventSPE\" data-fig-domain=\"SANTE\">chikungunya<\/a>, le deuxi\u00e8me en m\u00e9tropole depuis le d\u00e9but de l&rsquo;ann\u00e9e, a \u00e9t\u00e9 d\u00e9tect\u00e9 dans l&rsquo;H\u00e9rault, a annonc\u00e9 lundi l&rsquo;Agence r\u00e9gionale de sant\u00e9 Occitanie. Le\u00a0<a href=\"http:\/\/www.lefigaro.fr\/marseille\/var-un-premier-cas-autochtone-de-chikungunya-en-2025-detecte-a-la-crau-20250613\" data-fig-type=\"NewsFlash\" data-gtm-custom-categorie=\"navigation\" data-gtm-custom-action=\"crossclick\" data-gtm-custom-label=\"Contextuel\" data-gtm-event=\"customEventSPE\" data-fig-domain=\"LEFIGARO\" target=\"_blank\" rel=\"noopener\">premier cas autochtone<\/a>\u00a0de 2025 avait \u00e9t\u00e9 signal\u00e9 la semaine derni\u00e8re dans le Var.<\/p>\n<p class=\"fig-paragraph\">\u00abOn sera amen\u00e9 \u00e0 pr\u00e9ciser les mesures si effectivement nous \u00e9tions face \u00e0 une \u00e9pid\u00e9mie significative de chikungunya (en m\u00e9tropole), mais pour l&rsquo;instant nous sommes dans la lutte anti-vectorielle contre les moustiques\u00bb, a expos\u00e9 le ministre en marge d&rsquo;une r\u00e9union avec tous les acteurs de la sant\u00e9 dans son minist\u00e8re lundi soir \u00e0 Paris. Lutter contre les moustiques, c&rsquo;est \u00ab\u00e9radiquer tous les r\u00e9cipients qui contiennent de l&rsquo;eau, qui sont \u00e0 proximit\u00e9 des logements, notamment les soucoupes, des pots de fleurs, etc\u00bb, a d\u00e9roul\u00e9 le membre du gouvernement.<\/p>\n<p class=\"fig-paragraph\">Et de rappeler de \u00abporter des v\u00eatements amples qui prot\u00e8gent, de pouvoir utiliser du r\u00e9pulsif\u00bb. \u00abOn sait tr\u00e8s bien que le chikungunya, notamment chez les personnes qui sont les plus vuln\u00e9rables ou qui ont des maladies chroniques, peut avoir beaucoup plus de cons\u00e9quences\u00bb, a pr\u00e9venu le responsable.<\/p>\n<p>Lutte contre la canicule<\/p>\n<p class=\"fig-paragraph\">Yannick Neuder veut \u00e9crire \u00ab\u00e0 l&rsquo;ensemble des maires de France\u00bb, dans des \u00abcourriers qui seront relay\u00e9s \u00e9galement par les pr\u00e9fets dans chaque d\u00e9partement\u00bb, pour bien \u00abmettre en place les cellules de rep\u00e9rage sur les personnes vuln\u00e9rables\u00bb, notamment pour la canicule. Un des messages \u00e0 faire passer est \u00abque 97% du territoire national a un service d&rsquo;acc\u00e8s aux soins, donc, ne pas se rendre spontan\u00e9ment aux urgences sans avoir pu passer un coup de fil, sans avoir respect\u00e9, en fait, les possibilit\u00e9s qui sont offertes de pouvoir trouver un rendez-vous de soins non programm\u00e9s\u00bb. \u00abOn sait tr\u00e8s bien que 40% des venues aux urgences sont des venues qui auraient pu trouver solutions en m\u00e9decine de ville\u00bb, a-t-il insist\u00e9.<\/p>\n<p class=\"fig-paragraph\">Yannick Neuder entend \u00e9galement \u00abutiliser tous les panneaux de communication des commer\u00e7ants qui voudront s&rsquo;y pr\u00eater, notamment les pharmacies\u00bb ou encore \u00abtous les panneaux lumineux des villes\u00bb. Pour rappeler, par exemple, comment \u00ablutter efficacement contre la canicule\u00a0: ne pas sortir entre 11h00 du matin et 16h00, ne pas s&rsquo;exposer. Si on s&rsquo;expose, avoir un chapeau, des lunettes de soleil, de la cr\u00e8me avec un bon niveau de protection, ne surtout pas exposer les enfants, bien s&rsquo;hydrater\u00bb. L&rsquo;\u00e9t\u00e9 2024 fut le 8e le plus chaud depuis 1900, avec 17.000 recours aux urgences et 3711 d\u00e9c\u00e8s attribuables \u00e0 la chaleur.<\/p>\n","protected":false},"excerpt":{"rendered":"Yannick Neuder s\u2019est exprim\u00e9 ce lundi afin de pr\u00e9venir la mise sous tension du syst\u00e8me de sant\u00e9 \u00e0&hellip;\n","protected":false},"author":2,"featured_media":181815,"comment_status":"","ping_status":"","sticky":false,"template":"","format":"standard","meta":{"footnotes":""},"categories":[10],"tags":[8704,47,8699,8707,8706,4988,1011,27,8705,72,8700,5362,226,224,8701,225,8702,298,71,8703,801,227],"class_list":{"0":"post-181814","1":"post","2":"type-post","3":"status-publish","4":"format-standard","5":"has-post-thumbnail","7":"category-sante","8":"tag-actu-sante","9":"tag-actualite","10":"tag-actualite-sante","11":"tag-conseil-medical","12":"tag-conseils-medicaux","13":"tag-forme","14":"tag-fr","15":"tag-france","16":"tag-guide-des-medicaments","17":"tag-health","18":"tag-info-sante","19":"tag-magazine-sante","20":"tag-maladie","21":"tag-medecine","22":"tag-medical","23":"tag-medicament","24":"tag-nutrition-et-sante","25":"tag-psychologie","26":"tag-sante","27":"tag-sexualite","28":"tag-social","29":"tag-traitement"},"share_on_mastodon":{"url":"https:\/\/pubeurope.com\/@fr\/114695201356702538","error":""},"_links":{"self":[{"href":"https:\/\/www.europesays.com\/fr\/wp-json\/wp\/v2\/posts\/181814","targetHints":{"allow":["GET"]}}],"collection":[{"href":"https:\/\/www.europesays.com\/fr\/wp-json\/wp\/v2\/posts"}],"about":[{"href":"https:\/\/www.europesays.com\/fr\/wp-json\/wp\/v2\/types\/post"}],"author":[{"embeddable":true,"href":"https:\/\/www.europesays.com\/fr\/wp-json\/wp\/v2\/users\/2"}],"replies":[{"embeddable":true,"href":"https:\/\/www.europesays.com\/fr\/wp-json\/wp\/v2\/comments?post=181814"}],"version-history":[{"count":0,"href":"https:\/\/www.europesays.com\/fr\/wp-json\/wp\/v2\/posts\/181814\/revisions"}],"wp:featuredmedia":[{"embeddable":true,"href":"https:\/\/www.europesays.com\/fr\/wp-json\/wp\/v2\/media\/181815"}],"wp:attachment":[{"href":"https:\/\/www.europesays.com\/fr\/wp-json\/wp\/v2\/media?parent=181814"}],"wp:term":[{"taxonomy":"category","embeddable":true,"href":"https:\/\/www.europesays.com\/fr\/wp-json\/wp\/v2\/categories?post=181814"},{"taxonomy":"post_tag","embeddable":true,"href":"https:\/\/www.europesays.com\/fr\/wp-json\/wp\/v2\/tags?post=181814"}],"curies":[{"name":"wp","href":"https:\/\/api.w.org\/{rel}","templated":true}]}}