{"id":181816,"date":"2025-06-16T21:37:09","date_gmt":"2025-06-16T21:37:09","guid":{"rendered":"https:\/\/www.europesays.com\/fr\/181816\/"},"modified":"2025-06-16T21:37:09","modified_gmt":"2025-06-16T21:37:09","slug":"giroud-et-lloris-nont-rien-pu-faire-los-angeles-battu-dentree-par-chelsea","status":"publish","type":"post","link":"https:\/\/www.europesays.com\/fr\/181816\/","title":{"rendered":"Giroud et Lloris n\u2019ont rien pu faire, Los Angeles battu d\u2019entr\u00e9e par Chelsea"},"content":{"rendered":"<p>Ce lundi soir, le club am\u00e9ricain, o\u00f9 \u00e9voluent les Fran\u00e7ais Hugo Lloris et Olivier Giroud, a \u00e9t\u00e9 battu par Chelsea (2-0)<\/p>\n<p class=\"fig-paragraph\"><a href=\"https:\/\/www.lefigaro.fr\/sports\/football\/live\/coupe-du-monde-des-clubs\/2025\/2492334\/chelsea-los-angeles-football-club\" data-fig-type=\"Live\" data-gtm-custom-categorie=\"navigation\" data-gtm-custom-action=\"crossclick\" data-gtm-custom-label=\"Contextuel\" data-gtm-event=\"customEventSPE\" data-fig-domain=\"LEFIGARO\" target=\"_blank\" rel=\"noopener\">Chelsea<\/a>\u00a0a domin\u00e9 sans trembler le Los Angeles FC des Fran\u00e7ais Hugo Lloris et Olivier Giroud (2-0) pour leur entr\u00e9e en lice dans le Mondial des clubs lundi \u00e0 Atlanta (G\u00e9orgie, \u00c9tats-Unis). Olivier Giroud (38 ans), ancien attaquant des Blues (2018-2021), savourait avant le tournoi \u00abl\u2019opportunit\u00e9\u00bb offerte \u00e0 son club et \u00e0 la MLS de \u00abmontrer la qualit\u00e9 du championnat\u00bb nord-am\u00e9ricain contre des cadors europ\u00e9ens.<\/p>\n<p class=\"fig-paragraph\">Lors d\u2019une rencontre disput\u00e9e sur un tout petit rythme et dans un stade qui sonnait creux, un Chelsea en bout de course apr\u00e8s une longue saison europ\u00e9enne a tout de m\u00eame affich\u00e9 sa sup\u00e9riorit\u00e9 sur le LAFC, en pleine saison am\u00e9ricaine. Les Blues ont su faire la diff\u00e9rence lors des acc\u00e9l\u00e9rations de leurs attaquants, trop rapides pour la d\u00e9fense blanche et or du LAFC.<\/p>\n<p class=\"fig-paragraph\">Hugo Lloris s\u2019est interpos\u00e9 sur une frappe de Nicolas Jackson (5e) puis une autre de Moises Caicedo (17e) avant de s\u2019incliner face \u00e0 Pedro Neto (34e). L\u2019ailier portugais a inscrit un joli but: trouv\u00e9 en profondeur par Jackson, il a r\u00e9ussi un terrible crochet pour \u00e9liminer Ryan Hollingshead, condamn\u00e9 \u00e0 une interminable glissade, avant une frappe crois\u00e9e du gauche en bas \u00e0 droite des cages.<\/p>\n<p>Nkunku vu trop tard<\/p>\n<p class=\"fig-paragraph\">Neto a manqu\u00e9 un doubl\u00e9 dans le temps additionnel de la premi\u00e8re p\u00e9riode avec une lourde frappe sur le dessus de la barre transversale. Apr\u00e8s la pause, Malo Gusto est entr\u00e9 en jeu pour Chelsea ainsi que Giroud pour Los Angeles, ce dernier ayant toutefois d\u00fb attendre l\u2019arriv\u00e9e de son maillot, de quoi retarder le coup de sifflet de quelques minutes.<\/p>\n<p class=\"fig-paragraph\">Les Angelenos se sont montr\u00e9s un peu plus entreprenants avec Daniel Martinez (51e) puis Denis Bouanga, dont la frappe apr\u00e8s un long ballon et un duel gagn\u00e9 contre Neto a \u00e9t\u00e9 d\u00e9tourn\u00e9e par Robert Sanchez (57e). Cole Palmer, qui s\u2019est souvent balad\u00e9 entre les joueurs du LAFC, a fini par trouver l\u2019entrant Liam Delap sur le c\u00f4t\u00e9: le nouvel attaquant des Blues, pour sa premi\u00e8re rencontre, a offert une passe d\u00e9cisive sur un centre \u00e0 Enzo Fernandez pour le deuxi\u00e8me but inscrit de pr\u00e8s (80e).<\/p>\n<p class=\"fig-paragraph\">Christopher Nkunku est entr\u00e9 \u00e0 la 84e minute, mais n\u2019a pas eu le temps de se mettre en \u00e9vidence pour Chelsea. L\u2019autre match du groupe D, entre les Br\u00e9siliens de Flamengo et l\u2019Esp\u00e9rance Tunis, aura lieu plus tard dans la journ\u00e9e (mardi 3h00 fran\u00e7aises).<\/p>\n","protected":false},"excerpt":{"rendered":"Ce lundi soir, le club am\u00e9ricain, o\u00f9 \u00e9voluent les Fran\u00e7ais Hugo Lloris et Olivier Giroud, a \u00e9t\u00e9 battu&hellip;\n","protected":false},"author":2,"featured_media":181817,"comment_status":"","ping_status":"","sticky":false,"template":"","format":"standard","meta":{"footnotes":""},"categories":[9],"tags":[454,69,448,83,451,7151,64,450,449,1011,27,27229,452,453,66,446,447,5959,70,60,455],"class_list":{"0":"post-181816","1":"post","2":"type-post","3":"status-publish","4":"format-standard","5":"has-post-thumbnail","7":"category-sports","8":"tag-ballon-dor","9":"tag-bundesliga","10":"tag-champions-league","11":"tag-coupe-de-france","12":"tag-coupe-du-monde","13":"tag-coupe-du-monde-des-clubs","14":"tag-equipe-de-france","15":"tag-euro","16":"tag-europa-league","17":"tag-fr","18":"tag-france","19":"tag-hugo-lloris","20":"tag-italie","21":"tag-liga","22":"tag-ligue-1","23":"tag-ligue-2","24":"tag-ligue-des-champions","25":"tag-olivier-giroud","26":"tag-premier-league","27":"tag-sports","28":"tag-uefa"},"share_on_mastodon":{"url":"https:\/\/pubeurope.com\/@fr\/114695205333741299","error":""},"_links":{"self":[{"href":"https:\/\/www.europesays.com\/fr\/wp-json\/wp\/v2\/posts\/181816","targetHints":{"allow":["GET"]}}],"collection":[{"href":"https:\/\/www.europesays.com\/fr\/wp-json\/wp\/v2\/posts"}],"about":[{"href":"https:\/\/www.europesays.com\/fr\/wp-json\/wp\/v2\/types\/post"}],"author":[{"embeddable":true,"href":"https:\/\/www.europesays.com\/fr\/wp-json\/wp\/v2\/users\/2"}],"replies":[{"embeddable":true,"href":"https:\/\/www.europesays.com\/fr\/wp-json\/wp\/v2\/comments?post=181816"}],"version-history":[{"count":0,"href":"https:\/\/www.europesays.com\/fr\/wp-json\/wp\/v2\/posts\/181816\/revisions"}],"wp:featuredmedia":[{"embeddable":true,"href":"https:\/\/www.europesays.com\/fr\/wp-json\/wp\/v2\/media\/181817"}],"wp:attachment":[{"href":"https:\/\/www.europesays.com\/fr\/wp-json\/wp\/v2\/media?parent=181816"}],"wp:term":[{"taxonomy":"category","embeddable":true,"href":"https:\/\/www.europesays.com\/fr\/wp-json\/wp\/v2\/categories?post=181816"},{"taxonomy":"post_tag","embeddable":true,"href":"https:\/\/www.europesays.com\/fr\/wp-json\/wp\/v2\/tags?post=181816"}],"curies":[{"name":"wp","href":"https:\/\/api.w.org\/{rel}","templated":true}]}}