{"id":181818,"date":"2025-06-16T21:38:11","date_gmt":"2025-06-16T21:38:11","guid":{"rendered":"https:\/\/www.europesays.com\/fr\/181818\/"},"modified":"2025-06-16T21:38:11","modified_gmt":"2025-06-16T21:38:11","slug":"kate-middleton-et-le-prince-william-malaise-en-public-ce-gros-vent-de-la-princesse-na-echappe-a-personne","status":"publish","type":"post","link":"https:\/\/www.europesays.com\/fr\/181818\/","title":{"rendered":"Kate Middleton et le prince William : malaise en public, ce gros vent de la princesse n\u2019a \u00e9chapp\u00e9 \u00e0 personne"},"content":{"rendered":"<p class=\"p1\">Le prince William et Kate Middleton sont de retour<br \/>\nsur le devant la sc\u00e8ne. Le samedi 14 juin, le couple est apparu sur<br \/>\nle balcon du palais de Buckingham \u00e0 l\u2019occasion du d\u00e9fil\u00e9 <a href=\"https:\/\/www.closermag.fr\/royautes\/trooping-the-colour-2025-ce-message-cache-derriere-les-bijoux-de-charlotte-et-kate-3555344\" target=\"_blank\" rel=\"noopener\"><br \/>\nTrooping the Colour<\/a>. Deux jours plus tard, ils ont particip\u00e9 \u00e0<br \/>\n<strong>la c\u00e9r\u00e9monie de l\u2019Ordre de la Jarreti\u00e8re<\/strong> au<br \/>\nch\u00e2teau de Windsor.<\/p>\n<p class=\"p1\">Comme chaque ann\u00e9e, le prince William avait rev\u00eatu<br \/>\n<strong>sa cape en velours bleu fonc\u00e9<\/strong>, son \u00e9charpe rouge<br \/>\net son chapeau noir orn\u00e9 d\u2019une plume blanche. Il a ainsi d\u00e9ambul\u00e9<br \/>\navec d\u2019autres membres de la famille royale, dont le prince Edward<br \/>\net la princesse Anne, jusqu\u2019\u00e0 la chapelle Saint-Georges.<\/p>\n<p><img aria-describedby=\"caption-attachment-3555449\" itemprop=\"thumbnailUrl\" decoding=\"async\" loading=\"lazy\" class=\"size-full wp-image-3555449 img-responsive\" src=\"https:\/\/www.europesays.com\/fr\/wp-content\/uploads\/2025\/06\/kate-middleton-et-la-duchesse-sophie.jpg\" alt=\"La famille royale britannique assiste \u00e0 la c\u00e9r\u00e9monie de l'Ordre de la Jarreti\u00e8re \u00e0 la chapelle Saint-Georges du ch\u00e2teau de Windsor.\" width=\"1200\" height=\"2000\"\/> \u00a9 MirrorPix \/ Pool \/<br \/>\nBestimage<\/p>\n<p id=\"caption-attachment-3555449\" class=\"wp-caption-text\">La<br \/>\nfamille royale britannique assiste \u00e0 la c\u00e9r\u00e9monie de l&rsquo;Ordre de la<br \/>\nJarreti\u00e8re \u00e0 la chapelle Saint-Georges du ch\u00e2teau de Windsor.<\/p>\n<p>Kate Middleton met un gros vent \u00e0 son mari<\/p>\n<p class=\"p1\">Apr\u00e8s un an d\u2019absence, due \u00e0 son cancer, <strong>Kate<br \/>\nMiddleton<\/strong> a fait son grand retour \u00e0 la c\u00e9r\u00e9monie de<br \/>\nl\u2019Ordre de la Jarreti\u00e8re. Ne faisant pas partie de l\u2019ordre, elle<br \/>\nest rest\u00e9e en retrait avec <a href=\"https:\/\/www.closermag.fr\/royautes\/charles-iii-surprend-sophie-de-wessex-son-geste-respectueux-tourne-au-faux-pas-vestimentaire-3555074\" target=\"_blank\" rel=\"noopener\"><br \/>\nla duchesse Sophie<\/a>. Les deux femmes ont d\u2019ailleurs partag\u00e9<br \/>\n<strong>un moment de complicit\u00e9<\/strong> et ont \u00e9t\u00e9 vues en train<br \/>\nde rire.<\/p>\n<p class=\"p1\">Alors qu\u2019elle \u00e9tait venue soutenir le prince William,<br \/>\nKate Middleton lui aurait mis un vent. En effet, selon le <a href=\"https:\/\/www.mirror.co.uk\/news\/royals\/kate-middleton-giggles-leaves-william-35402163\" target=\"_blank\" rel=\"nofollow noopener\">Mirror<\/a>, \u00e0 son<br \/>\narriv\u00e9e pr\u00e8s de la chapelle, le prince de Galles a jet\u00e9 de<br \/>\n<strong>nombreux regards \u00e0 sa femme<\/strong>. Celle-ci, visiblement<br \/>\noccup\u00e9e \u00e0 discuter avec la duchesse Sophie, ne lui a cependant<br \/>\n<strong>pas accord\u00e9 un seul regard<\/strong>. Une petite d\u00e9ception<br \/>\npour le p\u00e8re de famille, qui s\u2019est donc mis \u00e0 parler avec le prince<br \/>\nEdward.<\/p>\n<blockquote class=\"instagram-media\" style=\"background: #ffffff;border: 0;margin: 1px;width: 100%;padding: 0;max-width: 500px;\" data-instgrm-permalink=\"https:\/\/www.instagram.com\/p\/DK-CDTrNNtp\/?img_index=1\" data-instgrm-version=\"14\"\/><p>\nLe prince William a retrouv\u00e9 sa<br \/>\nfemme apr\u00e8s la c\u00e9r\u00e9monie<\/p>\n<p class=\"p1\">Le malaise entre le prince William et Kate Middleton<br \/>\na \u00e9t\u00e9 de courte dur\u00e9e. Apr\u00e8s la c\u00e9r\u00e9monie, le couple a pris place<br \/>\nensemble dans une cal\u00e8che, derri\u00e8re le roi Charles III et la reine<br \/>\nCamilla, afin de regagner le ch\u00e2teau de Windsor. Cette fois, ils<br \/>\nsont <strong>apparus tr\u00e8s souriants<\/strong> et n\u2019ont pas h\u00e9sit\u00e9 \u00e0<br \/>\nsaluer la foule.<\/p>\n<p class=\"p1\">Comme \u00e0 chaque apparition, la princesse de Galles a<br \/>\n<strong>attir\u00e9 tous les regards<\/strong>. Pour son grand retour,<br \/>\nelle a opt\u00e9 pour <a href=\"https:\/\/www.closermag.fr\/mode\/kate-middleton-sublime-apres-trooping-the-colour-elle-recycle-une-robe-dune-marque-adoree-des-stars-voici-son-prix-3555411\" target=\"_blank\" rel=\"noopener\"><br \/>\nune robe cr\u00e8me Self Portrait<\/a> port\u00e9e avec une large capeline<br \/>\nSean Barrett. Une tenue qu\u2019elle avait d\u00e9j\u00e0 port\u00e9e le 8 mai dernier<br \/>\npour les comm\u00e9morations de la fin de la Seconde Guerre mondiale en<br \/>\nEurope.<\/p>\n<p><script async src=\"\/\/www.instagram.com\/embed.js\"><\/script><\/p>\n","protected":false},"excerpt":{"rendered":"Le prince William et Kate Middleton sont de retour sur le devant la sc\u00e8ne. Le samedi 14 juin,&hellip;\n","protected":false},"author":2,"featured_media":181819,"comment_status":"","ping_status":"","sticky":false,"template":"","format":"standard","meta":{"footnotes":""},"categories":[8],"tags":[548,58,59,1011,27,5858,3936],"class_list":{"0":"post-181818","1":"post","2":"type-post","3":"status-publish","4":"format-standard","5":"has-post-thumbnail","7":"category-divertissement","8":"tag-article-simple","9":"tag-divertissement","10":"tag-entertainment","11":"tag-fr","12":"tag-france","13":"tag-kate-middleton","14":"tag-prince-william"},"share_on_mastodon":{"url":"https:\/\/pubeurope.com\/@fr\/114695209437660299","error":""},"_links":{"self":[{"href":"https:\/\/www.europesays.com\/fr\/wp-json\/wp\/v2\/posts\/181818","targetHints":{"allow":["GET"]}}],"collection":[{"href":"https:\/\/www.europesays.com\/fr\/wp-json\/wp\/v2\/posts"}],"about":[{"href":"https:\/\/www.europesays.com\/fr\/wp-json\/wp\/v2\/types\/post"}],"author":[{"embeddable":true,"href":"https:\/\/www.europesays.com\/fr\/wp-json\/wp\/v2\/users\/2"}],"replies":[{"embeddable":true,"href":"https:\/\/www.europesays.com\/fr\/wp-json\/wp\/v2\/comments?post=181818"}],"version-history":[{"count":0,"href":"https:\/\/www.europesays.com\/fr\/wp-json\/wp\/v2\/posts\/181818\/revisions"}],"wp:featuredmedia":[{"embeddable":true,"href":"https:\/\/www.europesays.com\/fr\/wp-json\/wp\/v2\/media\/181819"}],"wp:attachment":[{"href":"https:\/\/www.europesays.com\/fr\/wp-json\/wp\/v2\/media?parent=181818"}],"wp:term":[{"taxonomy":"category","embeddable":true,"href":"https:\/\/www.europesays.com\/fr\/wp-json\/wp\/v2\/categories?post=181818"},{"taxonomy":"post_tag","embeddable":true,"href":"https:\/\/www.europesays.com\/fr\/wp-json\/wp\/v2\/tags?post=181818"}],"curies":[{"name":"wp","href":"https:\/\/api.w.org\/{rel}","templated":true}]}}