{"id":181822,"date":"2025-06-16T21:40:09","date_gmt":"2025-06-16T21:40:09","guid":{"rendered":"https:\/\/www.europesays.com\/fr\/181822\/"},"modified":"2025-06-16T21:40:09","modified_gmt":"2025-06-16T21:40:09","slug":"le-depart-de-luca-de-meo-prend-de-court-la-direction-de-renault-et-letat-actionnaire","status":"publish","type":"post","link":"https:\/\/www.europesays.com\/fr\/181822\/","title":{"rendered":"Le d\u00e9part de Luca de Meo prend de court la direction de Renault et l\u2019\u00c9tat actionnaire"},"content":{"rendered":"<p><strong>D\u00c9CRYPTAGE<\/strong> &#8211; Le dirigeant du groupe aura quitt\u00e9 le Losange dans moins d\u2019un mois. En pleine crise de l\u2019industrie automobile europ\u00e9enne, le constructeur s\u2019empresse de trouver un successeur.<\/p>\n<p class=\"fig-paragraph\"><a href=\"https:\/\/www.lefigaro.fr\/tag\/renault\" target=\"_blank\" rel=\"noopener\" data-gtm-custom-categorie=\"navigation\" data-gtm-custom-action=\"crossclick\" data-gtm-custom-label=\"Contextuel\" data-gtm-event=\"customEventSPE\">Renault<\/a>\u00a0n\u2019est pas une entreprise comme les autres. C\u2019est un \u00ab\u00a0\u00e9tendard politique\u00a0\u00bb, convient une source proche de l\u2019ex\u00e9cutif. Et une entreprise dont l\u2019\u00c9tat d\u00e9tient 15\u00a0% du capital.<\/p>\n<p class=\"fig-paragraph\">Comme beaucoup d\u2019autres, les membres de l\u2019ex\u00e9cutif et le patron de l\u2019Agence des participations de l\u2019\u00c9tat,\u00a0<a href=\"http:\/\/www.lefigaro.fr\/societes\/alexis-zajdenweber-nomme-a-la-tete-de-l-agence-des-participations-de-l-etat-20220915\" target=\"_blank\" data-fig-type=\"NewsFlash\" rel=\"noopener\" data-gtm-custom-categorie=\"navigation\" data-gtm-custom-action=\"crossclick\" data-gtm-custom-label=\"Contextuel\" data-gtm-event=\"customEventSPE\" data-fig-domain=\"LEFIGARO\">Alexis Zajdenweber\u00a0<\/a>(\u00e0 ce titre, administrateur de Renault) sont \u00ab\u00a0tomb\u00e9s des nues\u00a0\u00bb, selon un proche du dossier, quand\u00a0<a href=\"http:\/\/www.lefigaro.fr\/economie\/luca-de-meo-quitte-renault-et-rejoint-kering-20250615\" target=\"_blank\" data-fig-type=\"Article\" rel=\"noopener\" data-gtm-custom-categorie=\"navigation\" data-gtm-custom-action=\"crossclick\" data-gtm-custom-label=\"Contextuel\" data-gtm-event=\"customEventSPE\" data-fig-domain=\"LEFIGARO\">Luca de Meo les a inform\u00e9s<\/a>, jeudi dernier, en m\u00eame temps que le pr\u00e9sident du groupe,\u00a0<a href=\"http:\/\/www.lefigaro.fr\/societes\/le-president-de-renault-jean-dominique-senard-va-quitter-le-conseil-d-administration-de-nissan-20250417\" target=\"_blank\" data-fig-type=\"NewsFlash\" rel=\"noopener\" data-gtm-custom-categorie=\"navigation\" data-gtm-custom-action=\"crossclick\" data-gtm-custom-label=\"Contextuel\" data-gtm-event=\"customEventSPE\" data-fig-domain=\"LEFIGARO\">Jean-Dominique Senard<\/a>, de son intention de d\u00e9missionner de ses fonctions et de quitter Renault.<\/p>\n<p class=\"fig-paragraph\">\u00ab\u00a0Nous avons bien compris que la proposition qui lui avait \u00e9t\u00e9 faite \u00e0 l\u2019ext\u00e9rieur de Renault \u00e9tait irr\u00e9sistible\u00a0\u00bb, sourit une source publique. \u00ab\u00a0C\u2019\u00e9tait brutal, mais il n\u2019y aurait de toute fa\u00e7on pas eu de bon moment pour le faire\u00a0\u00bb, commente un acteur du dossier, press\u00e9 de se concentrer sur la suite et sur le recrutement dans les meilleurs d\u00e9lais d\u2019un nouveau patron. Dimanche apr\u00e8s-midi, avant\u2026<\/p>\n<p class=\"fig-premium-paywall__infos\">\n        Cet article est r\u00e9serv\u00e9 aux abonn\u00e9s.        Il vous reste 77% \u00e0 d\u00e9couvrir.\n    <\/p>\n<p>                <img  data- alt=\"Le Figaro\" class=\"fig-img--complete fig-img\"\/><\/p>\n<p class=\"fig-premium-paywall__title\">Vente Flash<\/p>\n<p class=\"fig-premium-paywall__subtitle\">3,99\u20ac par mois pendant 12 mois. Sans engagement.<\/p>\n<p class=\"fig-premium-paywall__connect\">\n                D\u00e9j\u00e0 abonn\u00e9\u00a0?                <a class=\"fig-premium-paywall__connect-link\" href=\"https:\/\/connect.lefigaro.fr\/login?client=horizon_web&amp;type=main&amp;redirect_uri=https%3A%2F%2Fwww.lefigaro.fr%2Fconjoncture%2Fle-depart-de-luca-de-meo-prend-de-court-la-direction-de-renault-et-l-etat-actionnaire-20250616\" data-js-gtm=\"{&quot;customCategorie&quot;: &quot;conversion&quot;, &quot;customAction&quot;: &quot;before_Landing_Connexion_paywall_auto&quot;, &quot;customLabel&quot;: &quot;bGVmaWdhcm8uZnJfXzFmMDRhYTZlLTZjZGYtNjE4YS1iZmM3LWE1MmY2YzQwYWJkZF9fQXJ0aWNsZQ==_Le d\u00e9part de Luca de Meo prend de court la direction de Renault et l\u2019\u00c9tat actionnaire_405&quot;, &quot;customIDSPE&quot;: &quot;bGVmaWdhcm8uZnJfXzFmMDRhYTZlLTZjZGYtNjE4YS1iZmM3LWE1MmY2YzQwYWJkZF9fQXJ0aWNsZQ==&quot;, &quot;event&quot;: &quot;customEventSPE&quot;}\" target=\"_blank\" rel=\"noopener\"><br \/>\n                    Connectez-vous<br \/>\n                <\/a>\n            <\/p>\n","protected":false},"excerpt":{"rendered":"D\u00c9CRYPTAGE &#8211; Le dirigeant du groupe aura quitt\u00e9 le Losange dans moins d\u2019un mois. En pleine crise de&hellip;\n","protected":false},"author":2,"featured_media":181823,"comment_status":"","ping_status":"","sticky":false,"template":"","format":"standard","meta":{"footnotes":""},"categories":[6],"tags":[339,340,35,343,345,350,130,344,352,349,33,34,341,313,1011,27,346,342,353,18292,351,347,348,10651,354],"class_list":{"0":"post-181822","1":"post","2":"type-post","3":"status-publish","4":"format-standard","5":"has-post-thumbnail","7":"category-economie","8":"tag-actualite-economique","9":"tag-bourse","10":"tag-business","11":"tag-cac-40","12":"tag-chef-dentreprise","13":"tag-concurrence","14":"tag-consommation","15":"tag-creation-dentreprise","16":"tag-crise","17":"tag-delocalisations","18":"tag-economie","19":"tag-economy","20":"tag-emploi","21":"tag-entreprises","22":"tag-fr","23":"tag-france","24":"tag-grands-patrons","25":"tag-impots","26":"tag-licenciements","27":"tag-luca-de-meo","28":"tag-monopole","29":"tag-multinationales","30":"tag-privatisation","31":"tag-renault","32":"tag-unio"},"share_on_mastodon":{"url":"https:\/\/pubeurope.com\/@fr\/114695216995941429","error":""},"_links":{"self":[{"href":"https:\/\/www.europesays.com\/fr\/wp-json\/wp\/v2\/posts\/181822","targetHints":{"allow":["GET"]}}],"collection":[{"href":"https:\/\/www.europesays.com\/fr\/wp-json\/wp\/v2\/posts"}],"about":[{"href":"https:\/\/www.europesays.com\/fr\/wp-json\/wp\/v2\/types\/post"}],"author":[{"embeddable":true,"href":"https:\/\/www.europesays.com\/fr\/wp-json\/wp\/v2\/users\/2"}],"replies":[{"embeddable":true,"href":"https:\/\/www.europesays.com\/fr\/wp-json\/wp\/v2\/comments?post=181822"}],"version-history":[{"count":0,"href":"https:\/\/www.europesays.com\/fr\/wp-json\/wp\/v2\/posts\/181822\/revisions"}],"wp:featuredmedia":[{"embeddable":true,"href":"https:\/\/www.europesays.com\/fr\/wp-json\/wp\/v2\/media\/181823"}],"wp:attachment":[{"href":"https:\/\/www.europesays.com\/fr\/wp-json\/wp\/v2\/media?parent=181822"}],"wp:term":[{"taxonomy":"category","embeddable":true,"href":"https:\/\/www.europesays.com\/fr\/wp-json\/wp\/v2\/categories?post=181822"},{"taxonomy":"post_tag","embeddable":true,"href":"https:\/\/www.europesays.com\/fr\/wp-json\/wp\/v2\/tags?post=181822"}],"curies":[{"name":"wp","href":"https:\/\/api.w.org\/{rel}","templated":true}]}}