{"id":181836,"date":"2025-06-16T21:49:10","date_gmt":"2025-06-16T21:49:10","guid":{"rendered":"https:\/\/www.europesays.com\/fr\/181836\/"},"modified":"2025-06-16T21:49:10","modified_gmt":"2025-06-16T21:49:10","slug":"des-le-5-juillet-le-chantier-sera-mis-en-pause-on-fait-le-point-sur-les-travaux-du-port-a-sanary","status":"publish","type":"post","link":"https:\/\/www.europesays.com\/fr\/181836\/","title":{"rendered":"D\u00e8s le 5 juillet, le chantier sera mis en pause: on fait le point sur les travaux du port \u00e0 Sanary"},"content":{"rendered":"<p>Le maire de Sanary a pr\u00e9sid\u00e9 une r\u00e9union publique, ce samedi matin \u00e0 la salle Marie-Mauron, pour \u00e9voquer la transformation du port. L\u2019\u00e9norme chantier commenc\u00e9 en 2023 devrait \u00eatre achev\u00e9 avant l\u2019\u00e9t\u00e9 2026. Mais d\u2019ici l\u00e0, l\u2019heure est, comme d\u2019habitude \u00e0 pareille p\u00e9riode, \u00e0 l\u2019arr\u00eat temporaire des travaux. Bient\u00f4t: \u00ab\u00a0\u00c0 partir du 5 juillet, une pause estivale sera mise en place pour l\u2019ensemble des travaux, a indiqu\u00e9 Daniel Alsters. Les Sanaryens et les estivants pourront donc profiter de ce cadre embelli et pleinement ouvert \u00e0 la promenade\u00a0\u00bb, a-t-il soulign\u00e9. Et notamment sur la partie du port achev\u00e9e depuis un an qui \u00ab\u00a0rencontre un accueil remarquable\u00a0\u00bb ainsi que \u00ab\u00a0sur les diff\u00e9rents secteurs qui ont d\u00e9j\u00e0 b\u00e9n\u00e9fici\u00e9 d\u2019importants am\u00e9nagements\u00a0\u00bb.<\/p>\n<p>V\u00e9g\u00e9talisation avanc\u00e9e <\/p>\n<p>\u00c0 savoir, sur le quai De Gaulle : r\u00e9seaux, \u00e9clairages, plantations (camphriers, tipuana, palmiers), fontaines \u00e0 double circuit et mobilier sont en place; dans les rues Jaur\u00e8s et Granet : pavage, plantations (eucalyptus, schinus), sonorisation et \u00e9clairage festif; avenue Gallieni: r\u00e9seaux (eau potable, assainissement) termin\u00e9s; sur l\u2019all\u00e9e Estienne d\u2019Orves: mise en lumi\u00e8re du kiosque, v\u00e9g\u00e9talisation (jacarandas, platane), b\u00e9ton bouchard\u00e9; sur le quai du Levant, enfin : revalorisation du mobilier, \u00e9clairage et transfert des palmiers sains, c\u2019est fait.<\/p>\n<p>Cette interruption, a poursuivi l\u2019\u00e9dile, est \u00ab\u00a0essentielle pour pr\u00e9server la s\u00e9r\u00e9nit\u00e9 de l\u2019\u00e9t\u00e9, assurer la tranquillit\u00e9 des riverains et le confort des visiteurs, permettre la bonne sant\u00e9 de nos commerces, ainsi que le bon d\u00e9roulement des animations\u00a0\u00bb.<\/p>\n<p>                                \u00c0 quoi s\u2019attendre \u00e0 la rentr\u00e9e? <\/p>\n<p>Les entreprises reprendront le travail d\u00e8s septembre, pour deux gros morceaux: les travaux de surface de l\u2019avenue Gallieni, avec la r\u00e9alisation des trottoirs qui devrait s\u2019achever en novembre, et la reprise de la chauss\u00e9e, jusqu\u2019au printemps 2026. Sur l\u2019all\u00e9e Estienne d\u2019Orves, pavage, r\u00e9seaux et am\u00e9nagements paysagers s\u2019\u00e9taleront jusqu\u2019\u00e0 juin 2026, marquant la fin du chantier du port, c\u00f4t\u00e9 Ville. \u00c0 noter que d\u2019autres interventions seront coordonn\u00e9es avec les chantiers immobiliers environnants priv\u00e9s, et notamment la reconstruction de l\u2019\u00eelot d\u00e9truit \u00e0 la suite de l\u2019explosion d\u2019un immeuble en d\u00e9cembre 2021.<\/p>\n<p>En conclusion, Daniel Alsters a rappel\u00e9 que \u00ab\u00a0le projet global s\u2019\u00e9tend sur plus de 25.000 m\u00b2 d\u2019espace public, avec pour ambition de cr\u00e9er un lieu de promenade s\u00e9curis\u00e9, ombrag\u00e9, accessible et respectueux de l\u2019environnement. Mobilier qualitatif, plantations diversifi\u00e9es, \u00e9clairage ma\u00eetris\u00e9, pi\u00e9tonnisation progressive: tout a \u00e9t\u00e9 pens\u00e9 pour faire du port un rep\u00e8re de bien-\u00eatre et de convivialit\u00e9, fid\u00e8le \u00e0 l\u2019esprit proven\u00e7al si cher aux Sanaryens\u00a0\u00bb.<\/p>\n","protected":false},"excerpt":{"rendered":"Le maire de Sanary a pr\u00e9sid\u00e9 une r\u00e9union publique, ce samedi matin \u00e0 la salle Marie-Mauron, pour \u00e9voquer&hellip;\n","protected":false},"author":2,"featured_media":181837,"comment_status":"","ping_status":"","sticky":false,"template":"","format":"standard","meta":{"footnotes":""},"categories":[9619],"tags":[1111,11,1777,674,1011,27,12,882,25,2310,3366],"class_list":{"0":"post-181836","1":"post","2":"type-post","3":"status-publish","4":"format-standard","5":"has-post-thumbnail","7":"category-toulon","8":"tag-actu","9":"tag-actualites","10":"tag-eu","11":"tag-europe","12":"tag-fr","13":"tag-france","14":"tag-news","15":"tag-provence-alpes-cote-dazur","16":"tag-republique-francaise","17":"tag-toulon","18":"tag-vie-locale"},"share_on_mastodon":{"url":"https:\/\/pubeurope.com\/@fr\/114695252455182513","error":""},"_links":{"self":[{"href":"https:\/\/www.europesays.com\/fr\/wp-json\/wp\/v2\/posts\/181836","targetHints":{"allow":["GET"]}}],"collection":[{"href":"https:\/\/www.europesays.com\/fr\/wp-json\/wp\/v2\/posts"}],"about":[{"href":"https:\/\/www.europesays.com\/fr\/wp-json\/wp\/v2\/types\/post"}],"author":[{"embeddable":true,"href":"https:\/\/www.europesays.com\/fr\/wp-json\/wp\/v2\/users\/2"}],"replies":[{"embeddable":true,"href":"https:\/\/www.europesays.com\/fr\/wp-json\/wp\/v2\/comments?post=181836"}],"version-history":[{"count":0,"href":"https:\/\/www.europesays.com\/fr\/wp-json\/wp\/v2\/posts\/181836\/revisions"}],"wp:featuredmedia":[{"embeddable":true,"href":"https:\/\/www.europesays.com\/fr\/wp-json\/wp\/v2\/media\/181837"}],"wp:attachment":[{"href":"https:\/\/www.europesays.com\/fr\/wp-json\/wp\/v2\/media?parent=181836"}],"wp:term":[{"taxonomy":"category","embeddable":true,"href":"https:\/\/www.europesays.com\/fr\/wp-json\/wp\/v2\/categories?post=181836"},{"taxonomy":"post_tag","embeddable":true,"href":"https:\/\/www.europesays.com\/fr\/wp-json\/wp\/v2\/tags?post=181836"}],"curies":[{"name":"wp","href":"https:\/\/api.w.org\/{rel}","templated":true}]}}