{"id":181844,"date":"2025-06-16T21:56:11","date_gmt":"2025-06-16T21:56:11","guid":{"rendered":"https:\/\/www.europesays.com\/fr\/181844\/"},"modified":"2025-06-16T21:56:11","modified_gmt":"2025-06-16T21:56:11","slug":"metropole-de-grenoble-un-feu-de-declare-dans-lentreprise-orpheo-a-seyssinet-pariset","status":"publish","type":"post","link":"https:\/\/www.europesays.com\/fr\/181844\/","title":{"rendered":"M\u00e9tropole de Grenoble. Un feu de d\u00e9clare dans l&rsquo;entreprise Orph\u00e9o \u00e0 Seyssinet-Pariset"},"content":{"rendered":"<p>C&rsquo;est un passant qui a alert\u00e9 des sapeurs-pompiers peu apr\u00e8s 22 heures, ce lundi 16 juin, apr\u00e8s avoir vu des flammes s&rsquo;\u00e9chapper d&rsquo;une fen\u00eatre au premier \u00e9tage d&rsquo;un immeuble qui en compte deux et abrite les bureaux de la soci\u00e9t\u00e9 Orph\u00e9o, au 6 de la rue Paul Val\u00e9rien Perrin \u00e0 Seyssinet-Pariset.<\/p>\n<p>Ce contenu est bloqu\u00e9 car vous n&rsquo;avez pas accept\u00e9 les cookies et autres traceurs.<\/p>\n<p>En cliquant sur \u00ab J\u2019accepte \u00bb, les cookies et autres traceurs seront d\u00e9pos\u00e9s et vous pourrez visualiser les contenus  (<a href=\"\" class=\"consentModule_policy\" target=\"_blank\" title=\"Consulter la politique de protection des donn\u00e9es du fournisseur\">plus d&rsquo;informations<\/a>).<\/p>\n<p>En cliquant sur \u00ab J\u2019accepte tous les cookies \u00bb, vous autorisez des d\u00e9p\u00f4ts de cookies et autres traceurs pour le stockage de vos donn\u00e9es sur nos sites et applications \u00e0 des fins de personnalisation et de ciblage publicitaire.<\/p>\n<p class=\"consentModule_secondaryText\">Vous gardez la possibilit\u00e9 de retirer votre consentement \u00e0 tout moment en consultant notre <a href=\"https:\/\/www.ledauphine.com\/protection-des-donnees\" target=\"_blank\" title=\"Consulter notre politique de protection des donn\u00e9es\" rel=\"noopener\">politique de protection des donn\u00e9es<\/a>. <br \/>&#13;<br \/>\n            <a href=\"https:\/\/www.ledauphine.com\/faits-divers-justice\/2025\/06\/16\/javascript:Didomi.notice.show()\" class=\"consentModule_cmp\" target=\"_blank\" rel=\"noopener\">G\u00e9rer mes choix<\/a>&#13;\n        <\/p>\n<p>&#13;<br \/>\n                        J&rsquo;accepte&#13;<br \/>\n            J&rsquo;accepte tous les cookies&#13;\n        <\/p>\n<p>Une entreprise sp\u00e9cialis\u00e9e dans la fabrication d&rsquo;audios-guides et de syst\u00e8mes d&rsquo;aide \u00e0 la visite pour les mus\u00e9es, les sites culturels, les collectivit\u00e9s.<\/p>\n<p>Une vingtaine de sapeurs-pompiers a \u00e9t\u00e9 mobilis\u00e9e pour venir \u00e0 bout de l&rsquo;incendie, dont on ignore l&rsquo;origine, qui a g\u00e9n\u00e9r\u00e9 un important d\u00e9gagement de fum\u00e9e et qui pourrait conduire \u00e0 du ch\u00f4mage technique.<\/p>\n","protected":false},"excerpt":{"rendered":"C&rsquo;est un passant qui a alert\u00e9 des sapeurs-pompiers peu apr\u00e8s 22 heures, ce lundi 16 juin, apr\u00e8s avoir&hellip;\n","protected":false},"author":2,"featured_media":181845,"comment_status":"","ping_status":"","sticky":false,"template":"","format":"standard","meta":{"footnotes":""},"categories":[9566],"tags":[1111,11,2430,112,1777,674,274,1011,27,2731,1310,108,12,25,16735],"class_list":{"0":"post-181844","1":"post","2":"type-post","3":"status-publish","4":"format-standard","5":"has-post-thumbnail","7":"category-grenoble","8":"tag-actu","9":"tag-actualites","10":"tag-auvergne-rhone-alpes","11":"tag-edition-grenoble-agglomeration","12":"tag-eu","13":"tag-europe","14":"tag-faits-divers-justice","15":"tag-fr","16":"tag-france","17":"tag-grenoble","18":"tag-incendie","19":"tag-isere","20":"tag-news","21":"tag-republique-francaise","22":"tag-seyssinet-pariset"},"share_on_mastodon":{"url":"https:\/\/pubeurope.com\/@fr\/114695279944978638","error":""},"_links":{"self":[{"href":"https:\/\/www.europesays.com\/fr\/wp-json\/wp\/v2\/posts\/181844","targetHints":{"allow":["GET"]}}],"collection":[{"href":"https:\/\/www.europesays.com\/fr\/wp-json\/wp\/v2\/posts"}],"about":[{"href":"https:\/\/www.europesays.com\/fr\/wp-json\/wp\/v2\/types\/post"}],"author":[{"embeddable":true,"href":"https:\/\/www.europesays.com\/fr\/wp-json\/wp\/v2\/users\/2"}],"replies":[{"embeddable":true,"href":"https:\/\/www.europesays.com\/fr\/wp-json\/wp\/v2\/comments?post=181844"}],"version-history":[{"count":0,"href":"https:\/\/www.europesays.com\/fr\/wp-json\/wp\/v2\/posts\/181844\/revisions"}],"wp:featuredmedia":[{"embeddable":true,"href":"https:\/\/www.europesays.com\/fr\/wp-json\/wp\/v2\/media\/181845"}],"wp:attachment":[{"href":"https:\/\/www.europesays.com\/fr\/wp-json\/wp\/v2\/media?parent=181844"}],"wp:term":[{"taxonomy":"category","embeddable":true,"href":"https:\/\/www.europesays.com\/fr\/wp-json\/wp\/v2\/categories?post=181844"},{"taxonomy":"post_tag","embeddable":true,"href":"https:\/\/www.europesays.com\/fr\/wp-json\/wp\/v2\/tags?post=181844"}],"curies":[{"name":"wp","href":"https:\/\/api.w.org\/{rel}","templated":true}]}}