{"id":181848,"date":"2025-06-16T21:59:15","date_gmt":"2025-06-16T21:59:15","guid":{"rendered":"https:\/\/www.europesays.com\/fr\/181848\/"},"modified":"2025-06-16T21:59:15","modified_gmt":"2025-06-16T21:59:15","slug":"dispute-mortelle-en-bretagne-des-freres-jumeaux-fusionnels-avant-le-drame","status":"publish","type":"post","link":"https:\/\/www.europesays.com\/fr\/181848\/","title":{"rendered":"Dispute mortelle en Bretagne\u00a0: des fr\u00e8res jumeaux \u00ab\u00a0fusionnels\u00a0\u00bb avant le drame"},"content":{"rendered":"<p>Vers 7\u00a0h, mercredi 11\u00a0juin 2025, le corps sans vie de Christophe Pouessel (1), 36\u00a0ans, \u00e9tait d\u00e9couvert sans vie \u00e0 son domicile, \u00e0 <a href=\"https:\/\/rennes.maville.com\/bretagne\/ille-et-vilaine\/erce-en-lamee\/\" target=\"_self\" rel=\"noopener\">Erc\u00e9-en-Lam\u00e9e<\/a> au sud de <a href=\"https:\/\/rennes.maville.com\/info\/info-locale\/\" target=\"_self\" rel=\"noopener\">Rennes<\/a> (Ille-et-Vilaine). Les investigations \u00e9tablissent que son d\u00e9c\u00e8s est cons\u00e9cutif \u00e0 <a href=\"https:\/\/rennes.maville.com\/actu\/actudet_-un-homme-de-36-ans-decouvert-mort-en-ille-et-vilaine-son-frere-jumeau-suspecte-de-l-avoir-tue-_7-6854220_actu.Htm\" target=\"_self\" rel=\"noopener\">une sc\u00e8ne de violence<\/a> l\u2019ayant oppos\u00e9 \u00e0 St\u00e9phane, son fr\u00e8re jumeau, sur fond d\u2019alcool. Interpell\u00e9 le jour m\u00eame, \u00e0 la ferme, sur les lieux du drame, celui-ci est plac\u00e9 en d\u00e9tention provisoire, depuis vendredi 13\u00a0juin. Il est mis en examen pour meurtre aggrav\u00e9 (par personne en \u00e9tat d\u2019ivresse).<\/p>\n<p><strong>Lire aussi\u00a0: <\/strong> <a href=\"https:\/\/rennes.maville.com\/actu\/actudet_-un-agriculteur-suspecte-d-avoir-tue-son-frere-jumeau-en-bretagne-ca-nous-touche-tous-_7-6854561_actu.Htm\" target=\"_self\" rel=\"noopener\">Un agriculteur suspect\u00e9 d\u2019avoir tu\u00e9 son fr\u00e8re jumeau en Bretagne\u00a0: \u00ab\u00a0\u00e7a nous touche tous\u00a0\u00bb<\/a><\/p>\n<p>\u00ab\u00a0Fusionnels depuis tout-petits\u00a0\u00bb<\/p>\n<p>Les jumeaux ont un fr\u00e8re a\u00een\u00e9, qui les d\u00e9crit comme <strong>\u00ab\u00a0fusionnels depuis tout-petits. <\/strong> <strong>On les confondait tout le temps, ma m\u00e8re devait coudre leurs initiales sur leurs affaires\u00a0\u00bb<\/strong>. Tous les trois ont grandi \u00e0 la ferme familiale, une exploitation agricole isol\u00e9e, \u00e0 quelques kilom\u00e8tres du bourg d\u2019Erc\u00e9-en-Lam\u00e9e. <strong>\u00ab\u00a0Notre grand-p\u00e8re est arriv\u00e9 dans les ann\u00e9es 1925, puis ce fut le tour de notre p\u00e8re. \u00c7a s\u2019est transmis de g\u00e9n\u00e9ration en g\u00e9n\u00e9ration\u00a0\u00bb<\/strong>. Les jumeaux ont pris la suite de leur p\u00e8re, apr\u00e8s avoir appris le m\u00e9tier au lyc\u00e9e agricole de Derval, \u00e0 la fronti\u00e8re entre l\u2019Ille-et-Vilaine\u00a0et la Loire-Atlantique.<strong> \u00ab\u00a0Ils adoraient \u00e7a, m\u00eame depuis tout petit, quand ils voyaient une moissonneuse ils se levaient.\u00a0\u00bb <\/strong>Au d\u00e9part des parents, St\u00e9phane a investi le corps de ferme historique, tandis que la maison d\u2019enfance est devenue la maison de Christophe.<\/p>\n<p>Avec 85\u00a0vaches \u00e0 s\u2019occuper, la vie n\u2019a pas \u00e9t\u00e9 simple pour les deux fr\u00e8res. Une vie d\u00e9di\u00e9e au travail. Sans r\u00e9pit pendant pr\u00e8s de 15\u00a0heures par jour. <strong>\u00ab\u00a0Ils \u00e9taient press\u00e9s par le syst\u00e8me, ils ne prenaient pas de jour de repos. C\u2019\u00e9tait leur monde.\u00a0\u00bb<\/strong> Christophe s\u2019\u00e9tait m\u00eame investi aux c\u00f4t\u00e9s d\u2019un syndicat pour d\u00e9fendre les int\u00e9r\u00eats de sa profession. <strong>\u00ab\u00a0Paysan, on s\u2019arr\u00eate de travailler quand on ne peut vraiment plus. Mon grand-p\u00e8re a conduit le tracteur jusqu\u2019\u00e0 78\u00a0ans.\u00a0\u00bb<\/strong><\/p>\n<p>Dans la ferme, les frictions \u00e9taient r\u00e9currentes entre les deux fr\u00e8res. Les disputes, nombreuses. <strong>\u00ab\u00a0Ils \u00e9taient gentils comme tout, toujours l\u00e0 pour aider les autres, mais ensemble c\u2019\u00e9tait compliqu\u00e9\u00a0\u00bb<\/strong>, souffle leur a\u00een\u00e9, \u00e9voquant des bagarres r\u00e9guli\u00e8res\u2026 Jusqu\u2019au drame. Les obs\u00e8ques de Christophe Pouessel doivent se tenir prochainement dans la petite commune de 1\u00a0500\u00a0habitants.<\/p>\n<p>(1) Et non St\u00e9phane comme nous l\u2019avions pr\u00e9c\u00e9demment indiqu\u00e9 par erreur.<\/p>\n<p>\u00a0<\/p>\n","protected":false},"excerpt":{"rendered":"Vers 7\u00a0h, mercredi 11\u00a0juin 2025, le corps sans vie de Christophe Pouessel (1), 36\u00a0ans, \u00e9tait d\u00e9couvert sans vie&hellip;\n","protected":false},"author":2,"featured_media":181849,"comment_status":"","ping_status":"","sticky":false,"template":"","format":"standard","meta":{"footnotes":""},"categories":[2821],"tags":[1111,11,829,28924,3348,1777,674,1011,27,5407,31972,31971,9900,12,584,25],"class_list":{"0":"post-181848","1":"post","2":"type-post","3":"status-publish","4":"format-standard","5":"has-post-thumbnail","7":"category-rennes","8":"tag-actu","9":"tag-actualites","10":"tag-bretagne","11":"tag-dispute","12":"tag-drame","13":"tag-eu","14":"tag-europe","15":"tag-fr","16":"tag-france","17":"tag-freres","18":"tag-fusionnels","19":"tag-jumeaux","20":"tag-mortelle","21":"tag-news","22":"tag-rennes","23":"tag-republique-francaise"},"share_on_mastodon":{"url":"https:\/\/pubeurope.com\/@fr\/114695291816454213","error":""},"_links":{"self":[{"href":"https:\/\/www.europesays.com\/fr\/wp-json\/wp\/v2\/posts\/181848","targetHints":{"allow":["GET"]}}],"collection":[{"href":"https:\/\/www.europesays.com\/fr\/wp-json\/wp\/v2\/posts"}],"about":[{"href":"https:\/\/www.europesays.com\/fr\/wp-json\/wp\/v2\/types\/post"}],"author":[{"embeddable":true,"href":"https:\/\/www.europesays.com\/fr\/wp-json\/wp\/v2\/users\/2"}],"replies":[{"embeddable":true,"href":"https:\/\/www.europesays.com\/fr\/wp-json\/wp\/v2\/comments?post=181848"}],"version-history":[{"count":0,"href":"https:\/\/www.europesays.com\/fr\/wp-json\/wp\/v2\/posts\/181848\/revisions"}],"wp:featuredmedia":[{"embeddable":true,"href":"https:\/\/www.europesays.com\/fr\/wp-json\/wp\/v2\/media\/181849"}],"wp:attachment":[{"href":"https:\/\/www.europesays.com\/fr\/wp-json\/wp\/v2\/media?parent=181848"}],"wp:term":[{"taxonomy":"category","embeddable":true,"href":"https:\/\/www.europesays.com\/fr\/wp-json\/wp\/v2\/categories?post=181848"},{"taxonomy":"post_tag","embeddable":true,"href":"https:\/\/www.europesays.com\/fr\/wp-json\/wp\/v2\/tags?post=181848"}],"curies":[{"name":"wp","href":"https:\/\/api.w.org\/{rel}","templated":true}]}}