{"id":181852,"date":"2025-06-16T22:02:01","date_gmt":"2025-06-16T22:02:01","guid":{"rendered":"https:\/\/www.europesays.com\/fr\/181852\/"},"modified":"2025-06-16T22:02:01","modified_gmt":"2025-06-16T22:02:01","slug":"a-strasbourg-balade-dans-les-coulisses-du-musee-zoologique-2-0","status":"publish","type":"post","link":"https:\/\/www.europesays.com\/fr\/181852\/","title":{"rendered":"\u00e0 Strasbourg, balade dans les coulisses du Mus\u00e9e zoologique 2.0"},"content":{"rendered":"<p>    <img loading=\"lazy\" width=\"1800\" height=\"900\" src=\"https:\/\/www.europesays.com\/fr\/wp-content\/uploads\/2025\/04\/jeanne-callthepolice.jpg\" class=\"attachment-full size-full\" alt=\"\" id=\"imageLove\" decoding=\"async\"  \/><\/p>\n<p id=\"breadcrumbs\"><a href=\"https:\/\/pokaa.fr\/\" target=\"_blank\" rel=\"noopener\">Accueil<\/a> \/ <a href=\"https:\/\/pokaa.fr\/categories\/actu\/\" target=\"_blank\" rel=\"noopener\">Info locale<\/a> \/ <a href=\"https:\/\/pokaa.fr\/categories\/actu\/culture\/\" target=\"_blank\" rel=\"noopener\">Culture<\/a> \/ Plumes, poils, carapaces : \u00e0 Strasbourg, balade dans les coulisses du Mus\u00e9e zoologique 2.0<\/p>\n<p>                    Culture<\/p>\n<p><strong>Le 19 septembre 2025 : c\u2019est la date \u00e0 laquelle le Mus\u00e9e zoologique rouvrira ses portes \u00e0 Strasbourg, apr\u00e8s six ans de travaux. Et parce que chez Pokaa, la curiosit\u00e9 est de mise, on s\u2019est faufil\u00e9 dans les coulisses des nouveaux espaces. On y a rencontr\u00e9 diff\u00e9rents corps de m\u00e9tier \u00e0 l\u2019\u0153uvre pour mettre en place les collections, et on a fait plusieurs rencontres cocasses au passage. On vous montre.<\/strong><\/p>\n<p><strong>Plus de 1800 esp\u00e8ces, 2000 m2 :<\/strong> c\u2019est ce qui nous attend le <strong>19 septembre<\/strong> prochain, pour la <strong>r\u00e9ouverture du Mus\u00e9e zoologique<\/strong>, \u00e0 l\u2019occasion des Journ\u00e9es du patrimoine.<\/p>\n<p>Pour en savoir plus, on s\u2019est faufil\u00e9 dans deux salles bient\u00f4t pr\u00eates pour le jour J. On a pu d\u00e9couvrir la <strong>nouvelle sc\u00e9nographie<\/strong> qui accompagne la <strong>collection de Jean Hermann<\/strong>, acquise par le mus\u00e9e en 1804 et pr\u00e9cieusement conserv\u00e9e. On s\u2019est retrouv\u00e9 au milieu d\u2019un <strong>cabinet de curiosit\u00e9s<\/strong>, entre <strong>crustac\u00e9s, coraux, bocaux ou encore diverses esp\u00e8ces d\u2019oiseaux.<\/strong><\/p>\n<p>                <img width=\"750\" height=\"500\" src=\"https:\/\/www.europesays.com\/fr\/wp-content\/uploads\/2025\/06\/musee-zoologique-jardin-des-sciences-19-750x500.jpg\" class=\"attachment-gallery size-gallery\" alt=\"Mus\u00e9e zoologique jardin des sciences (19)\" data-full-url=\"https:\/\/pokaa.fr\/wp-content\/uploads\/2025\/06\/15\/musee-zoologique-jardin-des-sciences-19.jpg\" decoding=\"async\" loading=\"lazy\"  \/>            <\/p>\n<p>                <img width=\"750\" height=\"500\" src=\"https:\/\/www.europesays.com\/fr\/wp-content\/uploads\/2025\/06\/musee-zoologique-jardin-des-sciences-35-750x500.jpg\" class=\"attachment-gallery size-gallery\" alt=\"Mus\u00e9e zoologique jardin des sciences (35)\" data-full-url=\"https:\/\/pokaa.fr\/wp-content\/uploads\/2025\/06\/15\/musee-zoologique-jardin-des-sciences-35.jpg\" decoding=\"async\" loading=\"lazy\"  \/>            <\/p>\n<p>                <img width=\"750\" height=\"500\" src=\"https:\/\/www.europesays.com\/fr\/wp-content\/uploads\/2025\/06\/musee-zoologique-jardin-des-sciences-34-750x500.jpg\" class=\"attachment-gallery size-gallery\" alt=\"Mus\u00e9e zoologique jardin des sciences (34)\" data-full-url=\"https:\/\/pokaa.fr\/wp-content\/uploads\/2025\/06\/15\/musee-zoologique-jardin-des-sciences-34.jpg\" decoding=\"async\" loading=\"lazy\"  \/>            <\/p>\n<p>                <img width=\"750\" height=\"500\" src=\"https:\/\/www.europesays.com\/fr\/wp-content\/uploads\/2025\/06\/musee-zoologique-jardin-des-sciences-18-750x500.jpg\" class=\"attachment-gallery size-gallery\" alt=\"coquillages Mus\u00e9e zoologique jardin des sciences (18)\" data-full-url=\"https:\/\/pokaa.fr\/wp-content\/uploads\/2025\/06\/15\/musee-zoologique-jardin-des-sciences-18.jpg\" decoding=\"async\" loading=\"lazy\"  \/>            <\/p>\n<p>                <img width=\"750\" height=\"500\" src=\"https:\/\/www.europesays.com\/fr\/wp-content\/uploads\/2025\/06\/musee-zoologique-jardin-des-sciences-42-750x500.jpg\" class=\"attachment-gallery size-gallery\" alt=\"Mus\u00e9e zoologique jardin des sciences (42)\" data-full-url=\"https:\/\/pokaa.fr\/wp-content\/uploads\/2025\/06\/15\/musee-zoologique-jardin-des-sciences-42.jpg\" decoding=\"async\" loading=\"lazy\"  \/>            <\/p>\n<p>                    \u00a9 Marie Goehner-David \/ Pokaa<\/p>\n<p>    <img width=\"800\" height=\"533\" src=\"https:\/\/www.europesays.com\/fr\/wp-content\/uploads\/2025\/06\/musee-zoologique-jardin-des-sciences-39-800x533.jpg\" class=\"attachment-image-size-L size-image-size-L\" alt=\"Mus\u00e9e zoologique jardin des sciences (39)\" decoding=\"async\" loading=\"lazy\"  \/>         \u00a9 Marie Goehner-David \/ Pokaa <\/p>\n<p>                <img width=\"750\" height=\"500\" src=\"https:\/\/www.europesays.com\/fr\/wp-content\/uploads\/2025\/06\/musee-zoologique-jardin-des-sciences-41-750x500.jpg\" class=\"attachment-gallery size-gallery\" alt=\"Mus\u00e9e zoologique jardin des sciences (41)\" data-full-url=\"https:\/\/pokaa.fr\/wp-content\/uploads\/2025\/06\/15\/musee-zoologique-jardin-des-sciences-41.jpg\" decoding=\"async\" loading=\"lazy\"  \/>            <\/p>\n<p>                <img width=\"749\" height=\"500\" src=\"https:\/\/www.europesays.com\/fr\/wp-content\/uploads\/2025\/06\/musee-zoologique-jardin-des-sciences-40-749x500.jpg\" class=\"attachment-gallery size-gallery\" alt=\"Mus\u00e9e zoologique jardin des sciences (40)\" data-full-url=\"https:\/\/pokaa.fr\/wp-content\/uploads\/2025\/06\/15\/musee-zoologique-jardin-des-sciences-40.jpg\" decoding=\"async\" loading=\"lazy\"  \/>            <\/p>\n<p>                <img width=\"750\" height=\"500\" src=\"https:\/\/www.europesays.com\/fr\/wp-content\/uploads\/2025\/06\/musee-zoologique-jardin-des-sciences-38-750x500.jpg\" class=\"attachment-gallery size-gallery\" alt=\"Mus\u00e9e zoologique jardin des sciences (38)\" data-full-url=\"https:\/\/pokaa.fr\/wp-content\/uploads\/2025\/06\/15\/musee-zoologique-jardin-des-sciences-38.jpg\" decoding=\"async\" loading=\"lazy\"  \/>            <\/p>\n<p>                <img width=\"750\" height=\"500\" src=\"https:\/\/www.europesays.com\/fr\/wp-content\/uploads\/2025\/06\/musee-zoologique-jardin-des-sciences-37-750x500.jpg\" class=\"attachment-gallery size-gallery\" alt=\"Mus\u00e9e zoologique jardin des sciences (37)\" data-full-url=\"https:\/\/pokaa.fr\/wp-content\/uploads\/2025\/06\/15\/musee-zoologique-jardin-des-sciences-37.jpg\" decoding=\"async\" loading=\"lazy\"  \/>            <\/p>\n<p>                <img width=\"750\" height=\"500\" src=\"https:\/\/www.europesays.com\/fr\/wp-content\/uploads\/2025\/06\/musee-zoologique-jardin-des-sciences-44-750x500.jpg\" class=\"attachment-gallery size-gallery\" alt=\"Mus\u00e9e zoologique jardin des sciences (44)\" data-full-url=\"https:\/\/pokaa.fr\/wp-content\/uploads\/2025\/06\/15\/musee-zoologique-jardin-des-sciences-44.jpg\" decoding=\"async\" loading=\"lazy\"  \/>            <\/p>\n<p>                <img width=\"750\" height=\"500\" src=\"https:\/\/www.europesays.com\/fr\/wp-content\/uploads\/2025\/06\/musee-zoologique-jardin-des-sciences-43-750x500.jpg\" class=\"attachment-gallery size-gallery\" alt=\"Mus\u00e9e zoologique jardin des sciences (43)\" data-full-url=\"https:\/\/pokaa.fr\/wp-content\/uploads\/2025\/06\/15\/musee-zoologique-jardin-des-sciences-43.jpg\" decoding=\"async\" loading=\"lazy\"  \/>            <\/p>\n<p>                <img width=\"750\" height=\"500\" src=\"https:\/\/www.europesays.com\/fr\/wp-content\/uploads\/2025\/06\/musee-zoologique-jardin-des-sciences-54-750x500.jpg\" class=\"attachment-gallery size-gallery\" alt=\"Mus\u00e9e zoologique jardin des sciences (54)\" data-full-url=\"https:\/\/pokaa.fr\/wp-content\/uploads\/2025\/06\/15\/musee-zoologique-jardin-des-sciences-54.jpg\" decoding=\"async\" loading=\"lazy\"  \/>            <\/p>\n<p>                <img width=\"750\" height=\"500\" src=\"https:\/\/www.europesays.com\/fr\/wp-content\/uploads\/2025\/06\/musee-zoologique-jardin-des-sciences-52-750x500.jpg\" class=\"attachment-gallery size-gallery\" alt=\"Mus\u00e9e zoologique jardin des sciences (52)\" data-full-url=\"https:\/\/pokaa.fr\/wp-content\/uploads\/2025\/06\/15\/musee-zoologique-jardin-des-sciences-52.jpg\" decoding=\"async\" loading=\"lazy\"  \/>            <\/p>\n<p>                    \u00a9 Marie Goehner-David \/ Pokaa<\/p>\n<p>Des plumes, des poils ou des carapaces<\/p>\n<p>Il y a aussi des b\u00eates \u00e0 plumes qui remplissent les vitrines de la seconde salle dans laquelle on a eu l\u2019occasion de pointer le bout de notre nez. Au milieu des volatiles multicolores et autres cr\u00e9atures plus imposantes, on a pu observer le <strong>laborieux travail de sc\u00e9nographie, de l\u2019\u00e9clairage au soclage <\/strong>\u2013 le fait de mettre les esp\u00e8ces sur le support de pr\u00e9sentation.<\/p>\n<p><strong>Beaucoup de m\u00e9tiers de l\u2019ombre, qui sont pourtant indispensables !<\/strong><\/p>\n<p>    <img width=\"400\" height=\"600\" src=\"https:\/\/www.europesays.com\/fr\/wp-content\/uploads\/2025\/06\/musee-zoologique-jardin-des-sciences-9-400x600.jpg\" class=\"attachment-image-size-M size-image-size-M\" alt=\"Mus\u00e9e zoologique jardin des sciences (9)\" decoding=\"async\" loading=\"lazy\"  \/>         \u00a9 Marie Goehner-David \/ Pokaa <\/p>\n<p>                <img width=\"750\" height=\"500\" src=\"https:\/\/www.europesays.com\/fr\/wp-content\/uploads\/2025\/06\/musee-zoologique-jardin-des-sciences-15-750x500.jpg\" class=\"attachment-gallery size-gallery\" alt=\"Mus\u00e9e zoologique jardin des sciences (15)\" data-full-url=\"https:\/\/pokaa.fr\/wp-content\/uploads\/2025\/06\/15\/musee-zoologique-jardin-des-sciences-15.jpg\" decoding=\"async\" loading=\"lazy\"  \/>            <\/p>\n<p>                <img width=\"750\" height=\"500\" src=\"https:\/\/www.europesays.com\/fr\/wp-content\/uploads\/2025\/06\/musee-zoologique-jardin-des-sciences-14-750x500.jpg\" class=\"attachment-gallery size-gallery\" alt=\"Mus\u00e9e zoologique jardin des sciences (14)\" data-full-url=\"https:\/\/pokaa.fr\/wp-content\/uploads\/2025\/06\/15\/musee-zoologique-jardin-des-sciences-14.jpg\" decoding=\"async\" loading=\"lazy\"  \/>            <\/p>\n<p>                <img width=\"750\" height=\"500\" src=\"https:\/\/www.europesays.com\/fr\/wp-content\/uploads\/2025\/06\/musee-zoologique-jardin-des-sciences-13-750x500.jpg\" class=\"attachment-gallery size-gallery\" alt=\"Mus\u00e9e zoologique jardin des sciences (13)\" data-full-url=\"https:\/\/pokaa.fr\/wp-content\/uploads\/2025\/06\/15\/musee-zoologique-jardin-des-sciences-13.jpg\" decoding=\"async\" loading=\"lazy\"  \/>            <\/p>\n<p>                <img width=\"750\" height=\"500\" src=\"https:\/\/www.europesays.com\/fr\/wp-content\/uploads\/2025\/06\/musee-zoologique-jardin-des-sciences-61-750x500.jpg\" class=\"attachment-gallery size-gallery\" alt=\"Mus\u00e9e zoologique jardin des sciences (61)\" data-full-url=\"https:\/\/pokaa.fr\/wp-content\/uploads\/2025\/06\/15\/musee-zoologique-jardin-des-sciences-61.jpg\" decoding=\"async\" loading=\"lazy\"  \/>            <\/p>\n<p>                <img width=\"750\" height=\"500\" src=\"https:\/\/www.europesays.com\/fr\/wp-content\/uploads\/2025\/06\/musee-zoologique-jardin-des-sciences-7-750x500.jpg\" class=\"attachment-gallery size-gallery\" alt=\"Mus\u00e9e zoologique jardin des sciences (7)\" data-full-url=\"https:\/\/pokaa.fr\/wp-content\/uploads\/2025\/06\/15\/musee-zoologique-jardin-des-sciences-7.jpg\" decoding=\"async\" loading=\"lazy\"  \/>            <\/p>\n<p>                <img width=\"750\" height=\"500\" src=\"https:\/\/www.europesays.com\/fr\/wp-content\/uploads\/2025\/06\/musee-zoologique-jardin-des-sciences-58-750x500.jpg\" class=\"attachment-gallery size-gallery\" alt=\"Mus\u00e9e zoologique jardin des sciences (58)\" data-full-url=\"https:\/\/pokaa.fr\/wp-content\/uploads\/2025\/06\/15\/musee-zoologique-jardin-des-sciences-58.jpg\" decoding=\"async\" loading=\"lazy\"  \/>            <\/p>\n<p>                <img width=\"750\" height=\"500\" src=\"https:\/\/www.europesays.com\/fr\/wp-content\/uploads\/2025\/06\/musee-zoologique-jardin-des-sciences-21-750x500.jpg\" class=\"attachment-gallery size-gallery\" alt=\"Mus\u00e9e zoologique jardin des sciences (21)\" data-full-url=\"https:\/\/pokaa.fr\/wp-content\/uploads\/2025\/06\/15\/musee-zoologique-jardin-des-sciences-21.jpg\" decoding=\"async\" loading=\"lazy\"  \/>            <\/p>\n<p>                <img width=\"750\" height=\"500\" src=\"https:\/\/www.europesays.com\/fr\/wp-content\/uploads\/2025\/06\/musee-zoologique-jardin-des-sciences-22-750x500.jpg\" class=\"attachment-gallery size-gallery\" alt=\"Mus\u00e9e zoologique jardin des sciences (22)\" data-full-url=\"https:\/\/pokaa.fr\/wp-content\/uploads\/2025\/06\/15\/musee-zoologique-jardin-des-sciences-22.jpg\" decoding=\"async\" loading=\"lazy\"  \/>            <\/p>\n<p>                    \u00a9 Marie Goehner-David \/ Pokaa<\/p>\n<p>    <img width=\"1200\" height=\"800\" src=\"https:\/\/www.europesays.com\/fr\/wp-content\/uploads\/2025\/06\/musee-zoologique-jardin-des-sciences-29-1200x800.jpg\" class=\"attachment-image-size-XL size-image-size-XL\" alt=\"Mus\u00e9e zoologique jardin des sciences (29)\" decoding=\"async\" loading=\"lazy\"  \/>         \u00a9 Marie Goehner-David \/ Pokaa <\/p>\n<p>                <img width=\"750\" height=\"500\" src=\"https:\/\/www.europesays.com\/fr\/wp-content\/uploads\/2025\/06\/musee-zoologique-jardin-des-sciences-2-750x500.jpg\" class=\"attachment-gallery size-gallery\" alt=\"Mus\u00e9e zoologique jardin des sciences (2)\" data-full-url=\"https:\/\/pokaa.fr\/wp-content\/uploads\/2025\/06\/15\/musee-zoologique-jardin-des-sciences-2.jpg\" decoding=\"async\" loading=\"lazy\"  \/>            <\/p>\n<p>                <img width=\"750\" height=\"500\" src=\"https:\/\/www.europesays.com\/fr\/wp-content\/uploads\/2025\/06\/musee-zoologique-jardin-des-sciences-3-750x500.jpg\" class=\"attachment-gallery size-gallery\" alt=\"Mus\u00e9e zoologique jardin des sciences (3)\" data-full-url=\"https:\/\/pokaa.fr\/wp-content\/uploads\/2025\/06\/15\/musee-zoologique-jardin-des-sciences-3.jpg\" decoding=\"async\" loading=\"lazy\"  \/>            <\/p>\n<p>                <img width=\"750\" height=\"500\" src=\"https:\/\/www.europesays.com\/fr\/wp-content\/uploads\/2025\/06\/musee-zoologique-jardin-des-sciences-5-750x500.jpg\" class=\"attachment-gallery size-gallery\" alt=\"Mus\u00e9e zoologique jardin des sciences (5)\" data-full-url=\"https:\/\/pokaa.fr\/wp-content\/uploads\/2025\/06\/15\/musee-zoologique-jardin-des-sciences-5.jpg\" decoding=\"async\" loading=\"lazy\"  \/>            <\/p>\n<p>                <img width=\"750\" height=\"500\" src=\"https:\/\/www.europesays.com\/fr\/wp-content\/uploads\/2025\/06\/musee-zoologique-jardin-des-sciences-8-750x500.jpg\" class=\"attachment-gallery size-gallery\" alt=\"Mus\u00e9e zoologique jardin des sciences (8)\" data-full-url=\"https:\/\/pokaa.fr\/wp-content\/uploads\/2025\/06\/15\/musee-zoologique-jardin-des-sciences-8.jpg\" decoding=\"async\" loading=\"lazy\"  \/>            <\/p>\n<p>                    \u00a9 Marie Goehner-David \/ Pokaa<\/p>\n<p>Au passage, on a crois\u00e9 plein de <strong>bestioles aux airs cocasses<\/strong> ou intrigants. \u00c0 poils, \u00e0 plumes ou \u00e0 carapaces, elles ont su faire palpiter nos mirettes, et \u00e7a donne envie d\u2019en voir plus, beaucoup plus.<\/p>\n<p>                <img width=\"750\" height=\"500\" src=\"https:\/\/www.europesays.com\/fr\/wp-content\/uploads\/2025\/06\/musee-zoologique-jardin-des-sciences-55-750x500.jpg\" class=\"attachment-gallery size-gallery\" alt=\"Mus\u00e9e zoologique jardin des sciences (55)\" data-full-url=\"https:\/\/pokaa.fr\/wp-content\/uploads\/2025\/06\/15\/musee-zoologique-jardin-des-sciences-55.jpg\" decoding=\"async\" loading=\"lazy\"  \/>            <\/p>\n<p>                <img width=\"750\" height=\"500\" src=\"https:\/\/www.europesays.com\/fr\/wp-content\/uploads\/2025\/06\/musee-zoologique-jardin-des-sciences-26-750x500.jpg\" class=\"attachment-gallery size-gallery\" alt=\"Mus\u00e9e zoologique jardin des sciences (26)\" data-full-url=\"https:\/\/pokaa.fr\/wp-content\/uploads\/2025\/06\/15\/musee-zoologique-jardin-des-sciences-26.jpg\" decoding=\"async\" loading=\"lazy\"  \/>            <\/p>\n<p>                <img width=\"750\" height=\"500\" src=\"https:\/\/www.europesays.com\/fr\/wp-content\/uploads\/2025\/06\/musee-zoologique-jardin-des-sciences-25-750x500.jpg\" class=\"attachment-gallery size-gallery\" alt=\"Mus\u00e9e zoologique jardin des sciences (25)\" data-full-url=\"https:\/\/pokaa.fr\/wp-content\/uploads\/2025\/06\/15\/musee-zoologique-jardin-des-sciences-25.jpg\" decoding=\"async\" loading=\"lazy\"  \/>            <\/p>\n<p>                <img width=\"750\" height=\"500\" src=\"https:\/\/www.europesays.com\/fr\/wp-content\/uploads\/2025\/06\/musee-zoologique-jardin-des-sciences-24-750x500.jpg\" class=\"attachment-gallery size-gallery\" alt=\"Mus\u00e9e zoologique jardin des sciences (24)\" data-full-url=\"https:\/\/pokaa.fr\/wp-content\/uploads\/2025\/06\/15\/musee-zoologique-jardin-des-sciences-24.jpg\" decoding=\"async\" loading=\"lazy\"  \/>            <\/p>\n<p>                <img width=\"750\" height=\"500\" src=\"https:\/\/www.europesays.com\/fr\/wp-content\/uploads\/2025\/06\/musee-zoologique-jardin-des-sciences-23-750x500.jpg\" class=\"attachment-gallery size-gallery\" alt=\"Mus\u00e9e zoologique jardin des sciences (23)\" data-full-url=\"https:\/\/pokaa.fr\/wp-content\/uploads\/2025\/06\/15\/musee-zoologique-jardin-des-sciences-23.jpg\" decoding=\"async\" loading=\"lazy\"  \/>            <\/p>\n<p>                <img width=\"750\" height=\"500\" src=\"https:\/\/www.europesays.com\/fr\/wp-content\/uploads\/2025\/06\/musee-zoologique-jardin-des-sciences-20-750x500.jpg\" class=\"attachment-gallery size-gallery\" alt=\"Mus\u00e9e zoologique jardin des sciences (20)\" data-full-url=\"https:\/\/pokaa.fr\/wp-content\/uploads\/2025\/06\/15\/musee-zoologique-jardin-des-sciences-20.jpg\" decoding=\"async\" loading=\"lazy\"  \/>            <\/p>\n<p>                    \u00a9 Marie Goehner-David \/ Pokaa<\/p>\n<p>    <img width=\"1200\" height=\"800\" src=\"https:\/\/www.europesays.com\/fr\/wp-content\/uploads\/2025\/06\/musee-zoologique-jardin-des-sciences-28-1200x800.jpg\" class=\"attachment-image-size-XL size-image-size-XL\" alt=\"Mus\u00e9e zoologique jardin des sciences (28)\" decoding=\"async\" loading=\"lazy\"  \/>         \u00a9 Marie Goehner-David \/ Pokaa <\/p>\n<p>Le but des travaux est de <strong>red\u00e9finir l\u2019espace du Mus\u00e9e zoologique comme un lieu mixte, entre pr\u00e9servation des collections et lieu de m\u00e9diation scientifique<\/strong> autour d\u2019enjeux soci\u00e9taux actuels, comme le r\u00e9chauffement climatique ou la biodiversit\u00e9.<\/p>\n<p>On garde encore un peu de suspens jusqu\u2019en septembre pour vous en dire plus\u00a0: <strong>on se retrouve \u00e0 la r\u00e9ouverture des portes pour un tour complet de ce lieu hors du temps\u00a0! <\/strong><\/p>\n<p>                <img width=\"750\" height=\"500\" src=\"https:\/\/www.europesays.com\/fr\/wp-content\/uploads\/2025\/06\/musee-zoologique-jardin-des-sciences-16-750x500.jpg\" class=\"attachment-gallery size-gallery\" alt=\"coquillages Mus\u00e9e zoologique jardin des sciences (16)\" data-full-url=\"https:\/\/pokaa.fr\/wp-content\/uploads\/2025\/06\/15\/musee-zoologique-jardin-des-sciences-16.jpg\" decoding=\"async\" loading=\"lazy\"  \/>            <\/p>\n<p>                <img width=\"750\" height=\"500\" src=\"https:\/\/www.europesays.com\/fr\/wp-content\/uploads\/2025\/06\/musee-zoologique-jardin-des-sciences-4-750x500.jpg\" class=\"attachment-gallery size-gallery\" alt=\"Mus\u00e9e zoologique jardin des sciences (4)\" data-full-url=\"https:\/\/pokaa.fr\/wp-content\/uploads\/2025\/06\/15\/musee-zoologique-jardin-des-sciences-4.jpg\" decoding=\"async\" loading=\"lazy\"  \/>            <\/p>\n<p>                <img width=\"750\" height=\"500\" src=\"https:\/\/www.europesays.com\/fr\/wp-content\/uploads\/2025\/06\/musee-zoologique-jardin-des-sciences-53-750x500.jpg\" class=\"attachment-gallery size-gallery\" alt=\"Mus\u00e9e zoologique jardin des sciences (53)\" data-full-url=\"https:\/\/pokaa.fr\/wp-content\/uploads\/2025\/06\/15\/musee-zoologique-jardin-des-sciences-53.jpg\" decoding=\"async\" loading=\"lazy\"  \/>            <\/p>\n<p>                <img width=\"750\" height=\"500\" src=\"https:\/\/www.europesays.com\/fr\/wp-content\/uploads\/2025\/06\/musee-zoologique-jardin-des-sciences-50-750x500.jpg\" class=\"attachment-gallery size-gallery\" alt=\"Mus\u00e9e zoologique jardin des sciences (50)\" data-full-url=\"https:\/\/pokaa.fr\/wp-content\/uploads\/2025\/06\/15\/musee-zoologique-jardin-des-sciences-50.jpg\" decoding=\"async\" loading=\"lazy\"  \/>            <\/p>\n<p>                <img width=\"750\" height=\"500\" src=\"https:\/\/www.europesays.com\/fr\/wp-content\/uploads\/2025\/06\/musee-zoologique-jardin-des-sciences-49-750x500.jpg\" class=\"attachment-gallery size-gallery\" alt=\"Mus\u00e9e zoologique jardin des sciences (49)\" data-full-url=\"https:\/\/pokaa.fr\/wp-content\/uploads\/2025\/06\/15\/musee-zoologique-jardin-des-sciences-49.jpg\" decoding=\"async\" loading=\"lazy\"  \/>            <\/p>\n<p>                <img width=\"750\" height=\"500\" src=\"https:\/\/www.europesays.com\/fr\/wp-content\/uploads\/2025\/06\/musee-zoologique-jardin-des-sciences-48-750x500.jpg\" class=\"attachment-gallery size-gallery\" alt=\"Mus\u00e9e zoologique jardin des sciences (48)\" data-full-url=\"https:\/\/pokaa.fr\/wp-content\/uploads\/2025\/06\/15\/musee-zoologique-jardin-des-sciences-48.jpg\" decoding=\"async\" loading=\"lazy\"  \/>            <\/p>\n<p>                <img width=\"750\" height=\"500\" src=\"https:\/\/www.europesays.com\/fr\/wp-content\/uploads\/2025\/06\/musee-zoologique-jardin-des-sciences-47-750x500.jpg\" class=\"attachment-gallery size-gallery\" alt=\"Mus\u00e9e zoologique jardin des sciences (47)\" data-full-url=\"https:\/\/pokaa.fr\/wp-content\/uploads\/2025\/06\/15\/musee-zoologique-jardin-des-sciences-47.jpg\" decoding=\"async\" loading=\"lazy\"  \/>            <\/p>\n<p>                <img width=\"750\" height=\"500\" src=\"https:\/\/www.europesays.com\/fr\/wp-content\/uploads\/2025\/06\/musee-zoologique-jardin-des-sciences-45-750x500.jpg\" class=\"attachment-gallery size-gallery\" alt=\"Mus\u00e9e zoologique jardin des sciences (45)\" data-full-url=\"https:\/\/pokaa.fr\/wp-content\/uploads\/2025\/06\/15\/musee-zoologique-jardin-des-sciences-45.jpg\" decoding=\"async\" loading=\"lazy\"  \/>            <\/p>\n<p>                    \u00a9 Marie Goehner-David \/ Pokaa<\/p>\n<p>            Mus\u00e9e zoologique<\/p>\n<p>            Quoi ?<br \/>\n            Mus\u00e9e        <\/p>\n<p>            o\u00f9 ?<br \/>\n            29 boulevard de la Victoire, \u00e0 Strasbourg        <\/p>\n<p>                Plus d&rsquo;infos ?<\/p>\n<p>Le mus\u00e9e est encore en travaux, mais sa r\u00e9ouverture est pr\u00e9vue pour le 19 septembre 2025.<\/p>\n","protected":false},"excerpt":{"rendered":"Accueil \/ Info locale \/ Culture \/ Plumes, poils, carapaces : \u00e0 Strasbourg, balade dans les coulisses du&hellip;\n","protected":false},"author":2,"featured_media":181853,"comment_status":"","ping_status":"","sticky":false,"template":"","format":"standard","meta":{"footnotes":""},"categories":[2820],"tags":[1111,11,1777,674,1011,27,775,31973,31974,31975,12,25,640],"class_list":{"0":"post-181852","1":"post","2":"type-post","3":"status-publish","4":"format-standard","5":"has-post-thumbnail","7":"category-strasbourg","8":"tag-actu","9":"tag-actualites","10":"tag-eu","11":"tag-europe","12":"tag-fr","13":"tag-france","14":"tag-grand-est","15":"tag-jardin-des-sciences","16":"tag-musee-zoologique","17":"tag-musees-de-strasbourg","18":"tag-news","19":"tag-republique-francaise","20":"tag-strasbourg"},"share_on_mastodon":{"url":"","error":""},"_links":{"self":[{"href":"https:\/\/www.europesays.com\/fr\/wp-json\/wp\/v2\/posts\/181852","targetHints":{"allow":["GET"]}}],"collection":[{"href":"https:\/\/www.europesays.com\/fr\/wp-json\/wp\/v2\/posts"}],"about":[{"href":"https:\/\/www.europesays.com\/fr\/wp-json\/wp\/v2\/types\/post"}],"author":[{"embeddable":true,"href":"https:\/\/www.europesays.com\/fr\/wp-json\/wp\/v2\/users\/2"}],"replies":[{"embeddable":true,"href":"https:\/\/www.europesays.com\/fr\/wp-json\/wp\/v2\/comments?post=181852"}],"version-history":[{"count":0,"href":"https:\/\/www.europesays.com\/fr\/wp-json\/wp\/v2\/posts\/181852\/revisions"}],"wp:featuredmedia":[{"embeddable":true,"href":"https:\/\/www.europesays.com\/fr\/wp-json\/wp\/v2\/media\/181853"}],"wp:attachment":[{"href":"https:\/\/www.europesays.com\/fr\/wp-json\/wp\/v2\/media?parent=181852"}],"wp:term":[{"taxonomy":"category","embeddable":true,"href":"https:\/\/www.europesays.com\/fr\/wp-json\/wp\/v2\/categories?post=181852"},{"taxonomy":"post_tag","embeddable":true,"href":"https:\/\/www.europesays.com\/fr\/wp-json\/wp\/v2\/tags?post=181852"}],"curies":[{"name":"wp","href":"https:\/\/api.w.org\/{rel}","templated":true}]}}