{"id":181869,"date":"2025-06-16T22:11:12","date_gmt":"2025-06-16T22:11:12","guid":{"rendered":"https:\/\/www.europesays.com\/fr\/181869\/"},"modified":"2025-06-16T22:11:12","modified_gmt":"2025-06-16T22:11:12","slug":"une-jeune-femme-se-tue-en-tombant-dune-station-du-telepherique-2","status":"publish","type":"post","link":"https:\/\/www.europesays.com\/fr\/181869\/","title":{"rendered":"Une jeune femme se tue en tombant d\u2019une station du t\u00e9l\u00e9ph\u00e9rique"},"content":{"rendered":"<p>Une trag\u00e9die s\u2019est produite ce lundi \u00e0 <a href=\"https:\/\/www.20minutes.fr\/toulouse\/\" target=\"_blank\" class=\"color-ultramarine c-link\" rel=\"noopener\">Toulouse<\/a>, \u00e0 la station Rangueil du t\u00e9l\u00e9ph\u00e9rique urbain T\u00e9l\u00e9o. Une jeune femme de 18 ans est morte apr\u00e8s avoir fait une chute d\u2019environ 20 m\u00e8tres depuis la plateforme.<\/p>\n<p>Les secours ont \u00e9t\u00e9 alert\u00e9s peu avant 16 heures. Malgr\u00e9 l\u2019intervention rapide des pompiers et du <a href=\"https:\/\/www.20minutes.fr\/dossier\/samu\" target=\"_blank\" class=\"color-ultramarine c-link\" rel=\"noopener\">Samu<\/a>, la victime a \u00e9t\u00e9 d\u00e9clar\u00e9e d\u00e9c\u00e9d\u00e9e sur place. Selon les premiers \u00e9l\u00e9ments rapport\u00e9s par <a href=\"https:\/\/www.francebleu.fr\/infos\/faits-divers-justice\/une-jeune-femme-de-18-ans-se-tue-en-tombant-du-telepherique-teleo-a-toulouse-4942920\" rel=\"nofollow noopener\" target=\"_blank\" class=\"color-ultramarine c-link\">France Bleu<\/a> et <a href=\"https:\/\/www.ladepeche.fr\/2025\/06\/16\/une-jeune-femme-chute-depuis-une-des-stations-du-telepherique-12765937.php\" rel=\"nofollow noopener\" target=\"_blank\" class=\"color-ultramarine c-link\">La D\u00e9p\u00eache du Midi<\/a>, la th\u00e8se du <a href=\"https:\/\/www.20minutes.fr\/dossier\/suicide\" target=\"_blank\" class=\"color-ultramarine c-link\" rel=\"noopener\">suicide<\/a> est actuellement privil\u00e9gi\u00e9e. La jeune femme aurait \u00e9t\u00e9 vue en train d\u2019enjamber les barri\u00e8res de s\u00e9curit\u00e9 avant de basculer dans le vide.<\/p>\n<\/p>\n<p>Une enqu\u00eate est ouverte<\/p>\n<p>Le t\u00e9l\u00e9ph\u00e9rique, qui relie l\u2019Oncopole \u00e0 l\u2019universit\u00e9 Paul-Sabatier en passant par l\u2019h\u00f4pital de Rangueil, a continu\u00e9 de fonctionner pendant toute la dur\u00e9e de l\u2019intervention des secours et des forces de l\u2019ordre.<\/p>\n<p><a href=\"https:\/\/www.20minutes.fr\/toulouse\/\" target=\"_blank\" class=\"c-link c-btn c-btn--primary\" rel=\"noopener\">Toute l&rsquo;actualit\u00e9 de Toulouse<\/a><\/p>\n<p>Une enqu\u00eate a \u00e9t\u00e9 ouverte pour \u00e9claircir les circonstances de ce terrible drame. Le t\u00e9l\u00e9ph\u00e9rique T\u00e9l\u00e9o, mis en service en mai\u00a02022, avait c\u00e9l\u00e9br\u00e9 son troisi\u00e8me anniversaire \u00e0 peine un mois auparavant. Cette trag\u00e9die relance aussi les questions sur la s\u00e9curit\u00e9 des infrastructures publiques, notamment autour de l\u2019accessibilit\u00e9 des zones \u00e0 risque dans les stations de transport urbain.<\/p>\n","protected":false},"excerpt":{"rendered":"Une trag\u00e9die s\u2019est produite ce lundi \u00e0 Toulouse, \u00e0 la station Rangueil du t\u00e9l\u00e9ph\u00e9rique urbain T\u00e9l\u00e9o. Une jeune&hellip;\n","protected":false},"author":2,"featured_media":181870,"comment_status":"","ping_status":"","sticky":false,"template":"","format":"standard","meta":{"footnotes":""},"categories":[2816],"tags":[119,1111,47,11,1777,674,118,1294,1011,27,2722,2721,12,2680,25,14322,5748,20940,2312],"class_list":{"0":"post-181869","1":"post","2":"type-post","3":"status-publish","4":"format-standard","5":"has-post-thumbnail","7":"category-toulouse","8":"tag-accident","9":"tag-actu","10":"tag-actualite","11":"tag-actualites","12":"tag-eu","13":"tag-europe","14":"tag-faits-divers","15":"tag-femme","16":"tag-fr","17":"tag-france","18":"tag-haute-garonne","19":"tag-midi-pyrenees","20":"tag-news","21":"tag-occitanie","22":"tag-republique-francaise","23":"tag-samu","24":"tag-suicide","25":"tag-telepherique","26":"tag-toulouse"},"share_on_mastodon":{"url":"https:\/\/pubeurope.com\/@fr\/114695338942923585","error":""},"_links":{"self":[{"href":"https:\/\/www.europesays.com\/fr\/wp-json\/wp\/v2\/posts\/181869","targetHints":{"allow":["GET"]}}],"collection":[{"href":"https:\/\/www.europesays.com\/fr\/wp-json\/wp\/v2\/posts"}],"about":[{"href":"https:\/\/www.europesays.com\/fr\/wp-json\/wp\/v2\/types\/post"}],"author":[{"embeddable":true,"href":"https:\/\/www.europesays.com\/fr\/wp-json\/wp\/v2\/users\/2"}],"replies":[{"embeddable":true,"href":"https:\/\/www.europesays.com\/fr\/wp-json\/wp\/v2\/comments?post=181869"}],"version-history":[{"count":0,"href":"https:\/\/www.europesays.com\/fr\/wp-json\/wp\/v2\/posts\/181869\/revisions"}],"wp:featuredmedia":[{"embeddable":true,"href":"https:\/\/www.europesays.com\/fr\/wp-json\/wp\/v2\/media\/181870"}],"wp:attachment":[{"href":"https:\/\/www.europesays.com\/fr\/wp-json\/wp\/v2\/media?parent=181869"}],"wp:term":[{"taxonomy":"category","embeddable":true,"href":"https:\/\/www.europesays.com\/fr\/wp-json\/wp\/v2\/categories?post=181869"},{"taxonomy":"post_tag","embeddable":true,"href":"https:\/\/www.europesays.com\/fr\/wp-json\/wp\/v2\/tags?post=181869"}],"curies":[{"name":"wp","href":"https:\/\/api.w.org\/{rel}","templated":true}]}}