{"id":181878,"date":"2025-06-16T22:17:13","date_gmt":"2025-06-16T22:17:13","guid":{"rendered":"https:\/\/www.europesays.com\/fr\/181878\/"},"modified":"2025-06-16T22:17:13","modified_gmt":"2025-06-16T22:17:13","slug":"mercato-anderlecht-en-discussion-avec-un-defenseur-de-lyon","status":"publish","type":"post","link":"https:\/\/www.europesays.com\/fr\/181878\/","title":{"rendered":"Mercato\u00a0: Anderlecht en discussion avec un d\u00e9fenseur de Lyon"},"content":{"rendered":"<p class=\"ap-StoryElement ap-StoryElement--mb ap-StoryText\">Anderlecht travaille \u00e0 son rajeunissement des cadres. Apr\u00e8s Zoumana Keita, le RSCA pourrait enregistrer l&rsquo;arriv\u00e9e d&rsquo;un renfort suppl\u00e9mentaire en la personne de J\u00e9r\u00e9my Mounsesse. Le Fran\u00e7ais de 19 ans \u00e9volue \u00e0 Lyon o\u00f9 il a \u00e9t\u00e9 form\u00e9.<\/p>\n<p class=\"ap-StoryElement ap-StoryElement--mb ap-StoryText\">Le d\u00e9fenseur central n&rsquo;a pas encore d&rsquo;accord avec Anderlecht mais des discussions ont bien eu lieu entre la direction bruxelloise et le jeune international avec le Congo-Brazzaville U20.<\/p>\n<p>Pour acc\u00e9der \u00e0 cet article, veuillez vous connecter au r\u00e9seau internet.<\/p>\n","protected":false},"excerpt":{"rendered":"Anderlecht travaille \u00e0 son rajeunissement des cadres. Apr\u00e8s Zoumana Keita, le RSCA pourrait enregistrer l&rsquo;arriv\u00e9e d&rsquo;un renfort suppl\u00e9mentaire&hellip;\n","protected":false},"author":2,"featured_media":181879,"comment_status":"","ping_status":"","sticky":false,"template":"","format":"standard","meta":{"footnotes":""},"categories":[1889],"tags":[1111,11,24402,2430,1777,674,1011,27,2428,12,25,31979],"class_list":{"0":"post-181878","1":"post","2":"type-post","3":"status-publish","4":"format-standard","5":"has-post-thumbnail","7":"category-lyon","8":"tag-actu","9":"tag-actualites","10":"tag-anderlecht","11":"tag-auvergne-rhone-alpes","12":"tag-eu","13":"tag-europe","14":"tag-fr","15":"tag-france","16":"tag-lyon","17":"tag-news","18":"tag-republique-francaise","19":"tag-royal-sporting-club-anderlecht"},"share_on_mastodon":{"url":"","error":""},"_links":{"self":[{"href":"https:\/\/www.europesays.com\/fr\/wp-json\/wp\/v2\/posts\/181878","targetHints":{"allow":["GET"]}}],"collection":[{"href":"https:\/\/www.europesays.com\/fr\/wp-json\/wp\/v2\/posts"}],"about":[{"href":"https:\/\/www.europesays.com\/fr\/wp-json\/wp\/v2\/types\/post"}],"author":[{"embeddable":true,"href":"https:\/\/www.europesays.com\/fr\/wp-json\/wp\/v2\/users\/2"}],"replies":[{"embeddable":true,"href":"https:\/\/www.europesays.com\/fr\/wp-json\/wp\/v2\/comments?post=181878"}],"version-history":[{"count":0,"href":"https:\/\/www.europesays.com\/fr\/wp-json\/wp\/v2\/posts\/181878\/revisions"}],"wp:featuredmedia":[{"embeddable":true,"href":"https:\/\/www.europesays.com\/fr\/wp-json\/wp\/v2\/media\/181879"}],"wp:attachment":[{"href":"https:\/\/www.europesays.com\/fr\/wp-json\/wp\/v2\/media?parent=181878"}],"wp:term":[{"taxonomy":"category","embeddable":true,"href":"https:\/\/www.europesays.com\/fr\/wp-json\/wp\/v2\/categories?post=181878"},{"taxonomy":"post_tag","embeddable":true,"href":"https:\/\/www.europesays.com\/fr\/wp-json\/wp\/v2\/tags?post=181878"}],"curies":[{"name":"wp","href":"https:\/\/api.w.org\/{rel}","templated":true}]}}