{"id":181884,"date":"2025-06-16T22:22:09","date_gmt":"2025-06-16T22:22:09","guid":{"rendered":"https:\/\/www.europesays.com\/fr\/181884\/"},"modified":"2025-06-16T22:22:09","modified_gmt":"2025-06-16T22:22:09","slug":"accident-sur-le-tramway-t6-le-trafic-en-partie-interrompu-dans-les-hauts-de-seine","status":"publish","type":"post","link":"https:\/\/www.europesays.com\/fr\/181884\/","title":{"rendered":"accident sur le tramway T6, le trafic en partie interrompu dans les Hauts-de-Seine"},"content":{"rendered":"<p>            Par<br \/>\n        <strong><br \/>\n            <a href=\"https:\/\/actu.fr\/auteur\/joel-nandjui\" title=\"Consulter tous les articles de Joel Nandjui\" rel=\"nofollow noopener\" target=\"_blank\">Joel Nandjui<\/a><br \/>\n        <\/strong><\/p>\n<p>        Publi\u00e9 le<\/p>\n<p>            16 juin 2025 \u00e0 20h25        <\/p>\n<p>La ligne de tram T6 est interrompue, ce lundi 16\u00a0juin 2025, \u00e0 la suite d\u2019un <strong>accident de la route<\/strong> qui a bloqu\u00e9 les voies au niveau du<strong> parc Andr\u00e9 Malraux \u00e0 Ch\u00e2tillon<\/strong> (<a href=\"https:\/\/actu.fr\/ile-de-france\/hauts-de-seine_92\" rel=\"nofollow noopener\" target=\"_blank\">Hauts-de-Seine<\/a>). L\u2019incident a entra\u00een\u00e9 l\u2019arr\u00eat du trafic entre les stations Ch\u00e2tillon \u2013 Montrouge et Division Leclerc, contraignant plusieurs tramways \u00e0 stationner sur les voies.<\/p>\n<p>La reprise du trafic est pr\u00e9vue dans la soir\u00e9e<\/p>\n<p class=\" wall-content\">Selon la RATP, la voiture en cause n\u2019aurait<strong> pas respect\u00e9 la signalisation<\/strong>. La <a href=\"https:\/\/actu.fr\/tag\/ratp\" rel=\"nofollow noopener\" target=\"_blank\">RATP<\/a> a annonc\u00e9 une reprise du trafic \u00e0 20\u2009h\u200930. Des bus de remplacement ont \u00e9t\u00e9 mis en place pour les usagers.<\/p>\n<p class=\" wall-content\">\n<p class=\" wall-content\">Suivez toute l\u2019actualit\u00e9 de vos villes et m\u00e9dias favoris en vous inscrivant \u00e0 <a href=\"https:\/\/moncompte.actu.fr\" title=\"D\u00e9couvez Mon Actu\" rel=\"nofollow noopener\" data-trk=\"{&quot;cta&quot;:{&quot;action&quot;:&quot;https:\\\/\\\/moncompte.actu.fr&quot;,&quot;category&quot;:&quot;mon compte&quot;,&quot;from&quot;:&quot;article footer&quot;,&quot;name&quot;:&quot;Mon actu&quot;,&quot;type&quot;:&quot;cta&quot;}}\" target=\"_blank\">Mon Actu<\/a>.<\/p>\n","protected":false},"excerpt":{"rendered":"Par Joel Nandjui Publi\u00e9 le 16 juin 2025 \u00e0 20h25 La ligne de tram T6 est interrompue, ce&hellip;\n","protected":false},"author":2,"featured_media":181885,"comment_status":"","ping_status":"","sticky":false,"template":"","format":"standard","meta":{"footnotes":""},"categories":[1888],"tags":[11,1777,674,1011,27,12,626,625,25,104],"class_list":{"0":"post-181884","1":"post","2":"type-post","3":"status-publish","4":"format-standard","5":"has-post-thumbnail","7":"category-paris","8":"tag-actualites","9":"tag-eu","10":"tag-europe","11":"tag-fr","12":"tag-france","13":"tag-news","14":"tag-paris","15":"tag-ratp","16":"tag-republique-francaise","17":"tag-societe"},"share_on_mastodon":{"url":"https:\/\/pubeurope.com\/@fr\/114695382194902062","error":""},"_links":{"self":[{"href":"https:\/\/www.europesays.com\/fr\/wp-json\/wp\/v2\/posts\/181884","targetHints":{"allow":["GET"]}}],"collection":[{"href":"https:\/\/www.europesays.com\/fr\/wp-json\/wp\/v2\/posts"}],"about":[{"href":"https:\/\/www.europesays.com\/fr\/wp-json\/wp\/v2\/types\/post"}],"author":[{"embeddable":true,"href":"https:\/\/www.europesays.com\/fr\/wp-json\/wp\/v2\/users\/2"}],"replies":[{"embeddable":true,"href":"https:\/\/www.europesays.com\/fr\/wp-json\/wp\/v2\/comments?post=181884"}],"version-history":[{"count":0,"href":"https:\/\/www.europesays.com\/fr\/wp-json\/wp\/v2\/posts\/181884\/revisions"}],"wp:featuredmedia":[{"embeddable":true,"href":"https:\/\/www.europesays.com\/fr\/wp-json\/wp\/v2\/media\/181885"}],"wp:attachment":[{"href":"https:\/\/www.europesays.com\/fr\/wp-json\/wp\/v2\/media?parent=181884"}],"wp:term":[{"taxonomy":"category","embeddable":true,"href":"https:\/\/www.europesays.com\/fr\/wp-json\/wp\/v2\/categories?post=181884"},{"taxonomy":"post_tag","embeddable":true,"href":"https:\/\/www.europesays.com\/fr\/wp-json\/wp\/v2\/tags?post=181884"}],"curies":[{"name":"wp","href":"https:\/\/api.w.org\/{rel}","templated":true}]}}