{"id":181904,"date":"2025-06-16T22:32:09","date_gmt":"2025-06-16T22:32:09","guid":{"rendered":"https:\/\/www.europesays.com\/fr\/181904\/"},"modified":"2025-06-16T22:32:09","modified_gmt":"2025-06-16T22:32:09","slug":"les-deputes-votent-pour-linterdiction-du-mariage-avec-un-etranger-en-situation-irreguliere","status":"publish","type":"post","link":"https:\/\/www.europesays.com\/fr\/181904\/","title":{"rendered":"les d\u00e9put\u00e9s votent pour l&rsquo;interdiction du mariage avec un \u00e9tranger en situation irr\u00e9guli\u00e8re"},"content":{"rendered":"<p>Soutenue par l\u2019UDR, le parti d\u2019\u00c9ric Ciotti, cette mesure vise notamment \u00e0 \u00e9pauler les maires, qui n\u2019avaient jusque-l\u00e0 aucun moyen de s\u2019opposer ce type d\u2019union.<\/p>\n<p class=\"fig-paragraph\">Les d\u00e9put\u00e9s ont vot\u00e9 lundi en commission pour interdire les mariages avec un \u00e9tranger en situation irr\u00e9guli\u00e8re, une proposition de loi s\u00e9natoriale, mise \u00e0 l&rsquo;agenda par le groupe ciottiste, et fustig\u00e9e par la gauche. En ouverture des d\u00e9bats le d\u00e9put\u00e9 UDR \u00c9ric Michoux a d\u00e9fendu une proposition de loi pour \u00abprot\u00e9ger les maires\u00bb qui deviendraient des \u00abcomplices involontaires d&rsquo;un tel d\u00e9tournement de la loi\u00bb, en pronon\u00e7ant ces mariages.<\/p>\n<p class=\"fig-paragraph\"><a href=\"http:\/\/www.lefigaro.fr\/politique\/mariage-d-un-etranger-en-situation-irreguliere-le-senat-vote-pour-son-interdiction-20250220\" data-fig-type=\"NewsFlash\" data-gtm-custom-categorie=\"navigation\" data-gtm-custom-action=\"crossclick\" data-gtm-custom-label=\"Contextuel\" data-gtm-event=\"customEventSPE\" data-fig-domain=\"LEFIGARO\" target=\"_blank\" rel=\"noopener\">Adopt\u00e9e au S\u00e9nat<\/a>\u00a0\u00e0 l&rsquo;initiative de St\u00e9phane Demilly (Union centriste), elle pr\u00e9voit principalement d&rsquo;interdire le mariage pour \u00abune personne s\u00e9journant de mani\u00e8re irr\u00e9guli\u00e8re sur le territoire national\u00bb. Le pr\u00e9sident de la R\u00e9publique Emmanuel Macron avait lui-m\u00eame appel\u00e9 \u00e0 ce que soit d\u00e9battue rapidement au Parlement une telle loi \u00e9voquant un \u00abd\u00e9bat de bon sens\u00bb, et le texte a aussi re\u00e7u le soutien des ministres de la Justice, G\u00e9rald Darmanin, et de l&rsquo;Int\u00e9rieur, Bruno Retailleau.<\/p>\n<p>Faire payer les d\u00e9tenus pour leur d\u00e9tention<\/p>\n<p class=\"fig-paragraph\">\u00c0 l\u2019inverse, les parlementaires de gauche ont pilonn\u00e9 la proposition de loi\u00a0: \u00abune nouvelle d\u00e9rive de la droite et de l&rsquo;extr\u00eame droite\u00bb pour la socialiste C\u00e9line Thi\u00e9bault-Martinez et un texte \u00abx\u00e9nophobe et liberticide\u00bb pour l&rsquo;\u00e9cologiste L\u00e9a Balage El Mariky. La macroniste Emmanuelle Hoffman (Ensemble pour la R\u00e9publique) a elle soulev\u00e9 un \u00abprobl\u00e8me majeur de constitutionnalit\u00e9\u00bb, et \u00abune censure certaine\u00bb\u00a0<a href=\"http:\/\/www.lefigaro.fr\/vox\/societe\/jean-eric-schoettl-sur-le-droit-au-mariage-des-etrangers-sous-oqtf-le-conseil-constitutionnel-au-pied-du-mur-20250219\" data-fig-type=\"Article\" data-gtm-custom-categorie=\"navigation\" data-gtm-custom-action=\"crossclick\" data-gtm-custom-label=\"Contextuel\" data-gtm-event=\"customEventSPE\" data-fig-domain=\"LEFIGARO\" target=\"_blank\" rel=\"noopener\">par le Conseil constitutionnel<\/a>, le d\u00e9put\u00e9 Horizons Jean Moulliere, appelant \u00e0 travailler la r\u00e9daction dans l&rsquo;h\u00e9micycle. Les R\u00e9publicains ont soutenu l&rsquo;initiative: \u00ables maires n&rsquo;ont aucun levier en cas de doute s\u00e9rieux pour suspendre ou refuser une union frauduleuse\u00bb, a argu\u00e9 \u00c9milie Bonnivard. Le texte sera examin\u00e9 dans l&rsquo;h\u00e9micycle de l&rsquo;Assembl\u00e9e nationale le 26 juin.<\/p>\n<p class=\"fig-paragraph\">En fin de journ\u00e9e les d\u00e9put\u00e9s ont aussi valid\u00e9 la contribution des d\u00e9tenus, &#8211; \u00abou les responsables l\u00e9gaux s\u2019il s\u2019agit de mineur\u00bb -,\u00a0<a href=\"http:\/\/www.lefigaro.fr\/flash-actu\/ils-doivent-contribuer-gerald-darmanin-souhaite-faire-payer-aux-prisonniers-des-frais-d-incarceration-20250428\" data-fig-type=\"NewsFlash\" data-gtm-custom-categorie=\"navigation\" data-gtm-custom-action=\"crossclick\" data-gtm-custom-label=\"Contextuel\" data-gtm-event=\"customEventSPE\" data-fig-domain=\"LEFIGARO\" target=\"_blank\" rel=\"noopener\">aux frais de leur d\u00e9tention<\/a>. Le montant, \u00abproportionnel\u00bb aux ressources, serait fix\u00e9 par d\u00e9cret, et \u00ab\u00e0 d\u00e9faut de revenus\u00bb, un pr\u00e9l\u00e8vement \u00absur tout type de ressources saisissables\u00bb ou la vente des biens du d\u00e9tenu serait possible.<\/p>\n<p class=\"fig-paragraph\">Guillaume Kasbarian (EPR) a critiqu\u00e9 un simple \u00absymbole\u00bb, en l\u2019absence de d\u00e9finition pr\u00e9cise des crit\u00e8res pour d\u00e9terminer le montant, se disant ouvert \u00e0 une contribution \u00abpr\u00e9cise et compatible avec la r\u00e9insertion\u00bb. \u00abLes d\u00e9tenus doivent contribuer au co\u00fbt de leur d\u00e9tention\u00bb, avait \u00e9galement jug\u00e9 fin avril G\u00e9rald Darmanin ministre de la Justice (Renaissance). \u00abPour les d\u00e9tenus la prison rime plut\u00f4t avec les punaises, la promiscuit\u00e9 et le d\u00e9sespoir\u00bb, a piqu\u00e9 Pouria Amirshahi (groupe \u00e9cologiste).<\/p>\n<p>\u00abRestaurer la fermet\u00e9 de la sanction p\u00e9nale\u00bb<\/p>\n<p class=\"fig-paragraph\">Dans un courrier aux parlementaires, la Contr\u00f4leure g\u00e9n\u00e9rale des lieux de privation de libert\u00e9 Dominique Simonnot a \u00e9galement tent\u00e9 de les dissuader. \u00abLa participation des personnes d\u00e9tenues aux frais de leur incarc\u00e9ration impactera directement l\u2019acquittement des dommages et int\u00e9r\u00eats dus aux victimes\u00bb, a-t-elle notamment avanc\u00e9, critiquant \u00e9galement le principe des \u00abpeines planchers\u00bb, qui n\u2019ont \u00abpas d\u00e9montr\u00e9 d\u2019effet significatif sur la baisse de la r\u00e9cidive\u00bb. En vain. Dans la soir\u00e9e les d\u00e9put\u00e9s\u00a0<a href=\"http:\/\/www.lefigaro.fr\/vox\/societe\/pourquoi-retablir-les-peines-planchers-ne-serait-pas-duffisant-20230313\" data-fig-type=\"Article\" data-gtm-custom-categorie=\"navigation\" data-gtm-custom-action=\"crossclick\" data-gtm-custom-label=\"Contextuel\" data-gtm-event=\"customEventSPE\" data-fig-domain=\"LEFIGARO\" target=\"_blank\" rel=\"noopener\">ont adopt\u00e9 l\u2019instauration<\/a>\u00a0de peines minimales d\u00e8s la premi\u00e8re infraction, sauf d\u00e9cision sp\u00e9cialement motiv\u00e9e d\u2019un juge, en cas de crimes ou d\u00e9lits contre les \u00abagents de la force publique (gendarmes, policiers, surveillants p\u00e9nitentiaires, etc&#8230;) et les pompiers\u00bb.<\/p>\n<p class=\"fig-paragraph\">Une fa\u00e7on de \u00abrestaurer la fermet\u00e9 de la sanction p\u00e9nale\u00bb, selon Brigitte Bar\u00e8ges (UDR). \u00abLes peines planchers ne sont pas seulement inefficaces mais pr\u00e9judiciables (&#8230;) 63% des personnes condamn\u00e9es \u00e0 de la prison ferme r\u00e9cidivent tous les cinq ans\u00bb, a r\u00e9torqu\u00e9 Elsa Faucillon (PCF). Dans l\u2019apr\u00e8s-midi, l\u2019UDR a toutefois \u00e9chou\u00e9 de peu \u00e0 faire adopter un autre texte tr\u00e8s comment\u00e9, interdisant l\u2019ex\u00e9cution imm\u00e9diate de peines d\u2019in\u00e9ligibilit\u00e9. La gauche et le bloc central d\u00e9non\u00e7ant une loi en r\u00e9action \u00e0 la condamnation de Marine Le Pen, dans l\u2019affaire des assistants d\u2019eurod\u00e9put\u00e9s FN, et dont elle a fait appel.<\/p>\n","protected":false},"excerpt":{"rendered":"Soutenue par l\u2019UDR, le parti d\u2019\u00c9ric Ciotti, cette mesure vise notamment \u00e0 \u00e9pauler les maires, qui n\u2019avaient jusque-l\u00e0&hellip;\n","protected":false},"author":2,"featured_media":181905,"comment_status":"","ping_status":"","sticky":false,"template":"","format":"standard","meta":{"footnotes":""},"categories":[2],"tags":[11,416,426,427,422,423,3331,1011,27,418,424,425,420,421,1930,12,419,316,429,25,428],"class_list":{"0":"post-181904","1":"post","2":"type-post","3":"status-publish","4":"format-standard","5":"has-post-thumbnail","7":"category-actualites","8":"tag-actualites","9":"tag-assemblee-nationale","10":"tag-candidat","11":"tag-candidats","12":"tag-depute","13":"tag-deputes","14":"tag-etrangers","15":"tag-fr","16":"tag-france","17":"tag-gouvernement","18":"tag-institution","19":"tag-institutions","20":"tag-loi","21":"tag-lois","22":"tag-mariage","23":"tag-news","24":"tag-opposition","25":"tag-politique","26":"tag-ps","27":"tag-republique-francaise","28":"tag-ump"},"share_on_mastodon":{"url":"https:\/\/pubeurope.com\/@fr\/114695421718744521","error":""},"_links":{"self":[{"href":"https:\/\/www.europesays.com\/fr\/wp-json\/wp\/v2\/posts\/181904","targetHints":{"allow":["GET"]}}],"collection":[{"href":"https:\/\/www.europesays.com\/fr\/wp-json\/wp\/v2\/posts"}],"about":[{"href":"https:\/\/www.europesays.com\/fr\/wp-json\/wp\/v2\/types\/post"}],"author":[{"embeddable":true,"href":"https:\/\/www.europesays.com\/fr\/wp-json\/wp\/v2\/users\/2"}],"replies":[{"embeddable":true,"href":"https:\/\/www.europesays.com\/fr\/wp-json\/wp\/v2\/comments?post=181904"}],"version-history":[{"count":0,"href":"https:\/\/www.europesays.com\/fr\/wp-json\/wp\/v2\/posts\/181904\/revisions"}],"wp:featuredmedia":[{"embeddable":true,"href":"https:\/\/www.europesays.com\/fr\/wp-json\/wp\/v2\/media\/181905"}],"wp:attachment":[{"href":"https:\/\/www.europesays.com\/fr\/wp-json\/wp\/v2\/media?parent=181904"}],"wp:term":[{"taxonomy":"category","embeddable":true,"href":"https:\/\/www.europesays.com\/fr\/wp-json\/wp\/v2\/categories?post=181904"},{"taxonomy":"post_tag","embeddable":true,"href":"https:\/\/www.europesays.com\/fr\/wp-json\/wp\/v2\/tags?post=181904"}],"curies":[{"name":"wp","href":"https:\/\/api.w.org\/{rel}","templated":true}]}}